{"id":191350,"date":"2008-02-08T01:12:44","date_gmt":"2008-02-08T01:12:44","guid":{"rendered":"http:\/\/diariodominicano.ddns.net\/?p=191350"},"modified":"2008-02-08T01:12:44","modified_gmt":"2008-02-08T01:12:44","slug":"udc-exhorta-a-comerciantes-respetar-leyes-y-pueblo-no-especulando-y-aumentando-precios-comestibles","status":"publish","type":"post","link":"https:\/\/diariodominicano.com\/?p=191350","title":{"rendered":"UDC exhorta a comerciantes respetar leyes y pueblo, no especulando y aumentando precios comestibles"},"content":{"rendered":"<p><body><\/p>\n<p align=\"justify\" class=\"titulogrande1\">UDC  exhorta a comerciantes respetar leyes y pueblo, no especulando y aumentando precios  comestibles<\/p>\n<p>&#13;<\/p>\n<p align=\"justify\" class=\"text1noticias\"><strong>Santo Domingo.- <\/strong>El Partido Uni\u00f3n Dem\u00f3crata Cristiana (UDC) pidi\u00f3 hoy a  los comerciantes, detallistas y mayoristas, que se apeguen a la ley, y dejen a  un lado la especulaci\u00f3n, el agiotismo y el\u00a0  aumentar en forma desproporcionada los art\u00edculos de primera necesidad.<\/p>\n<p>&#13;<\/p>\n<p align=\"justify\" class=\"text1noticias\">Luis Acosta Moreta, presidente de la UDC, se\u00f1al\u00f3 que corresponde a  las autoridades establecer un di\u00e1logo con los comerciantes, a fin de que los  art\u00edculos de gran consumo se vendan sin especulaci\u00f3n.<\/p>\n<p>&#13;<\/p>\n<p align=\"justify\" class=\"text1noticias\">Se\u00f1al\u00f3 que los alimentos que est\u00e1n incluidos dentro de  la canasta popular, tienen que ser protegidos, y no pueden ser aumentados en  forma antojadiza.<\/p>\n<p>&#13;<\/p>\n<p align=\"justify\" class=\"text1noticias\">Afirm\u00f3 que el Presidente Leonel Fern\u00e1ndez est\u00e1  ejecutando un amplio programa, mediante el cual garantiza que a la poblaci\u00f3n  van a llegar comestible de primer orden, a precios asequibles.<\/p>\n<p>&#13;<\/p>\n<p align=\"justify\" class=\"text1noticias\">Lament\u00f3 que en muchas ocasiones se de la situaci\u00f3n,  que debe ser corregida, de comerciantes que distribuyen alimentos, que los venden  a precios de oferta y demanda.<\/p>\n<p>&#13;<\/p>\n<p align=\"justify\" class=\"text1noticias\">Adujo que uno de los principales problemas est\u00e1 en los  barrios, donde en los colmados se vende al detalle, lo cual pone en peligro la  econom\u00eda popular dominicana.<\/p>\n<p>&#13;<\/p>\n<p align=\"justify\" class=\"text1noticias\">Afirm\u00f3 que el arroz, las habichuelas, los aceites y otros  ingredientes de la canasta familiar, tienen que ser protegidas en el acto, para  beneficio de las grandes masas nacionales.<\/p>\n<p>&#13;<\/p>\n<p align=\"justify\" class=\"text1noticias\">Adujo que hoy se trata de que haya alimentos buenos y  baratos que vayan dirigidos sobre todo para los que tienen un salario reducido,  y que deben mejorar sus condiciones de vida.<\/p>\n<p>&#13;<\/p>\n<p align=\"justify\" class=\"text1noticias\">Acosta Moreta pidi\u00f3 a los moradores de los barrios  populares que sean los primeros defensores de su econom\u00eda, y procedan a  denunciar a cualquier comerciante que altere los precios de los productos.<\/p>\n<p>&#13;<\/p>\n<p align=\"justify\" class=\"text1noticias\">Resalt\u00f3 que si desde el gobierno hay una posici\u00f3n  decidida de mejorar los niveles de vida de la poblaci\u00f3n, y que lleguen a su  mesa alimentos a precios reducidos, no se puede justificar la acci\u00f3n de  especuladores irresponsables.<\/p>\n<p>&#13;<\/p>\n<h6> 2008-02-08 01:12:44 <\/h6>\n<p><!--\n<link rel=\"stylesheet\" href=\"css\/bootstrap.min.css\">\n\n\n<ul class=\"pagination\">\n\t    \n\t\n\n<li >\n\t<a href='?page_no=34097'>Previous<\/a>\n\t<\/li>\n\n\n       \n    \n\n<li><a href='?page_no=1'>1<\/a><\/li>\n\n\n\n<li><a href='?page_no=2'>2<\/a><\/li>\n\n\n\n<li><a>...<\/a><\/li>\n\n\n\n<li><a href='?page_no=34096'>34096<\/a><\/li>\n\n\n\n<li><a href='?page_no=34097'>34097<\/a><\/li>\n\n\n\n<li class='active'><a>34098<\/a><\/li>\n\n\n\n<li><a href='?page_no=34099'>34099<\/a><\/li>\n\n\n\n<li><a href='?page_no=34100'>34100<\/a><\/li>\n\n\n\n<li><a>...<\/a><\/li>\n\n\n\n<li><a href='?page_no=36999'>36999<\/a><\/li>\n\n\n\n<li><a href='?page_no=37000'>37000<\/a><\/li>\n\n    \n\t\n\n<li >\n\t<a href='?page_no=34099'>Next<\/a>\n\t<\/li>\n\n\n    \n\n<li><a href='?page_no=37000'>Last &rsaquo;&rsaquo;<\/a><\/li>\n\n<\/ul>\n\n\n--><br \/>\n<\/body><\/p>\n","protected":false},"excerpt":{"rendered":"<p>UDC exhorta a comerciantes respetar leyes y pueblo, no especulando y aumentando precios comestibles &#13; Santo Domingo.- El Partido Uni\u00f3n Dem\u00f3crata Cristiana (UDC) pidi\u00f3 hoy a los comerciantes, detallistas y mayoristas, que se apeguen a la ley, y dejen a un lado la especulaci\u00f3n, el agiotismo y el\u00a0 aumentar en forma desproporcionada los art\u00edculos de [&hellip;]<\/p>\n","protected":false},"author":3,"featured_media":0,"comment_status":"open","ping_status":"open","sticky":false,"template":"","format":"standard","meta":{"footnotes":""},"categories":[22],"tags":[],"class_list":["post-191350","post","type-post","status-publish","format-standard","hentry","category-politica"],"_links":{"self":[{"href":"https:\/\/diariodominicano.com\/index.php?rest_route=\/wp\/v2\/posts\/191350","targetHints":{"allow":["GET"]}}],"collection":[{"href":"https:\/\/diariodominicano.com\/index.php?rest_route=\/wp\/v2\/posts"}],"about":[{"href":"https:\/\/diariodominicano.com\/index.php?rest_route=\/wp\/v2\/types\/post"}],"author":[{"embeddable":true,"href":"https:\/\/diariodominicano.com\/index.php?rest_route=\/wp\/v2\/users\/3"}],"replies":[{"embeddable":true,"href":"https:\/\/diariodominicano.com\/index.php?rest_route=%2Fwp%2Fv2%2Fcomments&post=191350"}],"version-history":[{"count":0,"href":"https:\/\/diariodominicano.com\/index.php?rest_route=\/wp\/v2\/posts\/191350\/revisions"}],"wp:attachment":[{"href":"https:\/\/diariodominicano.com\/index.php?rest_route=%2Fwp%2Fv2%2Fmedia&parent=191350"}],"wp:term":[{"taxonomy":"category","embeddable":true,"href":"https:\/\/diariodominicano.com\/index.php?rest_route=%2Fwp%2Fv2%2Fcategories&post=191350"},{"taxonomy":"post_tag","embeddable":true,"href":"https:\/\/diariodominicano.com\/index.php?rest_route=%2Fwp%2Fv2%2Ftags&post=191350"}],"curies":[{"name":"wp","href":"https:\/\/api.w.org\/{rel}","templated":true}]}}