{"id":191349,"date":"2008-02-08T01:16:12","date_gmt":"2008-02-08T01:16:12","guid":{"rendered":"http:\/\/diariodominicano.ddns.net\/?p=191349"},"modified":"2008-02-08T01:16:12","modified_gmt":"2008-02-08T01:16:12","slug":"candelier-condena-lenguaje-vulgar-de-campana","status":"publish","type":"post","link":"https:\/\/diariodominicano.com\/?p=191349","title":{"rendered":"Candelier condena lenguaje vulgar de campa\u00f1a"},"content":{"rendered":"<p><body><\/p>\n<p class=\"titulogrande1\">Candelier  condena lenguaje vulgar de campa\u00f1a<\/p>\n<p>&#13;<\/p>\n<p align=\"justify\" class=\"text1noticias\"><strong>Santo Domingo.-<\/strong> El candidato  presidencial del Partido Alianza Popular Pedro de Jes\u00fas Candelier, condeno el  lenguaje de campa\u00f1a utilizan que utilizan los candidatos de los partidos mayoritarios  y descalifico la convocatoria para un encuentro entre los candidatos.<br \/>&#13;<br \/>\n  \u00a0<br \/>&#13;<br \/>\n  La Junta Central Electoral, sectores de la Iglesia y de a Sociedad  Civil han estado promoviendo\u00a0 un  encuentro entre los candidatos para regular el lenguaje vulgar de los partidos  mayoritarios \u00abnosotros creemos que es una perdida de tiempo, pues la misma  JCE ha manifestado su incapacidad y competencia para regular el pleito de  perros y gatos que escenifican\u00a0 los  candidatos de los partidos mayoritarios\u00bb afirm\u00f3.<br \/>&#13;<br \/>\n  \u00a0<br \/>&#13;<br \/>\n  Dijo que la historia de la  violencia electoral no es nueva entre los partidos tradicionales y que esta  llena de conflictos y de sangre \u00bb es un lucha clientelista sustentada por  una pol\u00edtica de tr\u00e1nsfugas que lo llevan a la confrontaci\u00f3n directa ante\u00a0 la posibilidad de un puesto de trabajo en la  administraci\u00f3n p\u00fablica\u00bb<br \/>&#13;<br \/>\n  \u00a0<br \/>&#13;<br \/>\n  Agreg\u00f3 que \u00abes una burla  a la pobreza de nuestro pueblo, mientras los altos funcionarios del gobierno y  los altos dirigentes de los partidos de la oposicion se insultan en los  estractos mas pobres de la poblacion se matan llevan la violencia a un punta mas  extremo ,\u00bb. <br \/>&#13;<br \/>\n  \u00a0<br \/>&#13;<br \/>\n  Candelier habl\u00f3 en una rueda  de prensa en la cuidad de Nueva York acompa\u00f1ado por varios de sus mas destacados  dirigentes en esa cuidad norteamericana. <br \/>&#13;<br \/>\n  \u00a0<br \/>&#13;<br \/>\n  Mas que aun encuentro entre  candidatos para moderar el lengua entre los candidatos del sistema \u00bb se  deberia invitar a las autoridades de Ministerio Publico, a tomar declaraciones  y nombrar comisiones de fiscales para que sean investigadas las acusaciones de  lavado de il\u00edcitos y de complicidades del gobierno con sectores del  narcotr\u00e1fico internacional\u00bb propuso el general Candelier.<\/p>\n<p>&#13;<\/p>\n<h6> 2008-02-08 01:16:12 <\/h6>\n<p><!--\n<link rel=\"stylesheet\" href=\"css\/bootstrap.min.css\">\n\n\n<ul class=\"pagination\">\n\t    \n\t\n\n<li >\n\t<a href='?page_no=34096'>Previous<\/a>\n\t<\/li>\n\n\n       \n    \n\n<li><a href='?page_no=1'>1<\/a><\/li>\n\n\n\n<li><a href='?page_no=2'>2<\/a><\/li>\n\n\n\n<li><a>...<\/a><\/li>\n\n\n\n<li><a href='?page_no=34095'>34095<\/a><\/li>\n\n\n\n<li><a href='?page_no=34096'>34096<\/a><\/li>\n\n\n\n<li class='active'><a>34097<\/a><\/li>\n\n\n\n<li><a href='?page_no=34098'>34098<\/a><\/li>\n\n\n\n<li><a href='?page_no=34099'>34099<\/a><\/li>\n\n\n\n<li><a>...<\/a><\/li>\n\n\n\n<li><a href='?page_no=36999'>36999<\/a><\/li>\n\n\n\n<li><a href='?page_no=37000'>37000<\/a><\/li>\n\n    \n\t\n\n<li >\n\t<a href='?page_no=34098'>Next<\/a>\n\t<\/li>\n\n\n    \n\n<li><a href='?page_no=37000'>Last &rsaquo;&rsaquo;<\/a><\/li>\n\n<\/ul>\n\n\n--><br \/>\n<\/body><\/p>\n","protected":false},"excerpt":{"rendered":"<p>Candelier condena lenguaje vulgar de campa\u00f1a &#13; Santo Domingo.- El candidato presidencial del Partido Alianza Popular Pedro de Jes\u00fas Candelier, condeno el lenguaje de campa\u00f1a utilizan que utilizan los candidatos de los partidos mayoritarios y descalifico la convocatoria para un encuentro entre los candidatos.&#13; \u00a0&#13; La Junta Central Electoral, sectores de la Iglesia y de [&hellip;]<\/p>\n","protected":false},"author":3,"featured_media":0,"comment_status":"open","ping_status":"open","sticky":false,"template":"","format":"standard","meta":{"footnotes":""},"categories":[22],"tags":[],"class_list":["post-191349","post","type-post","status-publish","format-standard","hentry","category-politica"],"_links":{"self":[{"href":"https:\/\/diariodominicano.com\/index.php?rest_route=\/wp\/v2\/posts\/191349","targetHints":{"allow":["GET"]}}],"collection":[{"href":"https:\/\/diariodominicano.com\/index.php?rest_route=\/wp\/v2\/posts"}],"about":[{"href":"https:\/\/diariodominicano.com\/index.php?rest_route=\/wp\/v2\/types\/post"}],"author":[{"embeddable":true,"href":"https:\/\/diariodominicano.com\/index.php?rest_route=\/wp\/v2\/users\/3"}],"replies":[{"embeddable":true,"href":"https:\/\/diariodominicano.com\/index.php?rest_route=%2Fwp%2Fv2%2Fcomments&post=191349"}],"version-history":[{"count":0,"href":"https:\/\/diariodominicano.com\/index.php?rest_route=\/wp\/v2\/posts\/191349\/revisions"}],"wp:attachment":[{"href":"https:\/\/diariodominicano.com\/index.php?rest_route=%2Fwp%2Fv2%2Fmedia&parent=191349"}],"wp:term":[{"taxonomy":"category","embeddable":true,"href":"https:\/\/diariodominicano.com\/index.php?rest_route=%2Fwp%2Fv2%2Fcategories&post=191349"},{"taxonomy":"post_tag","embeddable":true,"href":"https:\/\/diariodominicano.com\/index.php?rest_route=%2Fwp%2Fv2%2Ftags&post=191349"}],"curies":[{"name":"wp","href":"https:\/\/api.w.org\/{rel}","templated":true}]}}