{"id":191348,"date":"2008-02-08T03:48:43","date_gmt":"2008-02-08T03:48:43","guid":{"rendered":"http:\/\/diariodominicano.ddns.net\/?p=191348"},"modified":"2008-02-08T03:48:43","modified_gmt":"2008-02-08T03:48:43","slug":"perredeistas-los-alcarrizos-apoyan-a-leonel","status":"publish","type":"post","link":"https:\/\/diariodominicano.com\/?p=191348","title":{"rendered":"Perrede\u00edstas Los Alcarrizos apoyan a Leonel"},"content":{"rendered":"<p><body><\/p>\n<p class=\"titulogrande1\">Perredeistas Los Alcarrizos apoyan a Leonel<\/p>\n<p>&#13;<\/p>\n<p align=\"justify\" class=\"text1noticias\"><strong><img loading=\"lazy\" decoding=\"async\" src=\"http:\/\/localhost:8080\/pictures\/pld alcarrizos.jpg\" width=\"269\" height=\"372\" hspace=\"4\" align=\"left\" \/>SANTO DOMINGO.-<\/strong> M\u00e1s 600 dirigentes y militantes del Partido  Revolucionario Dominicano (PRD) \u00a0de Los  Alcarrizos anunciaron anoche su renuncia del partido blanco, para apoyar la candidatura del doctor Leonel Fern\u00e1ndez, del Partido de la Liberaci\u00f3n Dominicana  (PLD).<br \/>&#13;<br \/>\n  <br \/>&#13;<br \/>\n  La agrupaci\u00f3n que formaron se llama Movimiento Municipal Acci\u00f3n y Lucha de Los Alcarrizos (MOMUAL), bajo la  coordinaci\u00f3n de Jos\u00e9 Guillermo Disla.<br \/>&#13;<br \/>\n  <br \/>&#13;<br \/>\n  El acto estuvo encabezado por los miembros del Comit\u00e9 Pol\u00edtico del PLD  Alma Fern\u00e1ndez y Radhames Seguras, as\u00ed como por el director de Comunicaci\u00f3n del  Comit\u00e9 Nacional de Compa\u00f1a, Rafael N\u00fa\u00f1ez. <br \/>&#13;<br \/>\n  <br \/>&#13;<br \/>\n  Jos\u00e9 Guillermo Disla, coordinador general MOMUAL, expres\u00f3 que tomaron la  decisi\u00f3n de apoyar la candidatura del doctor Fern\u00e1ndez de manera sincera, por  entender que es una necesidad preservar en el poder \u201ca ese pro hombre que es el  Presidente Fern\u00e1ndez\u201d.<br \/>&#13;<br \/>\n  <br \/>&#13;<br \/>\n  Manifest\u00f3 que Fern\u00e1ndez \u201ces un hombre que har\u00e1 historia como l\u00edder pol\u00edtico  en Republica Dominicana y el mundo\u201d.<br \/>&#13;<br \/>\n  <br \/>&#13;<br \/>\n  Afirm\u00f3 que el PRD es una organizaci\u00f3n que ya cumpli\u00f3 su ciclo hist\u00f3rico  y\u00a0 tampoco representa la esperanza  nacional ni las libertades del pa\u00eds.<br \/>&#13;<br \/>\n  <br \/>&#13;<br \/>\n\u201cEn estos momentos en el pa\u00eds hay un s\u00f3lo l\u00edder y ese es Leonel  Fern\u00e1ndez\u201d, \u00a0afirm\u00f3 emocionado.<br \/>&#13;<br \/>\n<br \/>&#13;<br \/>\nDijo que el pueblo dominicano debe trazar una l\u00ednea como la de Pizarro, \u00a0porque \u201cen el PRD est\u00e1n los traidores,  mientras que el PLD est\u00e1 integrado por\u00a0  hombres y mujeres sensibles, eficientes y comprometidos con los ideales  de desarrollo y bienestar del pueblo dominicano\u201d.<br \/>&#13;<br \/>\n<br \/>&#13;<br \/>\nInst\u00f3 a los integrantes del movimiento a trabajar con tens\u00f3n y sin  descanso junto al PLD para garantizar un nuevo mandato del doctor Fern\u00e1ndez, a  quien consider\u00f3 la \u00fanica persona que garantiza los ideales de los padres de la Patria y del extinto l\u00edder  Juan Bosch. <br \/>&#13;<br \/>\n<br \/>&#13;<br \/>\nEn tanto que V\u00edctor Concepci\u00f3n, encargado de organizaci\u00f3n del  movimiento, dijo que los hombres y mujeres \u00a0que integran la entidad trabajar\u00e1n sin  descanso para que Fern\u00e1ndez salga triunfador en la primera vuelta.<br \/>&#13;<br \/>\n<br \/>&#13;<br \/>\nDestac\u00f3 que el que Fern\u00e1ndez sigua dirigiendo los destinos del Estado es  lo mejor que le puede pasar al pa\u00eds.<br \/>&#13;<br \/>\n<br \/>&#13;<br \/>\nIndic\u00f3 que despu\u00e9s de los tres grandes lideres, Juan Bosch, Joaqu\u00edn  Balaguer y Jos\u00e9 Francisco Pe\u00f1a G\u00f3mez, Fern\u00e1ndez es el \u00fanico l\u00edder, \u201cla \u00fanica  estrella que en la pol\u00edtica dominicana brilla con luz propia\u201d.<br \/>&#13;<br \/>\n<br \/>&#13;<br \/>\nExpres\u00f3 adem\u00e1s que el 16 de mayo \u201cles daremos un nocaut a los  perredeista en la primera vuelta\u201d.<br \/>&#13;<br \/>\n<br \/>&#13;<br \/>\nEl juramento a los integrantes de MOMUAL le fue tomado por Radham\u00e9s  Segura, coordinador de la campa\u00f1a del PLD en la provincia Santo Domingo.<br \/>&#13;<br \/>\n<br \/>&#13;<br \/>\nMientras que \u00a0Alma Fern\u00e1ndez  expres\u00f3 que con el ingreso de los m\u00e1s de 600 dirigentes y militantes  perredeistas se fortalece la idea de que\u00a0  Fern\u00e1ndez ganar\u00e1 en la primera vuelta para que el pa\u00eds tenga cuatro a\u00f1os  m\u00e1s de progreso, bienestar y modernidad.<br \/>&#13;<br \/>\n<br \/>&#13;<br \/>\nManifest\u00f3 que esos dirigentes se han unido a miles de dominicanos que  aspiran a que Fern\u00e1ndez sigua en el  poder para garantizar que el pa\u00eds continu\u00e9 por el camino del progreso y la  modernidad.<br \/>&#13;<br \/>\n<br \/>&#13;<br \/>\nEn la actividad tambi\u00e9n habl\u00f3 Rafael N\u00fa\u00f1ez, quien dijo que Fern\u00e1ndez es  un fen\u00f3meno en todo el pa\u00eds, con el desgarramiento de ex dirigentes del PRD que  han pasado al PLD a apoyar su candidatura.<br \/>&#13;<br \/>\n<br \/>&#13;<br \/>\nSe\u00f1al\u00f3 que eso desgarramiento del PRD se debe a que esa organizaci\u00f3n a  sus dirigentes s\u00f3lo los ha humillado y vejado, y nunca han tenido la  oportunidad de crecimiento, contrario al PLD donde encontrar\u00e1n apoyo para su  desarrollo y bienestar.<br \/>&#13;<br \/>\n<br \/>&#13;<br \/>\n\u201cCon el apoyo de todos ustedes, hombres, mujeres y j\u00f3venes de MOMUAL  vamos a derrotar el 16 de mayo al PRD para que el pa\u00eds no vuelva al retroceso\u201d,  agreg\u00f3.<\/p>\n<p>&#13;<\/p>\n<h6> 2008-02-08 03:48:43 <\/h6>\n<p><!--\n<link rel=\"stylesheet\" href=\"css\/bootstrap.min.css\">\n\n\n<ul class=\"pagination\">\n\t    \n\t\n\n<li >\n\t<a href='?page_no=34095'>Previous<\/a>\n\t<\/li>\n\n\n       \n    \n\n<li><a href='?page_no=1'>1<\/a><\/li>\n\n\n\n<li><a href='?page_no=2'>2<\/a><\/li>\n\n\n\n<li><a>...<\/a><\/li>\n\n\n\n<li><a href='?page_no=34094'>34094<\/a><\/li>\n\n\n\n<li><a href='?page_no=34095'>34095<\/a><\/li>\n\n\n\n<li class='active'><a>34096<\/a><\/li>\n\n\n\n<li><a href='?page_no=34097'>34097<\/a><\/li>\n\n\n\n<li><a href='?page_no=34098'>34098<\/a><\/li>\n\n\n\n<li><a>...<\/a><\/li>\n\n\n\n<li><a href='?page_no=36999'>36999<\/a><\/li>\n\n\n\n<li><a href='?page_no=37000'>37000<\/a><\/li>\n\n    \n\t\n\n<li >\n\t<a href='?page_no=34097'>Next<\/a>\n\t<\/li>\n\n\n    \n\n<li><a href='?page_no=37000'>Last &rsaquo;&rsaquo;<\/a><\/li>\n\n<\/ul>\n\n\n--><br \/>\n<\/body><\/p>\n","protected":false},"excerpt":{"rendered":"<p>Perredeistas Los Alcarrizos apoyan a Leonel &#13; SANTO DOMINGO.- M\u00e1s 600 dirigentes y militantes del Partido Revolucionario Dominicano (PRD) \u00a0de Los Alcarrizos anunciaron anoche su renuncia del partido blanco, para apoyar la candidatura del doctor Leonel Fern\u00e1ndez, del Partido de la Liberaci\u00f3n Dominicana (PLD).&#13; &#13; La agrupaci\u00f3n que formaron se llama Movimiento Municipal Acci\u00f3n y [&hellip;]<\/p>\n","protected":false},"author":3,"featured_media":0,"comment_status":"open","ping_status":"open","sticky":false,"template":"","format":"standard","meta":{"footnotes":""},"categories":[22],"tags":[],"class_list":["post-191348","post","type-post","status-publish","format-standard","hentry","category-politica"],"_links":{"self":[{"href":"https:\/\/diariodominicano.com\/index.php?rest_route=\/wp\/v2\/posts\/191348","targetHints":{"allow":["GET"]}}],"collection":[{"href":"https:\/\/diariodominicano.com\/index.php?rest_route=\/wp\/v2\/posts"}],"about":[{"href":"https:\/\/diariodominicano.com\/index.php?rest_route=\/wp\/v2\/types\/post"}],"author":[{"embeddable":true,"href":"https:\/\/diariodominicano.com\/index.php?rest_route=\/wp\/v2\/users\/3"}],"replies":[{"embeddable":true,"href":"https:\/\/diariodominicano.com\/index.php?rest_route=%2Fwp%2Fv2%2Fcomments&post=191348"}],"version-history":[{"count":0,"href":"https:\/\/diariodominicano.com\/index.php?rest_route=\/wp\/v2\/posts\/191348\/revisions"}],"wp:attachment":[{"href":"https:\/\/diariodominicano.com\/index.php?rest_route=%2Fwp%2Fv2%2Fmedia&parent=191348"}],"wp:term":[{"taxonomy":"category","embeddable":true,"href":"https:\/\/diariodominicano.com\/index.php?rest_route=%2Fwp%2Fv2%2Fcategories&post=191348"},{"taxonomy":"post_tag","embeddable":true,"href":"https:\/\/diariodominicano.com\/index.php?rest_route=%2Fwp%2Fv2%2Ftags&post=191348"}],"curies":[{"name":"wp","href":"https:\/\/api.w.org\/{rel}","templated":true}]}}