{"id":191347,"date":"2008-02-09T00:00:09","date_gmt":"2008-02-09T00:00:09","guid":{"rendered":"http:\/\/diariodominicano.ddns.net\/?p=191347"},"modified":"2008-02-09T00:00:09","modified_gmt":"2008-02-09T00:00:09","slug":"aristy-castro-dice-garantizara-los-derechos-ciudadanos","status":"publish","type":"post","link":"https:\/\/diariodominicano.com\/?p=191347","title":{"rendered":"Aristy Castro dice garantizar\u00e1 los derechos ciudadanos"},"content":{"rendered":"<p><body><\/p>\n<p class=\"titulogrande1\">Aristy  Castro dice garantizar\u00e1 los derechos ciudadanos<\/p>\n<p>&#13;<\/p>\n<p align=\"justify\" class=\"text1noticias\"><strong><img loading=\"lazy\" decoding=\"async\" src=\"http:\/\/localhost:8080\/pictures\/amable promete 1.jpg\" width=\"269\" height=\"179\" hspace=\"4\" align=\"left\" \/>Santo  Domingo.-<\/strong> El candidato presidencial del PRSC, Amable Aristy Castro  consider\u00f3\u00a0 que el gobierno que \u00a0encabezar\u00eda si gana las elecciones,  garantizar\u00e1 el cumplimiento de los derechos ciudadanos as\u00ed como el respeto  absoluto a la constituci\u00f3n y las leyes que norman la Republica Dominicana.\u00a0<br \/>&#13;<br \/>\n  <br \/>&#13;<br \/>\n  Dijo  que \u201csin el buen cumplimiento de las leyes es imposible vivir en una sociedad  en democracia\u201d.<br \/>&#13;<br \/>\n  <br \/>&#13;<br \/>\n  Aristy  Castro ofreci\u00f3 sus declaraciones a la prensa al asistir a una tertulia  organizada por el general \u00ae Jos\u00e9 Miguel Soto Jim\u00e9nez en la Fundaci\u00f3n Quinta  Rep\u00fablica la cual el dirige. \u00a0<br \/>&#13;<br \/>\n  <br \/>&#13;<br \/>\n  Aristy  Castro pidi\u00f3 a los dem\u00e1s candidatos a que cumplan con el pacto que solicita la Junta Central  Electoral en el sentido de bajar el tono de acusaciones y contraacusaciones y  las agresiones verbales.<br \/>&#13;<br \/>\n  <br \/>&#13;<br \/>\n  \u201cEspero que no solo lo hagan por escrito, sino  que cumplan su palabra de hombre y que honren sus compromisos, que hagan como  nosotros en el PRSC que llevamos una campa\u00f1a de propuestas y soluciones  ayudando a los m\u00e1s necesitados\u201d.\u00a0<br \/>&#13;<br \/>\n  <br \/>&#13;<br \/>\n  Dijo  que los comerciantes del pa\u00eds est\u00e1n desesperados por la inseguridad que  prevalece, por lo que se han estado a punto de desaparecer \u201clos comerciantes de  aqu\u00ed quieren paz, para que sus negocios prosperen\u201d.\u00a0<br \/>&#13;<br \/>\n  <br \/>&#13;<br \/>\n  Sugiri\u00f3  al gobierno abocarse a un verdadero plan de austeridad, tras se\u00f1alar el hecho  de que desde all\u00ed se gastan quince mil millones tan solo en publicidad, con la  intenci\u00f3n de comprar la conciencia de personas.<br \/>&#13;<br \/>\n  <br \/>&#13;<br \/>\n  El aspirante a la presidencia fue el orador central de la 56 tertulia que  organiza la Fundaci\u00f3n   Quinta Republica con los candidatos presidenciales y  personalidades del pa\u00eds.\u00a0<br \/>&#13;<br \/>\n  <br \/>&#13;<br \/>\n  Aprovech\u00f3  la ocasi\u00f3n para recordar los gobiernos del doctor Balaguer, en los cuales se  priorizaban desde el gobierno las cosas que beneficiaran a las grandes mayor\u00edas  y no solo a unos pocos como el Metro de Santo Domingo, obra considerada no  oportuna ni prioritaria en la que se esta haciendo una inversi\u00f3n superior al  monto presupuestal de diez secretarias de estado y eso sencillamente es  bochornoso y abusivo para los pobres de nuestra naci\u00f3n que ven la obra como un  capricho personal del presidente.<\/p>\n<p>&#13;<\/p>\n<h6> 2008-02-09 00:00:09 <\/h6>\n<p><!--\n<link rel=\"stylesheet\" href=\"css\/bootstrap.min.css\">\n\n\n<ul class=\"pagination\">\n\t    \n\t\n\n<li >\n\t<a href='?page_no=34094'>Previous<\/a>\n\t<\/li>\n\n\n       \n    \n\n<li><a href='?page_no=1'>1<\/a><\/li>\n\n\n\n<li><a href='?page_no=2'>2<\/a><\/li>\n\n\n\n<li><a>...<\/a><\/li>\n\n\n\n<li><a href='?page_no=34093'>34093<\/a><\/li>\n\n\n\n<li><a href='?page_no=34094'>34094<\/a><\/li>\n\n\n\n<li class='active'><a>34095<\/a><\/li>\n\n\n\n<li><a href='?page_no=34096'>34096<\/a><\/li>\n\n\n\n<li><a href='?page_no=34097'>34097<\/a><\/li>\n\n\n\n<li><a>...<\/a><\/li>\n\n\n\n<li><a href='?page_no=36999'>36999<\/a><\/li>\n\n\n\n<li><a href='?page_no=37000'>37000<\/a><\/li>\n\n    \n\t\n\n<li >\n\t<a href='?page_no=34096'>Next<\/a>\n\t<\/li>\n\n\n    \n\n<li><a href='?page_no=37000'>Last &rsaquo;&rsaquo;<\/a><\/li>\n\n<\/ul>\n\n\n--><br \/>\n<\/body><\/p>\n","protected":false},"excerpt":{"rendered":"<p>Aristy Castro dice garantizar\u00e1 los derechos ciudadanos &#13; Santo Domingo.- El candidato presidencial del PRSC, Amable Aristy Castro consider\u00f3\u00a0 que el gobierno que \u00a0encabezar\u00eda si gana las elecciones, garantizar\u00e1 el cumplimiento de los derechos ciudadanos as\u00ed como el respeto absoluto a la constituci\u00f3n y las leyes que norman la Republica Dominicana.\u00a0&#13; &#13; Dijo que \u201csin [&hellip;]<\/p>\n","protected":false},"author":3,"featured_media":0,"comment_status":"open","ping_status":"open","sticky":false,"template":"","format":"standard","meta":{"footnotes":""},"categories":[22],"tags":[],"class_list":["post-191347","post","type-post","status-publish","format-standard","hentry","category-politica"],"_links":{"self":[{"href":"https:\/\/diariodominicano.com\/index.php?rest_route=\/wp\/v2\/posts\/191347","targetHints":{"allow":["GET"]}}],"collection":[{"href":"https:\/\/diariodominicano.com\/index.php?rest_route=\/wp\/v2\/posts"}],"about":[{"href":"https:\/\/diariodominicano.com\/index.php?rest_route=\/wp\/v2\/types\/post"}],"author":[{"embeddable":true,"href":"https:\/\/diariodominicano.com\/index.php?rest_route=\/wp\/v2\/users\/3"}],"replies":[{"embeddable":true,"href":"https:\/\/diariodominicano.com\/index.php?rest_route=%2Fwp%2Fv2%2Fcomments&post=191347"}],"version-history":[{"count":0,"href":"https:\/\/diariodominicano.com\/index.php?rest_route=\/wp\/v2\/posts\/191347\/revisions"}],"wp:attachment":[{"href":"https:\/\/diariodominicano.com\/index.php?rest_route=%2Fwp%2Fv2%2Fmedia&parent=191347"}],"wp:term":[{"taxonomy":"category","embeddable":true,"href":"https:\/\/diariodominicano.com\/index.php?rest_route=%2Fwp%2Fv2%2Fcategories&post=191347"},{"taxonomy":"post_tag","embeddable":true,"href":"https:\/\/diariodominicano.com\/index.php?rest_route=%2Fwp%2Fv2%2Ftags&post=191347"}],"curies":[{"name":"wp","href":"https:\/\/api.w.org\/{rel}","templated":true}]}}