{"id":191346,"date":"2008-02-09T02:08:05","date_gmt":"2008-02-09T02:08:05","guid":{"rendered":"http:\/\/diariodominicano.ddns.net\/?p=191346"},"modified":"2008-02-09T02:08:05","modified_gmt":"2008-02-09T02:08:05","slug":"agenda-politica-del-fin-de-semana","status":"publish","type":"post","link":"https:\/\/diariodominicano.com\/?p=191346","title":{"rendered":"Agenda pol\u00edtica del fin de semana"},"content":{"rendered":"<p><body><\/p>\n<p class=\"titulogrande1\">Agenda  pol\u00edtica del fin de semana<\/p>\n<p>&#13;<\/p>\n<p align=\"justify\" class=\"text1noticias\"><strong>Santo Domingo.- <\/strong>Los aspirantes  a la nominaci\u00f3n presidencial y los dem\u00e1s partidos pol\u00edticos dieron a conocer \u00a0sus recorridos por todo el pa\u00eds en \u00a0el fin de semana, busca de simpat\u00edas a favor  las elecciones del pr\u00f3ximo 16 de mayo. <\/p>\n<p>&#13;<\/p>\n<p align=\"justify\" class=\"text1noticias\">El presidente Leonel  Fern\u00e1ndez estar\u00e1 inaugurando obra y participar\u00e1 en recorridos proselitistas  desde este viernes hasta el domingo en los pueblos de Boca Chica, Santo  Domingo, San Pedro de Macor\u00eds, La   Romana, Hato Mayor, El Seybo e Higuey.<\/p>\n<p>&#13;<\/p>\n<p align=\"justify\" class=\"text1noticias\">Mientras el Comando Nacional  de Campa\u00f1a del Partido Revolucionario Dominicano (PRD) anunci\u00f3 \u00a0que visitar\u00e1 casa por casa a cada uno de los  votantes con el prop\u00f3sito de conquistar simpat\u00edas a favor de Miguel Vargas  Maldonado.<\/p>\n<p>&#13;<\/p>\n<p align=\"justify\" class=\"text1noticias\">Alfredo Pacheco, Director  Electoral, dijo que la jornada\u00a0 iniciar\u00e1  este fin de semana, de forma simultanea, en Distrito Nacional, Santo Domingo,  San Crist\u00f3bal y las dem\u00e1s provincias del Sur del Pa\u00eds.<\/p>\n<p>&#13;<\/p>\n<p align=\"justify\" class=\"text1noticias\">El dirigente perredeista  indic\u00f3 que la jornada ser\u00e1 encabezada por\u00a0  Vargas Maldonado en un acto ha celebrarse en el colegio San Juan  Bautista este s\u00e1bado, a las 8:00 a.m.<\/p>\n<p>&#13;<\/p>\n<p align=\"justify\" class=\"text1noticias\">Dijo adem\u00e1s que el aspirante  presidencial del PRD, Miguel Vargas Maldonado, estar\u00e1 en Cotu\u00ed, Las Matas y  Fantino.<\/p>\n<p>&#13;<\/p>\n<p align=\"justify\" class=\"text1noticias\">Asimismo el candidato del  Partido Reformista Social Cristiano (PRSC), Amable Aristy Castro, realizar\u00e1 un  recorrido por algunas localidades de la regi\u00f3n Este del pa\u00eds donde compartir\u00e1  con sus electores. <\/p>\n<p>&#13;<\/p>\n<p align=\"justify\" class=\"text1noticias\">Y el candidato de la Cuarta V\u00eda, Eduardo  Estrella estar\u00e1 encabezando un mano a mano con los ciudadanos de la ciudad de  Santiago.\u00a0 <\/p>\n<p>&#13;<\/p>\n<h6> 2008-02-09 02:08:05 <\/h6>\n<p><!--\n<link rel=\"stylesheet\" href=\"css\/bootstrap.min.css\">\n\n\n<ul class=\"pagination\">\n\t    \n\t\n\n<li >\n\t<a href='?page_no=34093'>Previous<\/a>\n\t<\/li>\n\n\n       \n    \n\n<li><a href='?page_no=1'>1<\/a><\/li>\n\n\n\n<li><a href='?page_no=2'>2<\/a><\/li>\n\n\n\n<li><a>...<\/a><\/li>\n\n\n\n<li><a href='?page_no=34092'>34092<\/a><\/li>\n\n\n\n<li><a href='?page_no=34093'>34093<\/a><\/li>\n\n\n\n<li class='active'><a>34094<\/a><\/li>\n\n\n\n<li><a href='?page_no=34095'>34095<\/a><\/li>\n\n\n\n<li><a href='?page_no=34096'>34096<\/a><\/li>\n\n\n\n<li><a>...<\/a><\/li>\n\n\n\n<li><a href='?page_no=36999'>36999<\/a><\/li>\n\n\n\n<li><a href='?page_no=37000'>37000<\/a><\/li>\n\n    \n\t\n\n<li >\n\t<a href='?page_no=34095'>Next<\/a>\n\t<\/li>\n\n\n    \n\n<li><a href='?page_no=37000'>Last &rsaquo;&rsaquo;<\/a><\/li>\n\n<\/ul>\n\n\n--><br \/>\n<\/body><\/p>\n","protected":false},"excerpt":{"rendered":"<p>Agenda pol\u00edtica del fin de semana &#13; Santo Domingo.- Los aspirantes a la nominaci\u00f3n presidencial y los dem\u00e1s partidos pol\u00edticos dieron a conocer \u00a0sus recorridos por todo el pa\u00eds en \u00a0el fin de semana, busca de simpat\u00edas a favor las elecciones del pr\u00f3ximo 16 de mayo. &#13; El presidente Leonel Fern\u00e1ndez estar\u00e1 inaugurando obra y [&hellip;]<\/p>\n","protected":false},"author":3,"featured_media":0,"comment_status":"open","ping_status":"open","sticky":false,"template":"","format":"standard","meta":{"footnotes":""},"categories":[22],"tags":[],"class_list":["post-191346","post","type-post","status-publish","format-standard","hentry","category-politica"],"_links":{"self":[{"href":"https:\/\/diariodominicano.com\/index.php?rest_route=\/wp\/v2\/posts\/191346","targetHints":{"allow":["GET"]}}],"collection":[{"href":"https:\/\/diariodominicano.com\/index.php?rest_route=\/wp\/v2\/posts"}],"about":[{"href":"https:\/\/diariodominicano.com\/index.php?rest_route=\/wp\/v2\/types\/post"}],"author":[{"embeddable":true,"href":"https:\/\/diariodominicano.com\/index.php?rest_route=\/wp\/v2\/users\/3"}],"replies":[{"embeddable":true,"href":"https:\/\/diariodominicano.com\/index.php?rest_route=%2Fwp%2Fv2%2Fcomments&post=191346"}],"version-history":[{"count":0,"href":"https:\/\/diariodominicano.com\/index.php?rest_route=\/wp\/v2\/posts\/191346\/revisions"}],"wp:attachment":[{"href":"https:\/\/diariodominicano.com\/index.php?rest_route=%2Fwp%2Fv2%2Fmedia&parent=191346"}],"wp:term":[{"taxonomy":"category","embeddable":true,"href":"https:\/\/diariodominicano.com\/index.php?rest_route=%2Fwp%2Fv2%2Fcategories&post=191346"},{"taxonomy":"post_tag","embeddable":true,"href":"https:\/\/diariodominicano.com\/index.php?rest_route=%2Fwp%2Fv2%2Ftags&post=191346"}],"curies":[{"name":"wp","href":"https:\/\/api.w.org\/{rel}","templated":true}]}}