{"id":191342,"date":"2008-02-13T01:07:01","date_gmt":"2008-02-13T01:07:01","guid":{"rendered":"http:\/\/diariodominicano.ddns.net\/?p=191342"},"modified":"2008-02-13T01:07:01","modified_gmt":"2008-02-13T01:07:01","slug":"candelier-deplora-compra-de-politicos","status":"publish","type":"post","link":"https:\/\/diariodominicano.com\/?p=191342","title":{"rendered":"Candelier deplora compra de pol\u00edticos"},"content":{"rendered":"<p><body><\/p>\n<p class=\"titulogrande1\">Candelier deplora compra de pol\u00edticos<\/p>\n<p>&#13;<\/p>\n<p align=\"justify\" class=\"text1noticias\"><strong><img loading=\"lazy\" decoding=\"async\" src=\"http:\/\/localhost:8080\/pictures\/Candelier.jpg\" width=\"212\" height=\"212\" hspace=\"4\" align=\"left\" \/>Santo  Domingo.-<\/strong> El candidato presidencial Pedro de Jes\u00fas Candelier, manifest\u00f3 su  descontento por el rumbo que ha tomado el proceso electoral, transformado  y reducido a lo que estima pr\u00e1ctica  pol\u00edtica de compra de tr\u00e1nsfugas bajo la mirada impotente de una sociedad que  no tiene reacci\u00f3n.<br \/>&#13;<br \/>\n  <br \/>&#13;<br \/>\n  Dijo  que \u201cen el pa\u00eds se han revertido los valores en toda sus escalas, mientras el  gobierno corrompe y prostituye a sectores de la oposici\u00f3n pol\u00edtica con la  oferta de inexistentes empleos y contratas, a los militares y polic\u00edas,  guardianes de la seguridad publica y de la naci\u00f3n se le niega un derecho tan  fundamental como es el derecho a sufragar\u201d. <br \/>&#13;<br \/>\n  <br \/>&#13;<br \/>\n  Republica  Dominicana, es de los pocos pa\u00edses en el continente donde a los militares y polic\u00edas  se le niega el derecho a votar, la   JCE en el d\u00eda de ayer anuncio la inhabilitaci\u00f3n  electoralmente de miles de j\u00f3venes dominicanos, que pasaron a formar  parte de las filas de polic\u00eda auxiliar y la Autoridad Metropolitana  de Transporte (AMET) .<br \/>&#13;<br \/>\n  <br \/>&#13;<br \/>\n  A\u00f1adi\u00f3  que \u201ces un contrasentido que mientras la Junta Central  Electoral trata vanamente controlar los insultos, la violencia y el mal ejemplo  que practican los dirigentes del partido del gobierno, a estos j\u00f3venes  dominicanos se les despojaba \u00a0del \u00a0sagrado derecho de votar\u201d .<br \/>&#13;<br \/>\n  <br \/>&#13;<br \/>\n  Dijo  que \u00a0\u00a0no se trata que los militares  y polic\u00edas participen \u00a0del proceso de la campa\u00f1a electoral, es todo lo  contrario, es que se le permita ejercer el derecho al voto, que es otra cosa  totalmente diferente, y eso se ha logrado en todos los pa\u00edses de la regi\u00f3n.<br \/>&#13;<br \/>\n  <br \/>&#13;<br \/>\n  Sobre el mecanismo para lograr esta conquista democr\u00e1tica argumento \u201cla Asamblea Constituyente  es el escenario ideal para superar las leyes constitucionales que les arrebatan  tan sagrado derecho a los militares y polic\u00edas y as\u00ed devolverle este derecho a  esos miles de dominicanos, que hoy est\u00e1n en nuestras fuerzas armadas\u201d se\u00f1alo  Candelier.<br \/>&#13;<br \/>\n  <br \/>&#13;<br \/>\n  A  los militares y polic\u00edas hay que darles las oportunidades de expresar sus  sentimientos electorales en medio de tantas dificultades \u201ces injusto que aparte  de los miserables salarios que ganan, se le excluya de algo tan importante como  es elegir al presidente de la republica\u201d concluyo Candelier. \u00a0<\/p>\n<p>&#13;<\/p>\n<h6> 2008-02-13 01:07:01 <\/h6>\n<p><!--\n<link rel=\"stylesheet\" href=\"css\/bootstrap.min.css\">\n\n\n<ul class=\"pagination\">\n\t    \n\t\n\n<li >\n\t<a href='?page_no=34089'>Previous<\/a>\n\t<\/li>\n\n\n       \n    \n\n<li><a href='?page_no=1'>1<\/a><\/li>\n\n\n\n<li><a href='?page_no=2'>2<\/a><\/li>\n\n\n\n<li><a>...<\/a><\/li>\n\n\n\n<li><a href='?page_no=34088'>34088<\/a><\/li>\n\n\n\n<li><a href='?page_no=34089'>34089<\/a><\/li>\n\n\n\n<li class='active'><a>34090<\/a><\/li>\n\n\n\n<li><a href='?page_no=34091'>34091<\/a><\/li>\n\n\n\n<li><a href='?page_no=34092'>34092<\/a><\/li>\n\n\n\n<li><a>...<\/a><\/li>\n\n\n\n<li><a href='?page_no=36999'>36999<\/a><\/li>\n\n\n\n<li><a href='?page_no=37000'>37000<\/a><\/li>\n\n    \n\t\n\n<li >\n\t<a href='?page_no=34091'>Next<\/a>\n\t<\/li>\n\n\n    \n\n<li><a href='?page_no=37000'>Last &rsaquo;&rsaquo;<\/a><\/li>\n\n<\/ul>\n\n\n--><br \/>\n<\/body><\/p>\n","protected":false},"excerpt":{"rendered":"<p>Candelier deplora compra de pol\u00edticos &#13; Santo Domingo.- El candidato presidencial Pedro de Jes\u00fas Candelier, manifest\u00f3 su descontento por el rumbo que ha tomado el proceso electoral, transformado y reducido a lo que estima pr\u00e1ctica pol\u00edtica de compra de tr\u00e1nsfugas bajo la mirada impotente de una sociedad que no tiene reacci\u00f3n.&#13; &#13; Dijo que \u201cen [&hellip;]<\/p>\n","protected":false},"author":3,"featured_media":0,"comment_status":"open","ping_status":"open","sticky":false,"template":"","format":"standard","meta":{"footnotes":""},"categories":[22],"tags":[],"class_list":["post-191342","post","type-post","status-publish","format-standard","hentry","category-politica"],"_links":{"self":[{"href":"https:\/\/diariodominicano.com\/index.php?rest_route=\/wp\/v2\/posts\/191342","targetHints":{"allow":["GET"]}}],"collection":[{"href":"https:\/\/diariodominicano.com\/index.php?rest_route=\/wp\/v2\/posts"}],"about":[{"href":"https:\/\/diariodominicano.com\/index.php?rest_route=\/wp\/v2\/types\/post"}],"author":[{"embeddable":true,"href":"https:\/\/diariodominicano.com\/index.php?rest_route=\/wp\/v2\/users\/3"}],"replies":[{"embeddable":true,"href":"https:\/\/diariodominicano.com\/index.php?rest_route=%2Fwp%2Fv2%2Fcomments&post=191342"}],"version-history":[{"count":0,"href":"https:\/\/diariodominicano.com\/index.php?rest_route=\/wp\/v2\/posts\/191342\/revisions"}],"wp:attachment":[{"href":"https:\/\/diariodominicano.com\/index.php?rest_route=%2Fwp%2Fv2%2Fmedia&parent=191342"}],"wp:term":[{"taxonomy":"category","embeddable":true,"href":"https:\/\/diariodominicano.com\/index.php?rest_route=%2Fwp%2Fv2%2Fcategories&post=191342"},{"taxonomy":"post_tag","embeddable":true,"href":"https:\/\/diariodominicano.com\/index.php?rest_route=%2Fwp%2Fv2%2Ftags&post=191342"}],"curies":[{"name":"wp","href":"https:\/\/api.w.org\/{rel}","templated":true}]}}