{"id":191341,"date":"2008-02-13T01:14:14","date_gmt":"2008-02-13T01:14:14","guid":{"rendered":"http:\/\/diariodominicano.ddns.net\/?p=191341"},"modified":"2008-02-13T01:14:14","modified_gmt":"2008-02-13T01:14:14","slug":"ayuntamiento-sancionara-a-conductores-que-estacionen-sus-vehiculos-en-lugares-prohibidos","status":"publish","type":"post","link":"https:\/\/diariodominicano.com\/?p=191341","title":{"rendered":"Ayuntamiento sancionar\u00e1 a conductores que estacionen sus veh\u00edculos en lugares prohibidos"},"content":{"rendered":"<p><body><\/p>\n<p align=\"justify\" class=\"titulogrande1\">Ayuntamiento  sancionar\u00e1 a conductores que estacionen sus veh\u00edculos en lugares prohibidos<\/p>\n<p>&#13;<\/p>\n<p align=\"justify\" class=\"text1noticias\"><strong>SANTO DOMINGO.- <\/strong>El  Ayuntamiento del Distrito Nacional (ADN)\u00a0  inici\u00f3 al programa de reordenamiento del tr\u00e1nsito vehicular en la Zona Colonial donde  ser\u00e1n sancionados y multados los conductores que estacionen sus veh\u00edculos en  lugares prohibidos.<\/p>\n<p>&#13;<\/p>\n<p align=\"justify\" class=\"text1noticias\">La encargada del proyecto,  Nerys Mart\u00ednez, inform\u00f3 que el programa tiene como objetivo se\u00f1alizar todas las  v\u00edas de la vieja ciudad, zona en la que los agentes con gr\u00faas de la Autoridad Metropolitana  de Transporte (AMET) establecer\u00e1n estricta vigilancia y multar\u00e1n a los  conductores, cuyos veh\u00edculos tambi\u00e9n ser\u00e1n remolcados. <\/p>\n<p>&#13;<\/p>\n<p align=\"justify\" class=\"text1noticias\">Explic\u00f3 que para imponer el  orden en la Zona   Colonial, el ADN se auxiliar\u00e1 tambi\u00e9n de la Polic\u00eda Municipal  y Tur\u00edstica.<\/p>\n<p>&#13;<\/p>\n<p align=\"justify\" class=\"text1noticias\">Dijo que \u201ccon esta medida, el  ADN procura eliminar el caos en el tr\u00e1nsito y en el aparcamiento desordenado de  veh\u00edculos por conductores inescrupulosos que se niegan a utilizar los parqueos  p\u00fablicos y privados de la Zona,  para as\u00ed evadir el pago al derecho a estacionarse\u201d.<\/p>\n<p>&#13;<\/p>\n<p align=\"justify\" class=\"text1noticias\">Inform\u00f3 que paralelamente el  ADN inici\u00f3 la colocaci\u00f3n de porta zafacones en el entorno y el interior del  Parque Independencia, como parte de los trabajos de revitalizaci\u00f3n de la Zona Colonial. <\/p>\n<p>&#13;<\/p>\n<p align=\"justify\" class=\"text1noticias\">Dijo que los lugares donde se  prohibir\u00e1 el estacionamiento de veh\u00edculos son los primeros en ser se\u00f1alizados,  ya que tienen como caracter\u00edstica que sus calles son muy estrechas.<\/p>\n<p>&#13;<\/p>\n<p align=\"justify\" class=\"text1noticias\">Agreg\u00f3 que \u201cpor la estrechez  de sus calles y la inescrupulosidad de algunos conductores, en la Zona Colonial se  producen grandes embotellamientos y p\u00e9rdida de tiempo a determinadas horas del  d\u00eda o la noche y eso hay que resolverlo\u201d.<\/p>\n<p>&#13;<\/p>\n<p align=\"justify\" class=\"text1noticias\">Advirti\u00f3 que a partir de la  fecha, los conductores que estacionen sus veh\u00edculos sin respetar las normas  establecidas por el ADN ser\u00e1n fuertemente sancionados y sus autom\u00f3viles,  camiones o motocicletas remolcados a lugares espec\u00edficos, donde deber\u00e1n pagar  una multa que no especific\u00f3.<br \/>&#13;<br \/>\n  \u00a0<\/p>\n<p>&#13;<\/p>\n<h6> 2008-02-13 01:14:14 <\/h6>\n<p><!--\n<link rel=\"stylesheet\" href=\"css\/bootstrap.min.css\">\n\n\n<ul class=\"pagination\">\n\t    \n\t\n\n<li >\n\t<a href='?page_no=34088'>Previous<\/a>\n\t<\/li>\n\n\n       \n    \n\n<li><a href='?page_no=1'>1<\/a><\/li>\n\n\n\n<li><a href='?page_no=2'>2<\/a><\/li>\n\n\n\n<li><a>...<\/a><\/li>\n\n\n\n<li><a href='?page_no=34087'>34087<\/a><\/li>\n\n\n\n<li><a href='?page_no=34088'>34088<\/a><\/li>\n\n\n\n<li class='active'><a>34089<\/a><\/li>\n\n\n\n<li><a href='?page_no=34090'>34090<\/a><\/li>\n\n\n\n<li><a href='?page_no=34091'>34091<\/a><\/li>\n\n\n\n<li><a>...<\/a><\/li>\n\n\n\n<li><a href='?page_no=36999'>36999<\/a><\/li>\n\n\n\n<li><a href='?page_no=37000'>37000<\/a><\/li>\n\n    \n\t\n\n<li >\n\t<a href='?page_no=34090'>Next<\/a>\n\t<\/li>\n\n\n    \n\n<li><a href='?page_no=37000'>Last &rsaquo;&rsaquo;<\/a><\/li>\n\n<\/ul>\n\n\n--><br \/>\n<\/body><\/p>\n","protected":false},"excerpt":{"rendered":"<p>Ayuntamiento sancionar\u00e1 a conductores que estacionen sus veh\u00edculos en lugares prohibidos &#13; SANTO DOMINGO.- El Ayuntamiento del Distrito Nacional (ADN)\u00a0 inici\u00f3 al programa de reordenamiento del tr\u00e1nsito vehicular en la Zona Colonial donde ser\u00e1n sancionados y multados los conductores que estacionen sus veh\u00edculos en lugares prohibidos. &#13; La encargada del proyecto, Nerys Mart\u00ednez, inform\u00f3 que [&hellip;]<\/p>\n","protected":false},"author":3,"featured_media":0,"comment_status":"open","ping_status":"open","sticky":false,"template":"","format":"standard","meta":{"footnotes":""},"categories":[22],"tags":[],"class_list":["post-191341","post","type-post","status-publish","format-standard","hentry","category-politica"],"_links":{"self":[{"href":"https:\/\/diariodominicano.com\/index.php?rest_route=\/wp\/v2\/posts\/191341","targetHints":{"allow":["GET"]}}],"collection":[{"href":"https:\/\/diariodominicano.com\/index.php?rest_route=\/wp\/v2\/posts"}],"about":[{"href":"https:\/\/diariodominicano.com\/index.php?rest_route=\/wp\/v2\/types\/post"}],"author":[{"embeddable":true,"href":"https:\/\/diariodominicano.com\/index.php?rest_route=\/wp\/v2\/users\/3"}],"replies":[{"embeddable":true,"href":"https:\/\/diariodominicano.com\/index.php?rest_route=%2Fwp%2Fv2%2Fcomments&post=191341"}],"version-history":[{"count":0,"href":"https:\/\/diariodominicano.com\/index.php?rest_route=\/wp\/v2\/posts\/191341\/revisions"}],"wp:attachment":[{"href":"https:\/\/diariodominicano.com\/index.php?rest_route=%2Fwp%2Fv2%2Fmedia&parent=191341"}],"wp:term":[{"taxonomy":"category","embeddable":true,"href":"https:\/\/diariodominicano.com\/index.php?rest_route=%2Fwp%2Fv2%2Fcategories&post=191341"},{"taxonomy":"post_tag","embeddable":true,"href":"https:\/\/diariodominicano.com\/index.php?rest_route=%2Fwp%2Fv2%2Ftags&post=191341"}],"curies":[{"name":"wp","href":"https:\/\/api.w.org\/{rel}","templated":true}]}}