{"id":191340,"date":"2008-02-13T01:33:08","date_gmt":"2008-02-13T01:33:08","guid":{"rendered":"http:\/\/diariodominicano.ddns.net\/?p=191340"},"modified":"2008-02-13T01:33:08","modified_gmt":"2008-02-13T01:33:08","slug":"udc-rechaza-cualquier-acto-de-paralizacion-hospitales-publicos","status":"publish","type":"post","link":"https:\/\/diariodominicano.com\/?p=191340","title":{"rendered":"UDC rechaza cualquier acto de paralizaci\u00f3n hospitales p\u00fablicos"},"content":{"rendered":"<p><body><\/p>\n<p class=\"titulogrande1\">UDC rechaza\u00a0cualquier acto de  paralizaci\u00f3n hospitales p\u00fablicos<\/p>\n<p>&#13;<\/p>\n<p align=\"justify\" class=\"text1noticias\"><strong>Santo Domingo.-<\/strong> El Partido Uni\u00f2n Dem\u00f3crata Cristiana \u2013UDC_ rechaz\u00f3 hoy  cualquier acto de paralizaci\u00f3n en los hospitales p\u00fablicos, por considerar que  perjudica el mantenimiento de la salud\u00a0 y  hasta la vida, de los m\u00e1s necesitados de la poblaci\u00f3n.<\/p>\n<p>&#13;<\/p>\n<p align=\"justify\" class=\"text1noticias\">Luis Acosta Moreta,\u00a0\u00a0  Luis \u201cEl Gallo\u201d, manifest\u00f3 que el Colegio M\u00e9dico Dominicano \u2013CMD-, en  vez de\u00a0 estar llamando a la realizaci\u00f3n  de paros, debe ir al di\u00e1logo urgente con la secretar\u00eda de Salud P\u00fablica.<\/p>\n<p>&#13;<\/p>\n<p align=\"justify\" class=\"text1noticias\">Destac\u00f3 que ser\u00eda una inconsecuencia que el presidente  del CMD, Waldo Ariel Suero, haga un llamado a\u00a0  paros en hospitales p\u00fablicos, cuando siempre el Presidente Leonel  Fern\u00e1ndez ha tenido las manos abiertas al\u00a0di\u00e1logo.<\/p>\n<p>&#13;<\/p>\n<p align=\"justify\" class=\"text1noticias\">Manifest\u00f3 que un paro de labores en los hospitales  p\u00fablicos constituye un crimen, una violaci\u00f3n al derecho de existencia de los  m\u00e1s empobrecidos, raz\u00f3n por la cual es inaceptable que se deje sin asistencia a  los centros p\u00fablicos de salubridad.<\/p>\n<p>&#13;<\/p>\n<p align=\"justify\" class=\"text1noticias\">Destac\u00f3 que los dirigentes de los m\u00e9dicos son  reincidentes en los llamados a paros, en las protestas, y en las acciones  levantiscas, que ponen en peligro la tranquilidad de la familia dominicana.<\/p>\n<p>&#13;<\/p>\n<p align=\"justify\" class=\"text1noticias\">Ahora mismo, manifest\u00f3, de lo que se trata es de que  haya una asistencia total para los m\u00e1s necesitados, para los abandonados de la  suerte, a los que se les tiene que garantizar el pan, la salud y la educaci\u00f3n.<\/p>\n<p>&#13;<\/p>\n<p align=\"justify\" class=\"text1noticias\">Adujo que por el juramento hipocr\u00e1tico, que muchos  m\u00e9dicos han olvidado, los galenos est\u00e1n obligados a prestar asistencia a todo  el que lo necesite, y m\u00e1s a\u00fan si ese profesional trabaja en un hospital  p\u00fablico.<\/p>\n<p>&#13;<\/p>\n<p align=\"justify\" class=\"text1noticias\">Dijo que Waldo Ariel Suero nunca ha convocado a paros  en las cl\u00ednicas privadas, donde se paga a los m\u00e9dicos bajos salaros y hay  peores condiciones laborales que en los hospitales del Estado, por lo que sus  protestas dejan mucho que desear.<\/p>\n<p>&#13;<\/p>\n<p align=\"justify\" class=\"text1noticias\">Acosta Moreta dijo que es hora de que los m\u00e9dicos  hagan conciencia, y den protecci\u00f3n a los m\u00e1s necesitados, raz\u00f3n por la cual  lleg\u00f3 la hora de poner fin a los paros en los hospitales p\u00fablicos.<\/p>\n<p>&#13;<\/p>\n<p align=\"justify\" class=\"text1noticias\">Destac\u00f3 que si se da el paro, m\u00e9dicos y enfermeras  militantes de la UDC  estar\u00e1n prestos a dar ayuda a los enfermos que se queden abandonados a su  suerte.<\/p>\n<p>&#13;<\/p>\n<h6> 2008-02-13 01:33:08 <\/h6>\n<p><!--\n<link rel=\"stylesheet\" href=\"css\/bootstrap.min.css\">\n\n\n<ul class=\"pagination\">\n\t    \n\t\n\n<li >\n\t<a href='?page_no=34087'>Previous<\/a>\n\t<\/li>\n\n\n       \n    \n\n<li><a href='?page_no=1'>1<\/a><\/li>\n\n\n\n<li><a href='?page_no=2'>2<\/a><\/li>\n\n\n\n<li><a>...<\/a><\/li>\n\n\n\n<li><a href='?page_no=34086'>34086<\/a><\/li>\n\n\n\n<li><a href='?page_no=34087'>34087<\/a><\/li>\n\n\n\n<li class='active'><a>34088<\/a><\/li>\n\n\n\n<li><a href='?page_no=34089'>34089<\/a><\/li>\n\n\n\n<li><a href='?page_no=34090'>34090<\/a><\/li>\n\n\n\n<li><a>...<\/a><\/li>\n\n\n\n<li><a href='?page_no=36999'>36999<\/a><\/li>\n\n\n\n<li><a href='?page_no=37000'>37000<\/a><\/li>\n\n    \n\t\n\n<li >\n\t<a href='?page_no=34089'>Next<\/a>\n\t<\/li>\n\n\n    \n\n<li><a href='?page_no=37000'>Last &rsaquo;&rsaquo;<\/a><\/li>\n\n<\/ul>\n\n\n--><br \/>\n<\/body><\/p>\n","protected":false},"excerpt":{"rendered":"<p>UDC rechaza\u00a0cualquier acto de paralizaci\u00f3n hospitales p\u00fablicos &#13; Santo Domingo.- El Partido Uni\u00f2n Dem\u00f3crata Cristiana \u2013UDC_ rechaz\u00f3 hoy cualquier acto de paralizaci\u00f3n en los hospitales p\u00fablicos, por considerar que perjudica el mantenimiento de la salud\u00a0 y hasta la vida, de los m\u00e1s necesitados de la poblaci\u00f3n. &#13; Luis Acosta Moreta,\u00a0\u00a0 Luis \u201cEl Gallo\u201d, manifest\u00f3 que [&hellip;]<\/p>\n","protected":false},"author":3,"featured_media":0,"comment_status":"open","ping_status":"open","sticky":false,"template":"","format":"standard","meta":{"footnotes":""},"categories":[22],"tags":[],"class_list":["post-191340","post","type-post","status-publish","format-standard","hentry","category-politica"],"_links":{"self":[{"href":"https:\/\/diariodominicano.com\/index.php?rest_route=\/wp\/v2\/posts\/191340","targetHints":{"allow":["GET"]}}],"collection":[{"href":"https:\/\/diariodominicano.com\/index.php?rest_route=\/wp\/v2\/posts"}],"about":[{"href":"https:\/\/diariodominicano.com\/index.php?rest_route=\/wp\/v2\/types\/post"}],"author":[{"embeddable":true,"href":"https:\/\/diariodominicano.com\/index.php?rest_route=\/wp\/v2\/users\/3"}],"replies":[{"embeddable":true,"href":"https:\/\/diariodominicano.com\/index.php?rest_route=%2Fwp%2Fv2%2Fcomments&post=191340"}],"version-history":[{"count":0,"href":"https:\/\/diariodominicano.com\/index.php?rest_route=\/wp\/v2\/posts\/191340\/revisions"}],"wp:attachment":[{"href":"https:\/\/diariodominicano.com\/index.php?rest_route=%2Fwp%2Fv2%2Fmedia&parent=191340"}],"wp:term":[{"taxonomy":"category","embeddable":true,"href":"https:\/\/diariodominicano.com\/index.php?rest_route=%2Fwp%2Fv2%2Fcategories&post=191340"},{"taxonomy":"post_tag","embeddable":true,"href":"https:\/\/diariodominicano.com\/index.php?rest_route=%2Fwp%2Fv2%2Ftags&post=191340"}],"curies":[{"name":"wp","href":"https:\/\/api.w.org\/{rel}","templated":true}]}}