{"id":191339,"date":"2008-02-13T15:25:56","date_gmt":"2008-02-13T15:25:56","guid":{"rendered":"http:\/\/diariodominicano.ddns.net\/?p=191339"},"modified":"2008-02-13T15:25:56","modified_gmt":"2008-02-13T15:25:56","slug":"el-ptd-apoya-a-mateo-aquino-febrillet-a-la-rectoria-de-la-uasd","status":"publish","type":"post","link":"https:\/\/diariodominicano.com\/?p=191339","title":{"rendered":"El PTD apoya a Mateo Aquino Febrillet a la Rector\u00eda de la UASD"},"content":{"rendered":"<p><body><\/p>\n<p align=\"justify\"><span class=\"titulogrande1\">El PTD  apoya a Mateo Aquino Febrillet a la Rector\u00eda de la UASD<\/span> <br \/>&#13;<br \/>\n    <br \/>&#13;<br \/>\n    <span class=\"text1noticias\"><strong><img loading=\"lazy\" decoding=\"async\" src=\"http:\/\/localhost:8080\/pictures\/ptd.jpg\" width=\"269\" height=\"227\" hspace=\"4\" align=\"left\" \/>SANTO DOMINGO.- <\/strong>Debido a que es la \u00fanica candidatura con una propuesta  acad\u00e9mica acabada para llevar a la Universidad Aut\u00f3noma de Santo Domingo  (UASD),\u00a0al desarrollo institucional, con lo que busca cumplir la misi\u00f3n  establecida en el estatuto org\u00e1nico, es que el Partido de los Trabajadores  Dominicanos PTD, que dirige el ex senador por Barahona, Jos\u00e9 Gonz\u00e1lez Espinosa,  resolvi\u00f3 apoyar a Mateo Aquino Febrillet a la Rector\u00eda de la UASD, en las elecciones  de la academia pautadas para\u00a0 este \u00a015 de febrero.<br \/>&#13;<br \/>\n    <br \/>&#13;<br \/>\n    La decisi\u00f3n de apoyar a Aquino Febrillet a la Rector\u00eda de la casa de altos  estudios, se debe, adem\u00e1s, a su visi\u00f3n de futuro, formaci\u00f3n profesional, su  experiencia institucional, a su capacidad gerencial, demostrada a lo largo de  su ejercicio acad\u00e9mico, docente-administrativo, lo que a su juicio, junto a su  calidad \u00e9tica, lo califican para encabezar una gesti\u00f3n acad\u00e9mica eficaz y  eficiente para el pr\u00f3ximo trienio. <br \/>&#13;<br \/>\n    <br \/>&#13;<br \/>\n    Se\u00f1alan que la academia requiere de un funcionario que lleve a la UASD a la  mejor\u00eda de su infraestructura f\u00edsica, lo que exige que la misma ajuste su  estructura institucional, en especial a sus recursos humanos, en los avances de  la tecnolog\u00eda de la informaci\u00f3n y la comunicaci\u00f3n en sus aplicaciones en la  educaci\u00f3n superior.<br \/>&#13;<br \/>\n    <br \/>&#13;<br \/>\n    La nota de prensa firmada por F\u00e9lix G\u00f3mez, Rodolfo Coicou, Francisco Luciano,  Juan Felipe Rodr\u00edguez, Lourdes M\u00e9ndez y Santos Ad\u00f3n, explica que otro elemento  importante poderoso para apoyar la propuesta de Mateo Aquino Febrillet, es que  la misma incluye un plan de reforma para el cambio y el desarrollo  institucional, fundamentado en la consulta y la participaci\u00f3n.<br \/>&#13;<br \/>\n    <br \/>&#13;<br \/>\n    Asimismo, plantea modificar el sistema de contrataci\u00f3n acad\u00e9mica para que los  profesores no impartan 40 horas de clases cada semana, con el inter\u00e9s de que  los mismos puedan dedicarse a la investigaci\u00f3n cient\u00edfica, a la producci\u00f3n de  conocimiento y ofrecer tutor\u00edas a los estudiantes.<br \/>&#13;<br \/>\n    <br \/>&#13;<br \/>\nDe igual manera, los profesores del PTD en la UASD ofrecen su respaldo a Iv\u00e1n  Grull\u00f3n, a la Vicerrector\u00eda Docente, Rafael Jim\u00e9nez, a Investigaci\u00f3n y  Postgrado, Ram\u00f3n Valerio, a la Administrativa y Francisco Galarza, a la  Vicerrector\u00eda de Extensi\u00f3n, quienes junto a Febrillet, prometen una gesti\u00f3n de  reforma y desarrollo institucional en la academia estatal.<\/span><\/p>\n<p>&#13;<\/p>\n<h6> 2008-02-13 15:25:56 <\/h6>\n<p><!--\n<link rel=\"stylesheet\" href=\"css\/bootstrap.min.css\">\n\n\n<ul class=\"pagination\">\n\t    \n\t\n\n<li >\n\t<a href='?page_no=34086'>Previous<\/a>\n\t<\/li>\n\n\n       \n    \n\n<li><a href='?page_no=1'>1<\/a><\/li>\n\n\n\n<li><a href='?page_no=2'>2<\/a><\/li>\n\n\n\n<li><a>...<\/a><\/li>\n\n\n\n<li><a href='?page_no=34085'>34085<\/a><\/li>\n\n\n\n<li><a href='?page_no=34086'>34086<\/a><\/li>\n\n\n\n<li class='active'><a>34087<\/a><\/li>\n\n\n\n<li><a href='?page_no=34088'>34088<\/a><\/li>\n\n\n\n<li><a href='?page_no=34089'>34089<\/a><\/li>\n\n\n\n<li><a>...<\/a><\/li>\n\n\n\n<li><a href='?page_no=36999'>36999<\/a><\/li>\n\n\n\n<li><a href='?page_no=37000'>37000<\/a><\/li>\n\n    \n\t\n\n<li >\n\t<a href='?page_no=34088'>Next<\/a>\n\t<\/li>\n\n\n    \n\n<li><a href='?page_no=37000'>Last &rsaquo;&rsaquo;<\/a><\/li>\n\n<\/ul>\n\n\n--><br \/>\n<\/body><\/p>\n","protected":false},"excerpt":{"rendered":"<p>El PTD apoya a Mateo Aquino Febrillet a la Rector\u00eda de la UASD &#13; &#13; SANTO DOMINGO.- Debido a que es la \u00fanica candidatura con una propuesta acad\u00e9mica acabada para llevar a la Universidad Aut\u00f3noma de Santo Domingo (UASD),\u00a0al desarrollo institucional, con lo que busca cumplir la misi\u00f3n establecida en el estatuto org\u00e1nico, es que [&hellip;]<\/p>\n","protected":false},"author":3,"featured_media":0,"comment_status":"open","ping_status":"open","sticky":false,"template":"","format":"standard","meta":{"footnotes":""},"categories":[22],"tags":[],"class_list":["post-191339","post","type-post","status-publish","format-standard","hentry","category-politica"],"_links":{"self":[{"href":"https:\/\/diariodominicano.com\/index.php?rest_route=\/wp\/v2\/posts\/191339","targetHints":{"allow":["GET"]}}],"collection":[{"href":"https:\/\/diariodominicano.com\/index.php?rest_route=\/wp\/v2\/posts"}],"about":[{"href":"https:\/\/diariodominicano.com\/index.php?rest_route=\/wp\/v2\/types\/post"}],"author":[{"embeddable":true,"href":"https:\/\/diariodominicano.com\/index.php?rest_route=\/wp\/v2\/users\/3"}],"replies":[{"embeddable":true,"href":"https:\/\/diariodominicano.com\/index.php?rest_route=%2Fwp%2Fv2%2Fcomments&post=191339"}],"version-history":[{"count":0,"href":"https:\/\/diariodominicano.com\/index.php?rest_route=\/wp\/v2\/posts\/191339\/revisions"}],"wp:attachment":[{"href":"https:\/\/diariodominicano.com\/index.php?rest_route=%2Fwp%2Fv2%2Fmedia&parent=191339"}],"wp:term":[{"taxonomy":"category","embeddable":true,"href":"https:\/\/diariodominicano.com\/index.php?rest_route=%2Fwp%2Fv2%2Fcategories&post=191339"},{"taxonomy":"post_tag","embeddable":true,"href":"https:\/\/diariodominicano.com\/index.php?rest_route=%2Fwp%2Fv2%2Ftags&post=191339"}],"curies":[{"name":"wp","href":"https:\/\/api.w.org\/{rel}","templated":true}]}}