{"id":191338,"date":"2008-02-13T15:33:42","date_gmt":"2008-02-13T15:33:42","guid":{"rendered":"http:\/\/diariodominicano.ddns.net\/?p=191338"},"modified":"2008-02-13T15:33:42","modified_gmt":"2008-02-13T15:33:42","slug":"plan-social-dona-electrodomesticos-en-la-provincia-bahoruco","status":"publish","type":"post","link":"https:\/\/diariodominicano.com\/?p=191338","title":{"rendered":"Plan Social dona electrodom\u00e9sticos en la Provincia Bahoruco"},"content":{"rendered":"<p><body><\/p>\n<p><strong>Sosa encabeza reparto<\/strong><br \/>&#13;<br \/>\n  <br \/>&#13;<br \/>\n    <span class=\"titulogrande1\">Plan Social dona electrodom\u00e9sticos en la Provincia Bahoruco <\/span><\/p>\n<p>&#13;<\/p>\n<p align=\"justify\" class=\"text1noticias\"><strong>Santo Domingo.- <\/strong>El gobierno entreg\u00f3 un total de 100  unidades de electrodom\u00e9sticos a familias de escasos recursos econ\u00f3micos en la  provincia de Bahoruco por un valor 483 mil 505 pesos 20 centavos.<br \/>&#13;<br \/>\n  <br \/>&#13;<br \/>\n  La entrega fue encabeza por el director del Plan de  Asistencia Social de la Presidencia, licenciado Emigdio Sosa y por el  gobernador de la provincia, Manuel Paula.<br \/>&#13;<br \/>\n  <br \/>&#13;<br \/>\n  Sosa destac\u00f3 que previo a la entrega se hizo un censo con  la gobernaci\u00f3n provincial con la finalidad de hacer entregar de los  electrodom\u00e9sticos que los beneficiarios necesitaban.<br \/>&#13;<br \/>\n  <br \/>&#13;<br \/>\n  Indic\u00f3 que durante el acto fueron entregados estufas,  neveras, cilindros de gas, televisores, box spring, entre otros art\u00edculos para  el hogar.<br \/>&#13;<br \/>\n  <br \/>&#13;<br \/>\n  Defini\u00f3 la acci\u00f3n de normal y dijo que la misma forma  parte de los operativos normales que ejecuta la agencia que dirige a nivel  nacional.<br \/>&#13;<br \/>\n  <br \/>&#13;<br \/>\n  Expres\u00f3 Sosa que operativos similares ser\u00e1n realizados en  otras provincias al margen del reparto de alimentos que ejecuta la entidad.<br \/>&#13;<br \/>\n  <br \/>&#13;<br \/>\n  \u00bb Queremos contrarrestar lo m\u00e1s que se puede los  niveles de pobreza en lo que vive una gran cantidad del pueblo  dominicano\u00bb, manifest\u00f3.<br \/>&#13;<br \/>\n   <br \/>&#13;<br \/>\n  De su lado, el gobernador de la provincia, Manuel Paula,  agradeci\u00f3 el operativo y afirm\u00f3 que el presidente Leonel Fern\u00e1nez est\u00e1  comprometido con la lucha contra la pobreza.<br \/>&#13;<br \/>\n  <br \/>&#13;<br \/>\n  Inform\u00f3 que durante el operativo fueron beneficiados  familias de escasos recursos econ\u00f3micos de las comunidades de Villa Jaragua,  Tamayo, Galv\u00e1n, Los R\u00edos, El Palmar, Las Clavellinas, Cabeza de Toro, Monserrat,  Santana y Uvilla.<\/p>\n<p>&#13;<\/p>\n<h6> 2008-02-13 15:33:42 <\/h6>\n<p><!--\n<link rel=\"stylesheet\" href=\"css\/bootstrap.min.css\">\n\n\n<ul class=\"pagination\">\n\t    \n\t\n\n<li >\n\t<a href='?page_no=34085'>Previous<\/a>\n\t<\/li>\n\n\n       \n    \n\n<li><a href='?page_no=1'>1<\/a><\/li>\n\n\n\n<li><a href='?page_no=2'>2<\/a><\/li>\n\n\n\n<li><a>...<\/a><\/li>\n\n\n\n<li><a href='?page_no=34084'>34084<\/a><\/li>\n\n\n\n<li><a href='?page_no=34085'>34085<\/a><\/li>\n\n\n\n<li class='active'><a>34086<\/a><\/li>\n\n\n\n<li><a href='?page_no=34087'>34087<\/a><\/li>\n\n\n\n<li><a href='?page_no=34088'>34088<\/a><\/li>\n\n\n\n<li><a>...<\/a><\/li>\n\n\n\n<li><a href='?page_no=36999'>36999<\/a><\/li>\n\n\n\n<li><a href='?page_no=37000'>37000<\/a><\/li>\n\n    \n\t\n\n<li >\n\t<a href='?page_no=34087'>Next<\/a>\n\t<\/li>\n\n\n    \n\n<li><a href='?page_no=37000'>Last &rsaquo;&rsaquo;<\/a><\/li>\n\n<\/ul>\n\n\n--><br \/>\n<\/body><\/p>\n","protected":false},"excerpt":{"rendered":"<p>Sosa encabeza reparto&#13; &#13; Plan Social dona electrodom\u00e9sticos en la Provincia Bahoruco &#13; Santo Domingo.- El gobierno entreg\u00f3 un total de 100 unidades de electrodom\u00e9sticos a familias de escasos recursos econ\u00f3micos en la provincia de Bahoruco por un valor 483 mil 505 pesos 20 centavos.&#13; &#13; La entrega fue encabeza por el director del Plan [&hellip;]<\/p>\n","protected":false},"author":3,"featured_media":0,"comment_status":"open","ping_status":"open","sticky":false,"template":"","format":"standard","meta":{"footnotes":""},"categories":[22],"tags":[],"class_list":["post-191338","post","type-post","status-publish","format-standard","hentry","category-politica"],"_links":{"self":[{"href":"https:\/\/diariodominicano.com\/index.php?rest_route=\/wp\/v2\/posts\/191338","targetHints":{"allow":["GET"]}}],"collection":[{"href":"https:\/\/diariodominicano.com\/index.php?rest_route=\/wp\/v2\/posts"}],"about":[{"href":"https:\/\/diariodominicano.com\/index.php?rest_route=\/wp\/v2\/types\/post"}],"author":[{"embeddable":true,"href":"https:\/\/diariodominicano.com\/index.php?rest_route=\/wp\/v2\/users\/3"}],"replies":[{"embeddable":true,"href":"https:\/\/diariodominicano.com\/index.php?rest_route=%2Fwp%2Fv2%2Fcomments&post=191338"}],"version-history":[{"count":0,"href":"https:\/\/diariodominicano.com\/index.php?rest_route=\/wp\/v2\/posts\/191338\/revisions"}],"wp:attachment":[{"href":"https:\/\/diariodominicano.com\/index.php?rest_route=%2Fwp%2Fv2%2Fmedia&parent=191338"}],"wp:term":[{"taxonomy":"category","embeddable":true,"href":"https:\/\/diariodominicano.com\/index.php?rest_route=%2Fwp%2Fv2%2Fcategories&post=191338"},{"taxonomy":"post_tag","embeddable":true,"href":"https:\/\/diariodominicano.com\/index.php?rest_route=%2Fwp%2Fv2%2Ftags&post=191338"}],"curies":[{"name":"wp","href":"https:\/\/api.w.org\/{rel}","templated":true}]}}