{"id":191337,"date":"2008-02-13T16:44:29","date_gmt":"2008-02-13T16:44:29","guid":{"rendered":"http:\/\/diariodominicano.ddns.net\/?p=191337"},"modified":"2008-02-13T16:44:29","modified_gmt":"2008-02-13T16:44:29","slug":"contapp-anuncia-apoyo-a-proyecto-aumento-salarial","status":"publish","type":"post","link":"https:\/\/diariodominicano.com\/?p=191337","title":{"rendered":"(CONTAPP) anuncia apoyo a proyecto aumento salarial"},"content":{"rendered":"<p><body><\/p>\n<p class=\"titulogrande1\"><strong>(CONTAPP) anuncia apoyo a  proyecto aumento salarial<\/strong><\/p>\n<p>&#13;<\/p>\n<p align=\"justify\" class=\"text1noticias\"><strong><img loading=\"lazy\" decoding=\"async\" src=\"http:\/\/localhost:8080\/pictures\/contapp.jpg\" width=\"269\" height=\"183\" hspace=\"4\" align=\"left\" \/>Santo Domingo.-<\/strong> La Coordinadora Nacional de Trabajadores  P\u00fablicos y Privados (CONTAPP), anunci\u00f3 su apoyo de \u201cmanera firme y decidida\u201d al  proyecto de Ley que establece un aumento salarial sometido al Congreso Nacional  por el senador Adriano S\u00e1nchez Roa.<\/p>\n<p>&#13;<\/p>\n<p align=\"justify\" class=\"text1noticias\">Jacobo Ramos, representante de CONTAPP, al entregar una serie de  propuestas sobre el tema, expres\u00f3 que debido al alto costo de la vida y la  devaluaci\u00f3n del salario de los trabajadores y trabajadoras, apoyan este  proyecto de aumento salarial.<\/p>\n<p>&#13;<\/p>\n<p align=\"justify\" class=\"text1noticias\">De su lado, S\u00e1nchez Roa, agradeci\u00f3 la presencia y a la vez manifest\u00f3 que  evaluar\u00e1n esas propuestas en la Comisi\u00f3n Permanente de Hacienda, que estudia  dicho proyecto. <\/p>\n<p>&#13;<\/p>\n<p align=\"justify\" class=\"text1noticias\">Entre las propuestas de CONTAPP se encuentran; el establecimiento de un  salario m\u00ednimo para todos los servidores p\u00fablicos de 10 mil pesos mensual y un  aumento general del 60 por ciento a los servidores p\u00fablicos que devengan  sueldos hasta los 50 mil pesos mensuales y que este aumento sea extensivo a las  Fuerzas Armadas y la   Polic\u00eda Nacional, pensionados y jubilados.<\/p>\n<p>&#13;<\/p>\n<p align=\"justify\" class=\"text1noticias\">La iniciativa\u00a0 tambi\u00e9n propone la  modificaci\u00f3n a la obsoleta estructura del Comit\u00e9 Nacional de Salarios,  establecida en el C\u00f3digo de Trabajo.<\/p>\n<p>&#13;<\/p>\n<h6> 2008-02-13 16:44:29 <\/h6>\n<p><!--\n<link rel=\"stylesheet\" href=\"css\/bootstrap.min.css\">\n\n\n<ul class=\"pagination\">\n\t    \n\t\n\n<li >\n\t<a href='?page_no=34084'>Previous<\/a>\n\t<\/li>\n\n\n       \n    \n\n<li><a href='?page_no=1'>1<\/a><\/li>\n\n\n\n<li><a href='?page_no=2'>2<\/a><\/li>\n\n\n\n<li><a>...<\/a><\/li>\n\n\n\n<li><a href='?page_no=34083'>34083<\/a><\/li>\n\n\n\n<li><a href='?page_no=34084'>34084<\/a><\/li>\n\n\n\n<li class='active'><a>34085<\/a><\/li>\n\n\n\n<li><a href='?page_no=34086'>34086<\/a><\/li>\n\n\n\n<li><a href='?page_no=34087'>34087<\/a><\/li>\n\n\n\n<li><a>...<\/a><\/li>\n\n\n\n<li><a href='?page_no=36999'>36999<\/a><\/li>\n\n\n\n<li><a href='?page_no=37000'>37000<\/a><\/li>\n\n    \n\t\n\n<li >\n\t<a href='?page_no=34086'>Next<\/a>\n\t<\/li>\n\n\n    \n\n<li><a href='?page_no=37000'>Last &rsaquo;&rsaquo;<\/a><\/li>\n\n<\/ul>\n\n\n--><br \/>\n<\/body><\/p>\n","protected":false},"excerpt":{"rendered":"<p>(CONTAPP) anuncia apoyo a proyecto aumento salarial &#13; Santo Domingo.- La Coordinadora Nacional de Trabajadores P\u00fablicos y Privados (CONTAPP), anunci\u00f3 su apoyo de \u201cmanera firme y decidida\u201d al proyecto de Ley que establece un aumento salarial sometido al Congreso Nacional por el senador Adriano S\u00e1nchez Roa. &#13; Jacobo Ramos, representante de CONTAPP, al entregar una [&hellip;]<\/p>\n","protected":false},"author":3,"featured_media":0,"comment_status":"open","ping_status":"open","sticky":false,"template":"","format":"standard","meta":{"footnotes":""},"categories":[22],"tags":[],"class_list":["post-191337","post","type-post","status-publish","format-standard","hentry","category-politica"],"_links":{"self":[{"href":"https:\/\/diariodominicano.com\/index.php?rest_route=\/wp\/v2\/posts\/191337","targetHints":{"allow":["GET"]}}],"collection":[{"href":"https:\/\/diariodominicano.com\/index.php?rest_route=\/wp\/v2\/posts"}],"about":[{"href":"https:\/\/diariodominicano.com\/index.php?rest_route=\/wp\/v2\/types\/post"}],"author":[{"embeddable":true,"href":"https:\/\/diariodominicano.com\/index.php?rest_route=\/wp\/v2\/users\/3"}],"replies":[{"embeddable":true,"href":"https:\/\/diariodominicano.com\/index.php?rest_route=%2Fwp%2Fv2%2Fcomments&post=191337"}],"version-history":[{"count":0,"href":"https:\/\/diariodominicano.com\/index.php?rest_route=\/wp\/v2\/posts\/191337\/revisions"}],"wp:attachment":[{"href":"https:\/\/diariodominicano.com\/index.php?rest_route=%2Fwp%2Fv2%2Fmedia&parent=191337"}],"wp:term":[{"taxonomy":"category","embeddable":true,"href":"https:\/\/diariodominicano.com\/index.php?rest_route=%2Fwp%2Fv2%2Fcategories&post=191337"},{"taxonomy":"post_tag","embeddable":true,"href":"https:\/\/diariodominicano.com\/index.php?rest_route=%2Fwp%2Fv2%2Ftags&post=191337"}],"curies":[{"name":"wp","href":"https:\/\/api.w.org\/{rel}","templated":true}]}}