{"id":191336,"date":"2008-02-13T19:12:33","date_gmt":"2008-02-13T19:12:33","guid":{"rendered":"http:\/\/diariodominicano.ddns.net\/?p=191336"},"modified":"2008-02-13T19:12:33","modified_gmt":"2008-02-13T19:12:33","slug":"miguel-vargas-dice-que-el-candidato-reeleccionista-sera-duramente-castigado-por-convertirse-en-campeon-de-los-impuestos-la-manipulacion-y-el-engano","status":"publish","type":"post","link":"https:\/\/diariodominicano.com\/?p=191336","title":{"rendered":"Miguel Vargas dice que el candidato reeleccionista ser\u00e1 duramente castigado por convertirse en campe\u00f3n de los impuestos la manipulaci\u00f3n y el enga\u00f1o"},"content":{"rendered":"<p><body><\/p>\n<p align=\"justify\" class=\"titulogrande1\"><strong>Miguel Vargas dice que el  candidato reeleccionista ser\u00e1 duramente castigado por convertirse en campe\u00f3n de  los impuestos la manipulaci\u00f3n y el enga\u00f1o \u00a0<\/strong><\/p>\n<p>&#13;<\/p>\n<p align=\"justify\" class=\"text1noticias\"><strong><img loading=\"lazy\" decoding=\"async\" src=\"http:\/\/localhost:8080\/pictures\/maldonado villa mella.jpg\" width=\"269\" height=\"183\" hspace=\"4\" align=\"left\" \/>SANTO DOMINGO.-<\/strong> El candidato  presidencial del Partido Revolucionario Dominicano (PRD), Miguel Vargas Maldonado  afirm\u00f3 este mi\u00e9rcoles que el candidato reeleccionista ser\u00e1 duramente castigado  por el electorado, por haberse constituido en el campe\u00f3n de los impuestos, la  manipulaci\u00f3n y el enga\u00f1o a la gente. <\/p>\n<p>&#13;<\/p>\n<p align=\"justify\" class=\"text1noticias\">\u201cLos pobres y la clase media  saben ya que el sostenido aumento del costo de la vida tiene una causa que no  puede seguir siendo ocultada, y son las tres reformas impositivas que ha hecho  este gobierno y el derroche de\u00a0 los dineros que la gente ha pagado en  impuestos\u201d, precis\u00f3 Vargas Maldonado.\u00a0\u00a0 <\/p>\n<p>&#13;<\/p>\n<p align=\"justify\" class=\"text1noticias\">\u201cDurante un recorrido  por municipios y barrios de Villa Mella y La Victoria, Vargas se  refiri\u00f3 tambi\u00e9n a la renuncia de Porfirio Rojas Nina como secretario de Estado  y Asesor Presidencial de Derechos Humanos y de otros tres funcionarios  incorporados recientemente por el presidente Fern\u00e1ndez\u00a0 a su gobierno, lo  que dijo revela el fracaso de la pol\u00edtica de sonsacamiento y manipulaci\u00f3n de la  gente con que el candidato reeleccionista ha pretendido imponerse\u201d, se\u00f1al\u00f3 un  despacho de prensa de la   Direcci\u00f3n General de Comunicaciones del PRD. <\/p>\n<p>&#13;<\/p>\n<p align=\"justify\" class=\"text1noticias\">Indic\u00f3 el candidato del partido blanco  que \u201chemos  visto a estos hombres explicar avergonzados c\u00f3mo el candidato reeleccionista  los sonsac\u00f3 y los enga\u00f1o para que abandonaran su partido, experiencia que nos  da la raz\u00f3n cuando condenamos al presidente Fern\u00e1ndez por dividir\u00a0 y desacreditar a dirigentes de la oposici\u00f3n\u201d. <\/p>\n<p>&#13;<\/p>\n<p align=\"justify\" class=\"text1noticias\">\u201cEllos denuncian al candidato  reeleccionista porque no les cumpli\u00f3, como\u00a0 no le cumple a ning\u00fan sector,  lo que ha llevado a amplios sectores de la poblaci\u00f3n a ver en \u00e9l a un campe\u00f3n  de los impuestos, la mentira y los enga\u00f1os\u201d, manifest\u00f3 Vargas Maldonado. <\/p>\n<p>&#13;<\/p>\n<p align=\"justify\" class=\"text1noticias\">Agreg\u00f3 que \u201cese  se\u00f1or no le cumple a la gente y ni siquiera cumple las leyes. El candidato  reeleccionista es tan incumplidor, \u00a0que me estoy haciendo pactos escritos  para garantizarle a la gente el cumplimiento de la Constituci\u00f3n y las  leyes que \u00e9l no cumple\u201d. hacer pactos con  determinados sectores en base al cumplimiento a la Ley, porque este presidente ni  siquiera eso cumple\u201d.\u00a0 <\/p>\n<p>&#13;<\/p>\n<p align=\"justify\" class=\"text1noticias\">El documento detall\u00f3 que el recorrido por  Villa Mella es parte del programa \u00abMiguel en las calles\u00bb, que el  candidato presidencial perrede\u00edsta\u00a0 ha venido desarrollando para  encontrarse con su pueblo y llevarle la seguridad de un cambio en los pr\u00f3ximos  comicios.<\/p>\n<p>&#13;<\/p>\n<p align=\"justify\" class=\"text1noticias\">Explic\u00f3 que decenas de miles de personas  se unieron a la marcha caravana, exhibiendo banderas del PRD, s\u00e1banas, platos,  fundas, pa\u00f1ales y cuantos objetos de color blanco tuvieran a mano, como forma  de identificarse con los colores de la candidatura perrede\u00edsta.<\/p>\n<p>&#13;<\/p>\n<p align=\"justify\" class=\"text1noticias\">\u201cBajo la consigna \u00ab\u00a1De que se va, se  van!\u00bb, en alusi\u00f3n al pronto final del gobierno del Partido de la Liberaci\u00f3n Dominicana  (PLD) y el presidente Leonel Fern\u00e1ndez, dirigentes, militantes, simpatizantes y  la gente se mezclaron en su solo pueblo que abogaba por un cambio en sus  condiciones de vida\u201d, refiri\u00f3 el documento.<\/p>\n<p>&#13;<\/p>\n<p align=\"justify\" class=\"text1noticias\">Puntualiz\u00f3 que Vargas Maldonado estuvo  acompa\u00f1ado de su jefe de campa\u00f1a, Alfredo Pacheco, Peggy Cabral, Rafael D\u00edaz  Filpo, Daniel Lois y otros dirigentes y responsables de su campa\u00f1a  presidencial, recorri\u00f3 localidades como el Mamey, La Victoria y Punta, entre  otras.<\/p>\n<p>&#13;<\/p>\n<h6> 2008-02-13 19:12:33 <\/h6>\n<p><!--\n<link rel=\"stylesheet\" href=\"css\/bootstrap.min.css\">\n\n\n<ul class=\"pagination\">\n\t    \n\t\n\n<li >\n\t<a href='?page_no=34083'>Previous<\/a>\n\t<\/li>\n\n\n       \n    \n\n<li><a href='?page_no=1'>1<\/a><\/li>\n\n\n\n<li><a href='?page_no=2'>2<\/a><\/li>\n\n\n\n<li><a>...<\/a><\/li>\n\n\n\n<li><a href='?page_no=34082'>34082<\/a><\/li>\n\n\n\n<li><a href='?page_no=34083'>34083<\/a><\/li>\n\n\n\n<li class='active'><a>34084<\/a><\/li>\n\n\n\n<li><a href='?page_no=34085'>34085<\/a><\/li>\n\n\n\n<li><a href='?page_no=34086'>34086<\/a><\/li>\n\n\n\n<li><a>...<\/a><\/li>\n\n\n\n<li><a href='?page_no=36999'>36999<\/a><\/li>\n\n\n\n<li><a href='?page_no=37000'>37000<\/a><\/li>\n\n    \n\t\n\n<li >\n\t<a href='?page_no=34085'>Next<\/a>\n\t<\/li>\n\n\n    \n\n<li><a href='?page_no=37000'>Last &rsaquo;&rsaquo;<\/a><\/li>\n\n<\/ul>\n\n\n--><br \/>\n<\/body><\/p>\n","protected":false},"excerpt":{"rendered":"<p>Miguel Vargas dice que el candidato reeleccionista ser\u00e1 duramente castigado por convertirse en campe\u00f3n de los impuestos la manipulaci\u00f3n y el enga\u00f1o \u00a0 &#13; SANTO DOMINGO.- El candidato presidencial del Partido Revolucionario Dominicano (PRD), Miguel Vargas Maldonado afirm\u00f3 este mi\u00e9rcoles que el candidato reeleccionista ser\u00e1 duramente castigado por el electorado, por haberse constituido en el [&hellip;]<\/p>\n","protected":false},"author":3,"featured_media":0,"comment_status":"open","ping_status":"open","sticky":false,"template":"","format":"standard","meta":{"footnotes":""},"categories":[22],"tags":[],"class_list":["post-191336","post","type-post","status-publish","format-standard","hentry","category-politica"],"_links":{"self":[{"href":"https:\/\/diariodominicano.com\/index.php?rest_route=\/wp\/v2\/posts\/191336","targetHints":{"allow":["GET"]}}],"collection":[{"href":"https:\/\/diariodominicano.com\/index.php?rest_route=\/wp\/v2\/posts"}],"about":[{"href":"https:\/\/diariodominicano.com\/index.php?rest_route=\/wp\/v2\/types\/post"}],"author":[{"embeddable":true,"href":"https:\/\/diariodominicano.com\/index.php?rest_route=\/wp\/v2\/users\/3"}],"replies":[{"embeddable":true,"href":"https:\/\/diariodominicano.com\/index.php?rest_route=%2Fwp%2Fv2%2Fcomments&post=191336"}],"version-history":[{"count":0,"href":"https:\/\/diariodominicano.com\/index.php?rest_route=\/wp\/v2\/posts\/191336\/revisions"}],"wp:attachment":[{"href":"https:\/\/diariodominicano.com\/index.php?rest_route=%2Fwp%2Fv2%2Fmedia&parent=191336"}],"wp:term":[{"taxonomy":"category","embeddable":true,"href":"https:\/\/diariodominicano.com\/index.php?rest_route=%2Fwp%2Fv2%2Fcategories&post=191336"},{"taxonomy":"post_tag","embeddable":true,"href":"https:\/\/diariodominicano.com\/index.php?rest_route=%2Fwp%2Fv2%2Ftags&post=191336"}],"curies":[{"name":"wp","href":"https:\/\/api.w.org\/{rel}","templated":true}]}}