{"id":191331,"date":"2008-02-13T22:44:08","date_gmt":"2008-02-13T22:44:08","guid":{"rendered":"http:\/\/diariodominicano.ddns.net\/?p=191331"},"modified":"2008-02-13T22:44:08","modified_gmt":"2008-02-13T22:44:08","slug":"vargas-afirma-fracaso-de-la-reunion-en-la-jce-se-debio-a-que-lf-no-da-la-cara-a-compromisos","status":"publish","type":"post","link":"https:\/\/diariodominicano.com\/?p=191331","title":{"rendered":"Vargas afirma fracaso de la reuni\u00f3n en la JCE se debi\u00f3 a que LF no da la cara a compromisos"},"content":{"rendered":"<p><body><\/p>\n<p align=\"justify\" class=\"titulogrande1\"><strong>Vargas afirma  fracaso de la reuni\u00f3n en la JCE se  debi\u00f3 a que LF no da la cara a compromisos\u00a0 <\/strong><\/p>\n<p>&#13;<\/p>\n<p align=\"justify\" class=\"text1noticias\"><strong><img loading=\"lazy\" decoding=\"async\" src=\"http:\/\/localhost:8080\/pictures\/maldonado villa mella.jpg\" width=\"269\" height=\"183\" hspace=\"4\" align=\"left\" \/>Santo Domingo.-<\/strong> El candidato presidencial Miguel Vargas  afirm\u00f3 este mi\u00e9rcoles que la decisi\u00f3n del presidente Leonel Fern\u00e1ndez de no  acudir a la reuni\u00f3n convocada para el lunes por la Junta Central Electoral, con  los partidos que terciar\u00e1n en las pr\u00f3ximas elecciones, responde a su conducta  de no dar la cara, evadir sus responsabilidades y negarse a debatir los temas y  soluciones que interesan a la ciudadan\u00eda.<br \/>&#13;<br \/>\n  <br \/>&#13;<br \/>\nA esa reuni\u00f3n fueron invitados los presidentes, secretarios generales y  delgados de los partidos ante el tribunal electoral, \u00aby los partidos de  oposici\u00f3n acudieron a la reuni\u00f3n convencidos de que ese era el escenario  adecuado para comprometer al candidato reeleccionista a no seguir abusando de  los recursos del Estado en su campa\u00f1a electoral y a respetar la soberan\u00eda de  los dem\u00e1s partidos\u00bb.<br \/>&#13;<br \/>\n<br \/>&#13;<br \/>\nTambi\u00e9n se esperaba que los partidos pudieran demandar del candidato  reeleccionista que cese en su af\u00e1n de convertir la pol\u00edtica en un mercado, en  el que para \u00e9l todo se puede comprar\u00a0 y todo se puede vender.<br \/>&#13;<br \/>\n<br \/>&#13;<br \/>\n\u00abPero como era previsible para quienes siguen su conducta, evadi\u00f3 otra vez  dar la cara y asumir sus responsabilidades, pues no tuvo la cortes\u00eda de  responder a la invitaci\u00f3n de la Junta Electoral, faltando el respeto de paso a  los presidentes, secretarios generales y delegados de los dem\u00e1s partidos y  dando pie al digno retiro de los partidos Reformista Social Cristiano y  Revolucionario Dominicano\u00bb, justific\u00f3.<\/p>\n<p>&#13;<\/p>\n<p align=\"justify\" class=\"text1noticias\"><strong>\u00abMal\u00e9volo y maligno es el contrato\u00bb<\/strong><br \/>&#13;<br \/>\n  <br \/>&#13;<br \/>\nVargas fue preguntado sobre el se\u00f1alamiento hecho ayer por el presidente  Fern\u00e1ndez de que las denuncias del PRD sobre el contrato de pr\u00e9stamo de 130  millones de d\u00f3lares contra\u00eddo por su gobierno con la empresa Sun Land responden  a un plan mal\u00e9volo y maligno, y al respecto dijo: \u00abpecador no es quien  condena el pecado sino el que lo comete\u00bb.<br \/>&#13;<br \/>\n<br \/>&#13;<br \/>\nPuntualiz\u00f3 que \u00ablo mal\u00e9volo es que en violaci\u00f3n a la Constituci\u00f3n de la  Rep\u00fablica y a escondidas de la sociedad que lo va a pagar, el candidato  reeleccionista haya emitido un poder para contratar un pr\u00e9stamo por 130 millones  de d\u00f3lares\u00bb,<br \/>&#13;<br \/>\n<br \/>&#13;<br \/>\nY agreg\u00f3 que lo maligno y lo mal\u00e9volo es convocar a Palacio a un grupo de  directivos de medios, decirles que ese pr\u00e9stamo no era deuda p\u00fablica y ahora  apoyarse en declaraciones de terceros para sostener que no hay problemas con el  contrato de pr\u00e9stamo porque ya se pagaron 15 de los 19 pagar\u00e9s.<br \/>&#13;<br \/>\n<br \/>&#13;<br \/>\n\u00abTambi\u00e9n lo escuchamos atribuir al PRD\u00bb, agreg\u00f3 Vargas,  \u00a0\u00abel hecho de que en un expediente de la justicia de los Estados  Unidos solicitando a una persona en extradici\u00f3n, y que en el fallo de la  Suprema Corte de Justicia sobre ese caso apareciera una lista de obras y  concesiones que fueron entregadas sin concurso a esa persona\u00bb. Agreg\u00f3.<br \/>&#13;<br \/>\n<br \/>&#13;<br \/>\nEl candidato reeleccionista tambi\u00e9n ha querido atribuir ese hecho a una  estrategia pol\u00edtica del PRD, pero si tiene alg\u00fan reclamo al respecto lo que  debe hacer es dirigirse al gobierno de los Estados Unidos o a la Suprema Corte  de Justicia, no a nosotros. <br \/>&#13;<br \/>\n<br \/>&#13;<br \/>\nVargas consider\u00f3 que al parecer el  candidato reeleccionista est\u00e1 obsesionado con el descubrimiento de que el 16 de  agosto el pueblo lo echar\u00e1 del Palacio Nacional y eso lo lleva a atribuir al  PRD lo que considera que son sus males.<br \/>&#13;<br \/>\n<br \/>&#13;<br \/>\nConsider\u00f3 que el candidato  reeleccionista est\u00e1 desesperado porque se le est\u00e1 rompiendo la hegemon\u00eda sobre  el control de un posicionamiento electoral artificial, ya que en la realidad ha  ca\u00eddo un 10% debajo de nuestra candidatura en la preferencia del electorado, y  as\u00ed tiene que ser por su incapacidad para detener el alto costo de la vida,  controlar la delincuencia y parar en seco los esc\u00e1ndalos de corrupci\u00f3n de su  gobierno.<br \/>&#13;<br \/>\n<br \/>&#13;<br \/>\nVargas habl\u00f3 a los periodistas poco  antes de iniciar un recorrido proselitista que parti\u00f3 de las esquinas de la  avenida San Vicente de Pa\u00fal con calle Primera, siguiendo por las avenidas El  Faro, Los Pinos, Olegario Vargas, calle Francia para terminar frente al estadio  de Los Molinos, en el municipio Santo Domingo Oeste.<\/p>\n<p>&#13;<\/p>\n<h6> 2008-02-13 22:44:08 <\/h6>\n<p><!--\n<link rel=\"stylesheet\" href=\"css\/bootstrap.min.css\">\n\n\n<ul class=\"pagination\">\n\t    \n\t\n\n<li >\n\t<a href='?page_no=34078'>Previous<\/a>\n\t<\/li>\n\n\n       \n    \n\n<li><a href='?page_no=1'>1<\/a><\/li>\n\n\n\n<li><a href='?page_no=2'>2<\/a><\/li>\n\n\n\n<li><a>...<\/a><\/li>\n\n\n\n<li><a href='?page_no=34077'>34077<\/a><\/li>\n\n\n\n<li><a href='?page_no=34078'>34078<\/a><\/li>\n\n\n\n<li class='active'><a>34079<\/a><\/li>\n\n\n\n<li><a href='?page_no=34080'>34080<\/a><\/li>\n\n\n\n<li><a href='?page_no=34081'>34081<\/a><\/li>\n\n\n\n<li><a>...<\/a><\/li>\n\n\n\n<li><a href='?page_no=36999'>36999<\/a><\/li>\n\n\n\n<li><a href='?page_no=37000'>37000<\/a><\/li>\n\n    \n\t\n\n<li >\n\t<a href='?page_no=34080'>Next<\/a>\n\t<\/li>\n\n\n    \n\n<li><a href='?page_no=37000'>Last &rsaquo;&rsaquo;<\/a><\/li>\n\n<\/ul>\n\n\n--><br \/>\n<\/body><\/p>\n","protected":false},"excerpt":{"rendered":"<p>Vargas afirma fracaso de la reuni\u00f3n en la JCE se debi\u00f3 a que LF no da la cara a compromisos\u00a0 &#13; Santo Domingo.- El candidato presidencial Miguel Vargas afirm\u00f3 este mi\u00e9rcoles que la decisi\u00f3n del presidente Leonel Fern\u00e1ndez de no acudir a la reuni\u00f3n convocada para el lunes por la Junta Central Electoral, con los [&hellip;]<\/p>\n","protected":false},"author":3,"featured_media":0,"comment_status":"open","ping_status":"open","sticky":false,"template":"","format":"standard","meta":{"footnotes":""},"categories":[22],"tags":[],"class_list":["post-191331","post","type-post","status-publish","format-standard","hentry","category-politica"],"_links":{"self":[{"href":"https:\/\/diariodominicano.com\/index.php?rest_route=\/wp\/v2\/posts\/191331","targetHints":{"allow":["GET"]}}],"collection":[{"href":"https:\/\/diariodominicano.com\/index.php?rest_route=\/wp\/v2\/posts"}],"about":[{"href":"https:\/\/diariodominicano.com\/index.php?rest_route=\/wp\/v2\/types\/post"}],"author":[{"embeddable":true,"href":"https:\/\/diariodominicano.com\/index.php?rest_route=\/wp\/v2\/users\/3"}],"replies":[{"embeddable":true,"href":"https:\/\/diariodominicano.com\/index.php?rest_route=%2Fwp%2Fv2%2Fcomments&post=191331"}],"version-history":[{"count":0,"href":"https:\/\/diariodominicano.com\/index.php?rest_route=\/wp\/v2\/posts\/191331\/revisions"}],"wp:attachment":[{"href":"https:\/\/diariodominicano.com\/index.php?rest_route=%2Fwp%2Fv2%2Fmedia&parent=191331"}],"wp:term":[{"taxonomy":"category","embeddable":true,"href":"https:\/\/diariodominicano.com\/index.php?rest_route=%2Fwp%2Fv2%2Fcategories&post=191331"},{"taxonomy":"post_tag","embeddable":true,"href":"https:\/\/diariodominicano.com\/index.php?rest_route=%2Fwp%2Fv2%2Ftags&post=191331"}],"curies":[{"name":"wp","href":"https:\/\/api.w.org\/{rel}","templated":true}]}}