{"id":191330,"date":"2008-02-14T00:59:48","date_gmt":"2008-02-14T00:59:48","guid":{"rendered":"http:\/\/diariodominicano.ddns.net\/?p=191330"},"modified":"2008-02-14T00:59:48","modified_gmt":"2008-02-14T00:59:48","slug":"morales-troncoso-no-debemos-ser-triunfalistas-y-trabajar-juntos-por-la-reeleccion-del-presidente-fernandez","status":"publish","type":"post","link":"https:\/\/diariodominicano.com\/?p=191330","title":{"rendered":"Morales Troncoso \u201cNo debemos ser triunfalistas y trabajar juntos por la reelecci\u00f3n del presidente Fern\u00e1ndez\u201d"},"content":{"rendered":"<p><body><\/p>\n<p align=\"justify\" class=\"titulogrande1\"><strong>Morales  Troncoso:<\/strong> <strong>\u201cNo debemos ser triunfalistas y trabajar juntos por la reelecci\u00f3n del  presidente Fern\u00e1ndez\u201d<\/strong><\/p>\n<p>&#13;<\/p>\n<p align=\"justify\" class=\"text1noticias\"><strong><img loading=\"lazy\" decoding=\"async\" src=\"http:\/\/localhost:8080\/pictures\/morales troncoso pld.jpg\" width=\"269\" height=\"181\" hspace=\"4\" align=\"left\" \/>Santo Domingo.-<\/strong> Carlos Morales Troncoso, l\u00edder del Consejo Presidencial y el Movimiento  Primera Vuelta, asegur\u00f3 que a pesar de lo f\u00e1cil que resulta el contar con un  candidato que tan solo iniciando la campa\u00f1a cuenta con m\u00e1s de un 50 % de los  votos, es preciso trabajar sin descanso para garantizar el triunfo de la  reelecci\u00f3n del Presidente Fern\u00e1ndez.<\/p>\n<p>&#13;<\/p>\n<p align=\"justify\" class=\"text1noticias\">Durante el acto de inauguraci\u00f3n de la Casa de Campa\u00f1a del Consejo  Presidencial en la Ciudad de Santiago, Morales Troncoso recalc\u00f3 que no se debe  ser triunfalista porque \u201ccamar\u00f3n que se duerme se lo lleva la corriente\u201d. <\/p>\n<p>&#13;<\/p>\n<p align=\"justify\" class=\"text1noticias\">No obstante, indic\u00f3 a los seguidores de Santiago, que los recorridos que  ha realizado por todo lo largo y ancho del pa\u00eds, le permiten asegurar que el  Presidente Fern\u00e1ndez es el ganador seguro de las elecciones elecciones, en  primera vuelta.<\/p>\n<p>&#13;<\/p>\n<p align=\"justify\" class=\"text1noticias\">\u201cCon relaci\u00f3n a los nuevos votantes, les puedo asegurar que los  instrumentos de medici\u00f3n de encuestas que tenemos a mano dan cuenta de que  nuestro candidato cuenta con m\u00e1s de un 60 % de preferencia entre las mujeres,  mientras que los j\u00f3venes aportaran en estas elecciones por lo menos 10 puntos\u201d.<\/p>\n<p>&#13;<\/p>\n<p align=\"justify\" class=\"text1noticias\">Morales Troncoso, resalto que el excelente  desempe\u00f1o de los profesionales de Santiago en todas partes del mundo. \u201cLa  calidad de los empresarios, gerentes y funcionarios santiagueros frente a  profesionales de cualquier nacionalidad, es un motivo de orgullo para los  dominicanos\u201d.<\/p>\n<p>&#13;<\/p>\n<p align=\"justify\" class=\"text1noticias\">La mesa principal durante el acto de inauguraci\u00f3n, estuvo encabezada por  el senador de Saman\u00e1 Prim Pujals, los hemanos Sim\u00f3n y Rafaelina Sued, Sergio  Pascual, Chelo Gaspar y Jimmy Perell\u00f3. Se destaco la presencia, tambi\u00e9n, de la  l\u00edder juvenil de Bonao, Tati Santos.<\/p>\n<p>&#13;<\/p>\n<p align=\"justify\" class=\"text1noticias\">La reci\u00e9n inaugurada casa de Campa\u00f1a del Consejo Presidencial esta  ubicada en la calle Erick Edm\u00e1n #30, en los Cerros de Gurabo.<\/p>\n<p>&#13;<\/p>\n<h6> 2008-02-14 00:59:48 <\/h6>\n<p><!--\n<link rel=\"stylesheet\" href=\"css\/bootstrap.min.css\">\n\n\n<ul class=\"pagination\">\n\t    \n\t\n\n<li >\n\t<a href='?page_no=34077'>Previous<\/a>\n\t<\/li>\n\n\n       \n    \n\n<li><a href='?page_no=1'>1<\/a><\/li>\n\n\n\n<li><a href='?page_no=2'>2<\/a><\/li>\n\n\n\n<li><a>...<\/a><\/li>\n\n\n\n<li><a href='?page_no=34076'>34076<\/a><\/li>\n\n\n\n<li><a href='?page_no=34077'>34077<\/a><\/li>\n\n\n\n<li class='active'><a>34078<\/a><\/li>\n\n\n\n<li><a href='?page_no=34079'>34079<\/a><\/li>\n\n\n\n<li><a href='?page_no=34080'>34080<\/a><\/li>\n\n\n\n<li><a>...<\/a><\/li>\n\n\n\n<li><a href='?page_no=36999'>36999<\/a><\/li>\n\n\n\n<li><a href='?page_no=37000'>37000<\/a><\/li>\n\n    \n\t\n\n<li >\n\t<a href='?page_no=34079'>Next<\/a>\n\t<\/li>\n\n\n    \n\n<li><a href='?page_no=37000'>Last &rsaquo;&rsaquo;<\/a><\/li>\n\n<\/ul>\n\n\n--><br \/>\n<\/body><\/p>\n","protected":false},"excerpt":{"rendered":"<p>Morales Troncoso: \u201cNo debemos ser triunfalistas y trabajar juntos por la reelecci\u00f3n del presidente Fern\u00e1ndez\u201d &#13; Santo Domingo.- Carlos Morales Troncoso, l\u00edder del Consejo Presidencial y el Movimiento Primera Vuelta, asegur\u00f3 que a pesar de lo f\u00e1cil que resulta el contar con un candidato que tan solo iniciando la campa\u00f1a cuenta con m\u00e1s de un [&hellip;]<\/p>\n","protected":false},"author":3,"featured_media":0,"comment_status":"open","ping_status":"open","sticky":false,"template":"","format":"standard","meta":{"footnotes":""},"categories":[22],"tags":[],"class_list":["post-191330","post","type-post","status-publish","format-standard","hentry","category-politica"],"_links":{"self":[{"href":"https:\/\/diariodominicano.com\/index.php?rest_route=\/wp\/v2\/posts\/191330","targetHints":{"allow":["GET"]}}],"collection":[{"href":"https:\/\/diariodominicano.com\/index.php?rest_route=\/wp\/v2\/posts"}],"about":[{"href":"https:\/\/diariodominicano.com\/index.php?rest_route=\/wp\/v2\/types\/post"}],"author":[{"embeddable":true,"href":"https:\/\/diariodominicano.com\/index.php?rest_route=\/wp\/v2\/users\/3"}],"replies":[{"embeddable":true,"href":"https:\/\/diariodominicano.com\/index.php?rest_route=%2Fwp%2Fv2%2Fcomments&post=191330"}],"version-history":[{"count":0,"href":"https:\/\/diariodominicano.com\/index.php?rest_route=\/wp\/v2\/posts\/191330\/revisions"}],"wp:attachment":[{"href":"https:\/\/diariodominicano.com\/index.php?rest_route=%2Fwp%2Fv2%2Fmedia&parent=191330"}],"wp:term":[{"taxonomy":"category","embeddable":true,"href":"https:\/\/diariodominicano.com\/index.php?rest_route=%2Fwp%2Fv2%2Fcategories&post=191330"},{"taxonomy":"post_tag","embeddable":true,"href":"https:\/\/diariodominicano.com\/index.php?rest_route=%2Fwp%2Fv2%2Ftags&post=191330"}],"curies":[{"name":"wp","href":"https:\/\/api.w.org\/{rel}","templated":true}]}}