{"id":191329,"date":"2008-02-14T01:45:29","date_gmt":"2008-02-14T01:45:29","guid":{"rendered":"http:\/\/diariodominicano.ddns.net\/?p=191329"},"modified":"2008-02-14T01:45:29","modified_gmt":"2008-02-14T01:45:29","slug":"dominguez-brito-dice-que-la-perdida-de-empleos-reduce-porcentaje-dan-encuesta-a-leonel","status":"publish","type":"post","link":"https:\/\/diariodominicano.com\/?p=191329","title":{"rendered":"Dom\u00ednguez Brito dice que la p\u00e9rdida de empleos reduce porcentaje dan encuesta a Leonel"},"content":{"rendered":"<p><body><\/p>\n<p align=\"justify\" class=\"titulogrande1\">Dom\u00ednguez\u00a0 Brito dice que la p\u00e9rdida de empleos reduce  porcentaje dan encuesta a Leonel<\/p>\n<p>&#13;<\/p>\n<p align=\"justify\" class=\"text1noticias\"><strong><img loading=\"lazy\" decoding=\"async\" src=\"http:\/\/localhost:8080\/pictures\/francisco dominguez brito pic.jpg\" width=\"269\" height=\"317\" hspace=\"4\" align=\"left\" \/>Santo Domingo.-<\/strong> El senador de  la provincia Santiago consider\u00f3 que la p\u00e9rdida de empleos de m\u00e1s de 20 mil obreros  y al aumento de los precios en el sector agropecuario, es la causa del bajo  porcentaje que obtuvo el presidente  Leonel Fern\u00e1ndez en una encuesta patrocinada por un medio comunicaci\u00f3n. <\/p>\n<p>&#13;<\/p>\n<p align=\"justify\" class=\"text1noticias\">Francisco Dom\u00ednguez Brito  precis\u00f3 que esa p\u00e9rdida de empleo produjo en el comercio de la regi\u00f3n un da\u00f1o a  la econom\u00eda debido a la disminuci\u00f3n en el consumo \u00absituaci\u00f3n que afect\u00f3 el  mercado\u00bb, indic\u00f3. <\/p>\n<p>&#13;<\/p>\n<p align=\"justify\" class=\"text1noticias\">Dijo que a esa situaci\u00f3n se  sum\u00f3 los problemas del aumento en los precios del sector agropecuario producto  de la crisis internacional, lo que produjo un descontento en la poblaci\u00f3n\u00a0reflej\u00e1ndose en la encuesta. <\/p>\n<p>&#13;<\/p>\n<p align=\"justify\" class=\"text1noticias\">Aclar\u00f3 que esos comercios se  vieron afectados pero de inmediato el mandatario trabaj\u00f3 para solucionar esa  situaci\u00f3n. <\/p>\n<p>&#13;<\/p>\n<p align=\"justify\" class=\"text1noticias\">A\u00f1adi\u00f3 que \u00absi hacemos  un an\u00e1lisis a la candidatura del presidente Leonel Fern\u00e1ndez y esta se compara  con los dem\u00e1s partidos se dar\u00e1n cuenta que el candidato reeleccionista podr\u00e1  mantener la estabilidad econ\u00f3mica que necesita el pa\u00eds\u00bb. <\/p>\n<p>&#13;<\/p>\n<p align=\"justify\" class=\"text1noticias\">Consider\u00f3 adem\u00e1s que el  Partido Revolucionario Dominicano (PRD) no garantiza la estabilidad  institucional y confianza econ\u00f3mica que requiere el pa\u00eds. <\/p>\n<p>&#13;<\/p>\n<p align=\"justify\" class=\"text1noticias\">Apunt\u00f3 que en Santiago en el  marco cultural, urbano y educativo el Gobierno ha trabajado en la  reestructuraci\u00f3n del mismo. <\/p>\n<p>&#13;<\/p>\n<p align=\"justify\" class=\"text1noticias\">Por otra parte, Francisco  Dom\u00ednguez Brito, dijo no entender porque algunos partidos acusan al Gobierno de  violentar la constituci\u00f3n cuando la mayor\u00eda congresional pertenece al partido  de la Liberaci\u00f3n   Dominicana (PLD). <\/p>\n<p>&#13;<\/p>\n<p align=\"justify\" class=\"text1noticias\">A\u00f1adi\u00f3 que \u00abyo lo que no  veo es la intenci\u00f3n del Gobierno de enga\u00f1ar al pa\u00eds porque para m\u00ed carece de  l\u00f3gica que el Poder Ejecutivo quiera enga\u00f1ar al Congreso\u00bb. <\/p>\n<p>&#13;<\/p>\n<h6> 2008-02-14 01:45:29 <\/h6>\n<p><!--\n<link rel=\"stylesheet\" href=\"css\/bootstrap.min.css\">\n\n\n<ul class=\"pagination\">\n\t    \n\t\n\n<li >\n\t<a href='?page_no=34076'>Previous<\/a>\n\t<\/li>\n\n\n       \n    \n\n<li><a href='?page_no=1'>1<\/a><\/li>\n\n\n\n<li><a href='?page_no=2'>2<\/a><\/li>\n\n\n\n<li><a>...<\/a><\/li>\n\n\n\n<li><a href='?page_no=34075'>34075<\/a><\/li>\n\n\n\n<li><a href='?page_no=34076'>34076<\/a><\/li>\n\n\n\n<li class='active'><a>34077<\/a><\/li>\n\n\n\n<li><a href='?page_no=34078'>34078<\/a><\/li>\n\n\n\n<li><a href='?page_no=34079'>34079<\/a><\/li>\n\n\n\n<li><a>...<\/a><\/li>\n\n\n\n<li><a href='?page_no=36999'>36999<\/a><\/li>\n\n\n\n<li><a href='?page_no=37000'>37000<\/a><\/li>\n\n    \n\t\n\n<li >\n\t<a href='?page_no=34078'>Next<\/a>\n\t<\/li>\n\n\n    \n\n<li><a href='?page_no=37000'>Last &rsaquo;&rsaquo;<\/a><\/li>\n\n<\/ul>\n\n\n--><br \/>\n<\/body><\/p>\n","protected":false},"excerpt":{"rendered":"<p>Dom\u00ednguez\u00a0 Brito dice que la p\u00e9rdida de empleos reduce porcentaje dan encuesta a Leonel &#13; Santo Domingo.- El senador de la provincia Santiago consider\u00f3 que la p\u00e9rdida de empleos de m\u00e1s de 20 mil obreros y al aumento de los precios en el sector agropecuario, es la causa del bajo porcentaje que obtuvo el presidente [&hellip;]<\/p>\n","protected":false},"author":3,"featured_media":0,"comment_status":"open","ping_status":"open","sticky":false,"template":"","format":"standard","meta":{"footnotes":""},"categories":[22],"tags":[],"class_list":["post-191329","post","type-post","status-publish","format-standard","hentry","category-politica"],"_links":{"self":[{"href":"https:\/\/diariodominicano.com\/index.php?rest_route=\/wp\/v2\/posts\/191329","targetHints":{"allow":["GET"]}}],"collection":[{"href":"https:\/\/diariodominicano.com\/index.php?rest_route=\/wp\/v2\/posts"}],"about":[{"href":"https:\/\/diariodominicano.com\/index.php?rest_route=\/wp\/v2\/types\/post"}],"author":[{"embeddable":true,"href":"https:\/\/diariodominicano.com\/index.php?rest_route=\/wp\/v2\/users\/3"}],"replies":[{"embeddable":true,"href":"https:\/\/diariodominicano.com\/index.php?rest_route=%2Fwp%2Fv2%2Fcomments&post=191329"}],"version-history":[{"count":0,"href":"https:\/\/diariodominicano.com\/index.php?rest_route=\/wp\/v2\/posts\/191329\/revisions"}],"wp:attachment":[{"href":"https:\/\/diariodominicano.com\/index.php?rest_route=%2Fwp%2Fv2%2Fmedia&parent=191329"}],"wp:term":[{"taxonomy":"category","embeddable":true,"href":"https:\/\/diariodominicano.com\/index.php?rest_route=%2Fwp%2Fv2%2Fcategories&post=191329"},{"taxonomy":"post_tag","embeddable":true,"href":"https:\/\/diariodominicano.com\/index.php?rest_route=%2Fwp%2Fv2%2Ftags&post=191329"}],"curies":[{"name":"wp","href":"https:\/\/api.w.org\/{rel}","templated":true}]}}