{"id":191327,"date":"2008-02-14T01:55:12","date_gmt":"2008-02-14T01:55:12","guid":{"rendered":"http:\/\/diariodominicano.ddns.net\/?p=191327"},"modified":"2008-02-14T01:55:12","modified_gmt":"2008-02-14T01:55:12","slug":"prsc-inscribira-candidatura-de-amable-aristy-castro-el-martes-19","status":"publish","type":"post","link":"https:\/\/diariodominicano.com\/?p=191327","title":{"rendered":"PRSC inscribir\u00e1 candidatura de Amable Aristy Castro, el martes 19"},"content":{"rendered":"<p><body><\/p>\n<p class=\"titulogrande1\">PRSC  inscribir\u00e1 candidatura de Amable Aristy Castro, el martes 19<\/p>\n<p>&#13;<\/p>\n<p align=\"justify\" class=\"text1noticias\"><strong>SANTO DOMINGO.-<\/strong> El Partido  Reformista Social Cristiano (PRSC) inform\u00f3 \u00a0que el pr\u00f3ximo martes 19 de este mes  inscribir\u00e1 ante la Junta   Central Electoral a su candidato presidencia, Amable Aristy  Castro.<\/p>\n<p>&#13;<\/p>\n<p align=\"justify\" class=\"text1noticias\">En rueda de prensa en la sede  de ese organismo, Quique Ant\u00fan Batlle y V\u00edctor G\u00f3mez Casanova,, presidente y  secretario respectivamente, indicaron que la inscripci\u00f3n de su candidato se  realizar\u00e1 a las 11:00 a.m. en la Junta Central Electoral.<\/p>\n<p>&#13;<\/p>\n<p align=\"justify\" class=\"text1noticias\">Ambos dirigentes, indicaron  que la comisi\u00f3n pol\u00edtica de ese partido tom\u00f3 la decisi\u00f3n para despejar las  dudas en torno a la candidatura de Aristy Castro.<\/p>\n<p>&#13;<\/p>\n<p align=\"justify\" class=\"text1noticias\">Indicaron que rechazan  cualquier tipo de rumor en desmedro de su candidato, relacionado con cualquier alianza  con otros partidos.<\/p>\n<p>&#13;<\/p>\n<p align=\"justify\" class=\"text1noticias\">\u201cQue nadie se deje confundir.  Que ning\u00fan dominicano o dominicana se deje confundir por nuestros enemigos, el  PRSC y su candidato acudir\u00e1n a las elecciones del pr\u00f3ximo 16 de mayo\u201d, indican.<\/p>\n<p>&#13;<\/p>\n<p align=\"justify\" class=\"text1noticias\">Destacaron que esa  organizaci\u00f3n pol\u00edtica rechaza cualquier acusaci\u00f3n que haga alg\u00fan sector de la  sociedad en el sentido de practicar una campa\u00f1a sucia o negativa, tras indicar  que el partido ha realizado una propaganda con altura y respeto. <\/p>\n<p>&#13;<\/p>\n<h6> 2008-02-14 01:55:12 <\/h6>\n<p><!--\n<link rel=\"stylesheet\" href=\"css\/bootstrap.min.css\">\n\n\n<ul class=\"pagination\">\n\t    \n\t\n\n<li >\n\t<a href='?page_no=34074'>Previous<\/a>\n\t<\/li>\n\n\n       \n    \n\n<li><a href='?page_no=1'>1<\/a><\/li>\n\n\n\n<li><a href='?page_no=2'>2<\/a><\/li>\n\n\n\n<li><a>...<\/a><\/li>\n\n\n\n<li><a href='?page_no=34073'>34073<\/a><\/li>\n\n\n\n<li><a href='?page_no=34074'>34074<\/a><\/li>\n\n\n\n<li class='active'><a>34075<\/a><\/li>\n\n\n\n<li><a href='?page_no=34076'>34076<\/a><\/li>\n\n\n\n<li><a href='?page_no=34077'>34077<\/a><\/li>\n\n\n\n<li><a>...<\/a><\/li>\n\n\n\n<li><a href='?page_no=36999'>36999<\/a><\/li>\n\n\n\n<li><a href='?page_no=37000'>37000<\/a><\/li>\n\n    \n\t\n\n<li >\n\t<a href='?page_no=34076'>Next<\/a>\n\t<\/li>\n\n\n    \n\n<li><a href='?page_no=37000'>Last &rsaquo;&rsaquo;<\/a><\/li>\n\n<\/ul>\n\n\n--><br \/>\n<\/body><\/p>\n","protected":false},"excerpt":{"rendered":"<p>PRSC inscribir\u00e1 candidatura de Amable Aristy Castro, el martes 19 &#13; SANTO DOMINGO.- El Partido Reformista Social Cristiano (PRSC) inform\u00f3 \u00a0que el pr\u00f3ximo martes 19 de este mes inscribir\u00e1 ante la Junta Central Electoral a su candidato presidencia, Amable Aristy Castro. &#13; En rueda de prensa en la sede de ese organismo, Quique Ant\u00fan Batlle [&hellip;]<\/p>\n","protected":false},"author":3,"featured_media":0,"comment_status":"open","ping_status":"open","sticky":false,"template":"","format":"standard","meta":{"footnotes":""},"categories":[22],"tags":[],"class_list":["post-191327","post","type-post","status-publish","format-standard","hentry","category-politica"],"_links":{"self":[{"href":"https:\/\/diariodominicano.com\/index.php?rest_route=\/wp\/v2\/posts\/191327","targetHints":{"allow":["GET"]}}],"collection":[{"href":"https:\/\/diariodominicano.com\/index.php?rest_route=\/wp\/v2\/posts"}],"about":[{"href":"https:\/\/diariodominicano.com\/index.php?rest_route=\/wp\/v2\/types\/post"}],"author":[{"embeddable":true,"href":"https:\/\/diariodominicano.com\/index.php?rest_route=\/wp\/v2\/users\/3"}],"replies":[{"embeddable":true,"href":"https:\/\/diariodominicano.com\/index.php?rest_route=%2Fwp%2Fv2%2Fcomments&post=191327"}],"version-history":[{"count":0,"href":"https:\/\/diariodominicano.com\/index.php?rest_route=\/wp\/v2\/posts\/191327\/revisions"}],"wp:attachment":[{"href":"https:\/\/diariodominicano.com\/index.php?rest_route=%2Fwp%2Fv2%2Fmedia&parent=191327"}],"wp:term":[{"taxonomy":"category","embeddable":true,"href":"https:\/\/diariodominicano.com\/index.php?rest_route=%2Fwp%2Fv2%2Fcategories&post=191327"},{"taxonomy":"post_tag","embeddable":true,"href":"https:\/\/diariodominicano.com\/index.php?rest_route=%2Fwp%2Fv2%2Ftags&post=191327"}],"curies":[{"name":"wp","href":"https:\/\/api.w.org\/{rel}","templated":true}]}}