{"id":191324,"date":"2008-02-14T15:12:45","date_gmt":"2008-02-14T15:12:45","guid":{"rendered":"http:\/\/diariodominicano.ddns.net\/?p=191324"},"modified":"2008-02-14T15:12:45","modified_gmt":"2008-02-14T15:12:45","slug":"ptd-defiende-programa-otorga-rd3000-por-trabajo-realizado","status":"publish","type":"post","link":"https:\/\/diariodominicano.com\/?p=191324","title":{"rendered":"PTD defiende programa otorga RD$3,000 por trabajo realizado"},"content":{"rendered":"<p><body><\/p>\n<p class=\"titulogrande1\">PTD defiende programa otorga RD$3,000 por trabajo realizado<\/p>\n<p>&#13;<\/p>\n<p align=\"justify\" class=\"text1noticias\"><strong><img loading=\"lazy\" decoding=\"async\" src=\"http:\/\/localhost:8080\/pictures\/ptd.jpg\" width=\"269\" height=\"227\" hspace=\"4\" align=\"left\" \/>SAN  CRISTOBAL.-<\/strong> El presidente del comit\u00e9 municipal del Partido de los Trabajadores  Dominicanos (PTD) en San Crist\u00f3bal, defendi\u00f3 el programa \u201cVamos arriba\u201d que  lleva el Gabinete Social de la Presidencia por medio del cual cientos de  personas reciben RD$3,000 por tres meses.<\/p>\n<p>&#13;<\/p>\n<p align=\"justify\" class=\"text1noticias\">Carlos  Brito aclar\u00f3 que los recursos no son otorgados gratuitamente a los  beneficiados, sino por la realizaci\u00f3n de una labor determinada.<\/p>\n<p>&#13;<\/p>\n<p align=\"justify\" class=\"text1noticias\">Manifest\u00f3  que el programa se viene realizando desde junio del a\u00f1o 2007.<\/p>\n<p>&#13;<\/p>\n<p align=\"justify\" class=\"text1noticias\">Puso  como ejemplo que los que participan del programa laboran cuatro horas diarias, de lunes a  viernes.<\/p>\n<p>&#13;<\/p>\n<p align=\"justify\" class=\"text1noticias\">El  agr\u00f3nomo\u00a0 Brito dijo que los participan  en el programa \u201cVamos Arriba\u201d desempe\u00f1an funciones de limpiezas en centros  comunales, v\u00edas p\u00fablicas y reconstrucci\u00f3n de viviendas afectadas por los  fen\u00f3menos naturales que azotaron el pa\u00eds y jornadas de fumigaci\u00f3n.<\/p>\n<p>&#13;<\/p>\n<p align=\"justify\" class=\"text1noticias\">Expuso  que este programa se desarrolla por tres meses y luego es renovado nuevamente,  pero siempre cumpliendo con una funci\u00f3n en especial.<\/p>\n<p>&#13;<\/p>\n<p align=\"justify\" class=\"text1noticias\">El  presidente del PTD en San Crist\u00f3bal cuestion\u00f3 que distintos sectores pol\u00edticos  censuren el programa sin conocerlo.<\/p>\n<p>&#13;<\/p>\n<p align=\"justify\" class=\"text1noticias\">Dijo  que con ello el Gobierno busca mitigar la pobreza y motorizar la econom\u00eda  nacional. <\/p>\n<p>&#13;<\/p>\n<h6> 2008-02-14 15:12:45 <\/h6>\n<p><!--\n<link rel=\"stylesheet\" href=\"css\/bootstrap.min.css\">\n\n\n<ul class=\"pagination\">\n\t    \n\t\n\n<li >\n\t<a href='?page_no=34071'>Previous<\/a>\n\t<\/li>\n\n\n       \n    \n\n<li><a href='?page_no=1'>1<\/a><\/li>\n\n\n\n<li><a href='?page_no=2'>2<\/a><\/li>\n\n\n\n<li><a>...<\/a><\/li>\n\n\n\n<li><a href='?page_no=34070'>34070<\/a><\/li>\n\n\n\n<li><a href='?page_no=34071'>34071<\/a><\/li>\n\n\n\n<li class='active'><a>34072<\/a><\/li>\n\n\n\n<li><a href='?page_no=34073'>34073<\/a><\/li>\n\n\n\n<li><a href='?page_no=34074'>34074<\/a><\/li>\n\n\n\n<li><a>...<\/a><\/li>\n\n\n\n<li><a href='?page_no=36999'>36999<\/a><\/li>\n\n\n\n<li><a href='?page_no=37000'>37000<\/a><\/li>\n\n    \n\t\n\n<li >\n\t<a href='?page_no=34073'>Next<\/a>\n\t<\/li>\n\n\n    \n\n<li><a href='?page_no=37000'>Last &rsaquo;&rsaquo;<\/a><\/li>\n\n<\/ul>\n\n\n--><br \/>\n<\/body><\/p>\n","protected":false},"excerpt":{"rendered":"<p>PTD defiende programa otorga RD$3,000 por trabajo realizado &#13; SAN CRISTOBAL.- El presidente del comit\u00e9 municipal del Partido de los Trabajadores Dominicanos (PTD) en San Crist\u00f3bal, defendi\u00f3 el programa \u201cVamos arriba\u201d que lleva el Gabinete Social de la Presidencia por medio del cual cientos de personas reciben RD$3,000 por tres meses. &#13; Carlos Brito aclar\u00f3 [&hellip;]<\/p>\n","protected":false},"author":3,"featured_media":0,"comment_status":"open","ping_status":"open","sticky":false,"template":"","format":"standard","meta":{"footnotes":""},"categories":[22],"tags":[],"class_list":["post-191324","post","type-post","status-publish","format-standard","hentry","category-politica"],"_links":{"self":[{"href":"https:\/\/diariodominicano.com\/index.php?rest_route=\/wp\/v2\/posts\/191324","targetHints":{"allow":["GET"]}}],"collection":[{"href":"https:\/\/diariodominicano.com\/index.php?rest_route=\/wp\/v2\/posts"}],"about":[{"href":"https:\/\/diariodominicano.com\/index.php?rest_route=\/wp\/v2\/types\/post"}],"author":[{"embeddable":true,"href":"https:\/\/diariodominicano.com\/index.php?rest_route=\/wp\/v2\/users\/3"}],"replies":[{"embeddable":true,"href":"https:\/\/diariodominicano.com\/index.php?rest_route=%2Fwp%2Fv2%2Fcomments&post=191324"}],"version-history":[{"count":0,"href":"https:\/\/diariodominicano.com\/index.php?rest_route=\/wp\/v2\/posts\/191324\/revisions"}],"wp:attachment":[{"href":"https:\/\/diariodominicano.com\/index.php?rest_route=%2Fwp%2Fv2%2Fmedia&parent=191324"}],"wp:term":[{"taxonomy":"category","embeddable":true,"href":"https:\/\/diariodominicano.com\/index.php?rest_route=%2Fwp%2Fv2%2Fcategories&post=191324"},{"taxonomy":"post_tag","embeddable":true,"href":"https:\/\/diariodominicano.com\/index.php?rest_route=%2Fwp%2Fv2%2Ftags&post=191324"}],"curies":[{"name":"wp","href":"https:\/\/api.w.org\/{rel}","templated":true}]}}