{"id":190991,"date":"2008-04-03T23:43:47","date_gmt":"2008-04-03T23:43:47","guid":{"rendered":"http:\/\/diariodominicano.ddns.net\/?p=190991"},"modified":"2008-04-03T23:43:47","modified_gmt":"2008-04-03T23:43:47","slug":"amable-y-jose-enrique-dispuestos-a-tomar-licencias-de-sus-cargos","status":"publish","type":"post","link":"https:\/\/diariodominicano.com\/?p=190991","title":{"rendered":"Amable y Jos\u00e9 Enrique dispuestos a tomar licencias de sus cargos"},"content":{"rendered":"<p><body><\/p>\n<p class=\"titulogrande1\"><strong>Amable y Jos\u00e9 Enrique dispuestos a  tomar licencias de sus cargos<\/strong><\/p>\n<p>&#13;<\/p>\n<p align=\"justify\" class=\"text1noticias\"><strong>Binomio de los pobres dice est\u00e1n  comprometidos con la transparencia y fortalecimiento institucional <\/strong><\/p>\n<p>&#13;<\/p>\n<p align=\"justify\" class=\"text1noticias\"><strong><img loading=\"lazy\" decoding=\"async\" src=\"http:\/\/localhost:8080\/img\/amable boca chica.jpg\" width=\"375\" height=\"498\" hspace=\"4\" align=\"left\" \/>Boca Chica.- <\/strong>Los candidatos Presidencial y Vicepresidencial del  PRSC, Lic. Amable Aristy Castro y Jos\u00e9 Enrique Sued, expresaron hoy su  disposici\u00f3n de tomar licencia de sus cargos en procura de contribuir con la  transparencia y el fortalecimiento institucional que demanda nuestra democracia  en la crisis pol\u00edtica que la afecta fruto de la reelecci\u00f3n presidencial.<\/p>\n<p>&#13;<\/p>\n<p align=\"justify\" class=\"text1noticias\">Aristy Castro y Sued Sem, hablando por separado dijeron tener la intenci\u00f3n  de establecer un nuevo precedente de civismo al dejar los cargos de Secretario  General de la Liga Municipal y S\u00edndico de Santiago respectivamente, hasta tanto  concluya el proceso electoral, como lo hiciera el Dr. Balaguer el 16 de abril  del 1970.<\/p>\n<p>&#13;<\/p>\n<p align=\"justify\" class=\"text1noticias\">\u201cLas leyes no son de interpretaci\u00f3n y no hay nada que nos obligue a Jos\u00e9  Enrique y a mi tomar licencia, pues ambos somos funcionarios de elecci\u00f3n uno  directo y otro de segundo grado, lo que nos motiva a estar dispuestos a ello,  es la transparencia y fortalecimiento institucional que necesita nuestra  democracia\u201d indic\u00f3 Aristy Castro.<\/p>\n<p>&#13;<\/p>\n<p align=\"justify\" class=\"text1noticias\">Expres\u00f3 que los afanes reeleccionistas han creado una gran crisis pol\u00edtica  en la Rep\u00fablica Dominicana y que esta no se limita al uso ilegal y abusivo de  los recursos del Estado y a la compra de conciencia de dirigentes de la  oposici\u00f3n, sino que tambi\u00e9n existe una persecuci\u00f3n fiscal y otra pol\u00edtica.<\/p>\n<p>&#13;<\/p>\n<p align=\"justify\" class=\"text1noticias\">\u201cAl otro d\u00eda de ser escogido como candidato del Partido Reformista, el  Gobierno del PLD comenz\u00f3 una feroz persecuci\u00f3n en contra nuestra, primero  modificaron la Ley Municipal, reduciendo las atribuciones,\u00a0 influencias y recursos de la Liga Municipal Dominicana,  segundo despidieron un grupo de Inspectores de la C\u00e1mara de Cuentas que  usualmente fiscalizaban la Liga Municipal y hace seis meses que tienen  intervenida con este organismo la Liga, tercero, al otro d\u00eda de anunciar al  Lic. Jos\u00e9 Enrique Sued actual s\u00edndico de Santiago como candidato  Vicepresidencial, llegaron los Inspectores de la C\u00e1mara de Cuentas a dicho  Ayuntamiento, todo esto con la intenci\u00f3n de obligarnos a llegar a un acuerdo  pol\u00edtico con el PLD, pero no podr\u00e1n lograrlo\u201d.<\/p>\n<p>&#13;<\/p>\n<p align=\"justify\" class=\"text1noticias\">Aristy Castro se\u00f1al\u00f3 que la reciente encuesta Hamilton-El D\u00eda es la mejor  demostraci\u00f3n de que la oposici\u00f3n constituye la mayor\u00eda en el electorado  dominicano y que la segunda vuelta Leonel Fern\u00e1ndez resultar\u00e1 derrotado, afirm\u00f3  que en la actualidad existe un empate t\u00e9cnico entre \u00e9l y Vargas Maldonado y que  en el escenario de segunda vuelta, su candidatura derrota ampliamente la del  PLD o la del PRD.<\/p>\n<p>&#13;<\/p>\n<p align=\"justify\" class=\"text1noticias\">Se\u00f1al\u00f3 que nada ni nadie podr\u00e1 detenerlo y que con la ayuda de Dios y el  respaldo del pueblo ser\u00e1 el pr\u00f3ximo Presidente de todos los dominicanos.<\/p>\n<p>&#13;<\/p>\n<p align=\"justify\" class=\"text1noticias\">\u201cEl crecimiento que esta generando Jos\u00e9 Enrique en la regi\u00f3n norte nos  consolida en un segundo lugar y en la segunda le ganaremos a Leonel y\/o  Miguel\u201d.<\/p>\n<p>&#13;<\/p>\n<p align=\"justify\" class=\"text1noticias\">Amable y Jos\u00e9 Enrique se expresaron en estos t\u00e9rminos al encabezar un  multitudinaria marcha-caravana en Boca Chica donde recibieron el respaldo  masivo de los pobladores de este tur\u00edstico Municipio. <\/p>\n<p>&#13;<\/p>\n<h6> 2008-04-03 23:43:47 <\/h6>\n<p><!--\n<link rel=\"stylesheet\" href=\"css\/bootstrap.min.css\">\n\n\n<ul class=\"pagination\">\n\t    \n\t\n\n<li >\n\t<a href='?page_no=33738'>Previous<\/a>\n\t<\/li>\n\n\n       \n    \n\n<li><a href='?page_no=1'>1<\/a><\/li>\n\n\n\n<li><a href='?page_no=2'>2<\/a><\/li>\n\n\n\n<li><a>...<\/a><\/li>\n\n\n\n<li><a href='?page_no=33737'>33737<\/a><\/li>\n\n\n\n<li><a href='?page_no=33738'>33738<\/a><\/li>\n\n\n\n<li class='active'><a>33739<\/a><\/li>\n\n\n\n<li><a href='?page_no=33740'>33740<\/a><\/li>\n\n\n\n<li><a href='?page_no=33741'>33741<\/a><\/li>\n\n\n\n<li><a>...<\/a><\/li>\n\n\n\n<li><a href='?page_no=36999'>36999<\/a><\/li>\n\n\n\n<li><a href='?page_no=37000'>37000<\/a><\/li>\n\n    \n\t\n\n<li >\n\t<a href='?page_no=33740'>Next<\/a>\n\t<\/li>\n\n\n    \n\n<li><a href='?page_no=37000'>Last &rsaquo;&rsaquo;<\/a><\/li>\n\n<\/ul>\n\n\n--><br \/>\n<\/body><\/p>\n","protected":false},"excerpt":{"rendered":"<p>Amable y Jos\u00e9 Enrique dispuestos a tomar licencias de sus cargos &#13; Binomio de los pobres dice est\u00e1n comprometidos con la transparencia y fortalecimiento institucional &#13; Boca Chica.- Los candidatos Presidencial y Vicepresidencial del PRSC, Lic. Amable Aristy Castro y Jos\u00e9 Enrique Sued, expresaron hoy su disposici\u00f3n de tomar licencia de sus cargos en procura [&hellip;]<\/p>\n","protected":false},"author":3,"featured_media":0,"comment_status":"open","ping_status":"open","sticky":false,"template":"","format":"standard","meta":{"footnotes":""},"categories":[22],"tags":[],"class_list":["post-190991","post","type-post","status-publish","format-standard","hentry","category-politica"],"_links":{"self":[{"href":"https:\/\/diariodominicano.com\/index.php?rest_route=\/wp\/v2\/posts\/190991","targetHints":{"allow":["GET"]}}],"collection":[{"href":"https:\/\/diariodominicano.com\/index.php?rest_route=\/wp\/v2\/posts"}],"about":[{"href":"https:\/\/diariodominicano.com\/index.php?rest_route=\/wp\/v2\/types\/post"}],"author":[{"embeddable":true,"href":"https:\/\/diariodominicano.com\/index.php?rest_route=\/wp\/v2\/users\/3"}],"replies":[{"embeddable":true,"href":"https:\/\/diariodominicano.com\/index.php?rest_route=%2Fwp%2Fv2%2Fcomments&post=190991"}],"version-history":[{"count":0,"href":"https:\/\/diariodominicano.com\/index.php?rest_route=\/wp\/v2\/posts\/190991\/revisions"}],"wp:attachment":[{"href":"https:\/\/diariodominicano.com\/index.php?rest_route=%2Fwp%2Fv2%2Fmedia&parent=190991"}],"wp:term":[{"taxonomy":"category","embeddable":true,"href":"https:\/\/diariodominicano.com\/index.php?rest_route=%2Fwp%2Fv2%2Fcategories&post=190991"},{"taxonomy":"post_tag","embeddable":true,"href":"https:\/\/diariodominicano.com\/index.php?rest_route=%2Fwp%2Fv2%2Ftags&post=190991"}],"curies":[{"name":"wp","href":"https:\/\/api.w.org\/{rel}","templated":true}]}}