{"id":190990,"date":"2008-04-04T14:27:57","date_gmt":"2008-04-04T14:27:57","guid":{"rendered":"http:\/\/diariodominicano.ddns.net\/?p=190990"},"modified":"2008-04-04T14:27:57","modified_gmt":"2008-04-04T14:27:57","slug":"ptd-destaca-aporte-de-los-periodistas-en-su-labor-de-informar-apegados-a-la-verdad","status":"publish","type":"post","link":"https:\/\/diariodominicano.com\/?p=190990","title":{"rendered":"PTD destaca aporte de los periodistas en su labor de informar apegados a la verdad"},"content":{"rendered":"<p><body><\/p>\n<p align=\"justify\" class=\"titulogrande1\"><strong>PTD destaca aporte de los periodistas en  su labor de informar apegados a la verdad <\/strong><\/p>\n<p>&#13;<\/p>\n<p align=\"justify\" class=\"text1noticias\"><strong><img loading=\"lazy\" decoding=\"async\" src=\"http:\/\/localhost:8080\/img\/ptd.jpg\" width=\"375\" height=\"192\" hspace=\"4\" align=\"left\" \/>BARAHONA.-<\/strong>  El Partido de los Trabajadores Dominicanos (PTD), destac\u00f3 los aportes que  realizan los periodistas al proceso de consolidaci\u00f3n de las libertades  democr\u00e1ticas y respeto de las leyes.<\/p>\n<p>&#13;<\/p>\n<p align=\"justify\" class=\"text1noticias\">La  entidad pol\u00edtica que preside el ex senador y director ejecutivo del Fondo de  Promoci\u00f3n a las Iniciativas Comunitarias (Procomunidad), Jos\u00e9 Gonz\u00e1lez  Espinosa, hace la consideraci\u00f3n al conmemorarse este s\u00e1bado 5 de abril, el d\u00eda  Nacional del Periodista.<\/p>\n<p>&#13;<\/p>\n<p align=\"justify\" class=\"text1noticias\">La  organizaci\u00f3n de los colores verde y negro y la flor de la cayena, reconoci\u00f3 los  esfuerzos que desarrollan los comunicadores\u00a0  para mantener el aprecio y la confianza que se han ganado entre la  poblaci\u00f3n por su apego a informar con veracidad y objetividad. <\/p>\n<p>&#13;<\/p>\n<p align=\"justify\" class=\"text1noticias\">\u201clos  periodistas est\u00e1n comprometidos con informar siempre apegados a la verdad las  causas mas nobles y justas\u00a0 de nuestra  naci\u00f3n\u201d, expres\u00f3\u00a0 el PTD en nota de  prensa suministrada por\u00a0 la secretaria de  comunicaciones.<\/p>\n<p>&#13;<\/p>\n<p align=\"justify\" class=\"text1noticias\">Manifest\u00f3  que la mayor\u00eda de los problemas que afectan a las comunidades del pa\u00eds se  resuelven gracias a las denuncias, reportajes y noticias,\u00a0 responsables y valientes que hacen los comunicadores.<\/p>\n<p>&#13;<\/p>\n<p align=\"justify\" class=\"text1noticias\">El  PTD,\u00a0 exhort\u00f3 a los periodistas continuar  sirviendo como hasta ahora a las distintas corrientes de pensamiento por el  bien del desarrollo y progreso de nuestra naci\u00f3n. <\/p>\n<p>&#13;<\/p>\n<h6> 2008-04-04 14:27:57 <\/h6>\n<p><!--\n<link rel=\"stylesheet\" href=\"css\/bootstrap.min.css\">\n\n\n<ul class=\"pagination\">\n\t    \n\t\n\n<li >\n\t<a href='?page_no=33737'>Previous<\/a>\n\t<\/li>\n\n\n       \n    \n\n<li><a href='?page_no=1'>1<\/a><\/li>\n\n\n\n<li><a href='?page_no=2'>2<\/a><\/li>\n\n\n\n<li><a>...<\/a><\/li>\n\n\n\n<li><a href='?page_no=33736'>33736<\/a><\/li>\n\n\n\n<li><a href='?page_no=33737'>33737<\/a><\/li>\n\n\n\n<li class='active'><a>33738<\/a><\/li>\n\n\n\n<li><a href='?page_no=33739'>33739<\/a><\/li>\n\n\n\n<li><a href='?page_no=33740'>33740<\/a><\/li>\n\n\n\n<li><a>...<\/a><\/li>\n\n\n\n<li><a href='?page_no=36999'>36999<\/a><\/li>\n\n\n\n<li><a href='?page_no=37000'>37000<\/a><\/li>\n\n    \n\t\n\n<li >\n\t<a href='?page_no=33739'>Next<\/a>\n\t<\/li>\n\n\n    \n\n<li><a href='?page_no=37000'>Last &rsaquo;&rsaquo;<\/a><\/li>\n\n<\/ul>\n\n\n--><br \/>\n<\/body><\/p>\n","protected":false},"excerpt":{"rendered":"<p>PTD destaca aporte de los periodistas en su labor de informar apegados a la verdad &#13; BARAHONA.- El Partido de los Trabajadores Dominicanos (PTD), destac\u00f3 los aportes que realizan los periodistas al proceso de consolidaci\u00f3n de las libertades democr\u00e1ticas y respeto de las leyes. &#13; La entidad pol\u00edtica que preside el ex senador y director [&hellip;]<\/p>\n","protected":false},"author":3,"featured_media":0,"comment_status":"open","ping_status":"open","sticky":false,"template":"","format":"standard","meta":{"footnotes":""},"categories":[22],"tags":[],"class_list":["post-190990","post","type-post","status-publish","format-standard","hentry","category-politica"],"_links":{"self":[{"href":"https:\/\/diariodominicano.com\/index.php?rest_route=\/wp\/v2\/posts\/190990","targetHints":{"allow":["GET"]}}],"collection":[{"href":"https:\/\/diariodominicano.com\/index.php?rest_route=\/wp\/v2\/posts"}],"about":[{"href":"https:\/\/diariodominicano.com\/index.php?rest_route=\/wp\/v2\/types\/post"}],"author":[{"embeddable":true,"href":"https:\/\/diariodominicano.com\/index.php?rest_route=\/wp\/v2\/users\/3"}],"replies":[{"embeddable":true,"href":"https:\/\/diariodominicano.com\/index.php?rest_route=%2Fwp%2Fv2%2Fcomments&post=190990"}],"version-history":[{"count":0,"href":"https:\/\/diariodominicano.com\/index.php?rest_route=\/wp\/v2\/posts\/190990\/revisions"}],"wp:attachment":[{"href":"https:\/\/diariodominicano.com\/index.php?rest_route=%2Fwp%2Fv2%2Fmedia&parent=190990"}],"wp:term":[{"taxonomy":"category","embeddable":true,"href":"https:\/\/diariodominicano.com\/index.php?rest_route=%2Fwp%2Fv2%2Fcategories&post=190990"},{"taxonomy":"post_tag","embeddable":true,"href":"https:\/\/diariodominicano.com\/index.php?rest_route=%2Fwp%2Fv2%2Ftags&post=190990"}],"curies":[{"name":"wp","href":"https:\/\/api.w.org\/{rel}","templated":true}]}}