{"id":190987,"date":"2008-04-04T18:06:53","date_gmt":"2008-04-04T18:06:53","guid":{"rendered":"http:\/\/diariodominicano.ddns.net\/?p=190987"},"modified":"2008-04-04T18:06:53","modified_gmt":"2008-04-04T18:06:53","slug":"udc-saluda-a-los-periodistas-dominicanos","status":"publish","type":"post","link":"https:\/\/diariodominicano.com\/?p=190987","title":{"rendered":"UDC saluda a los periodistas dominicanos"},"content":{"rendered":"<p><body><\/p>\n<p class=\"titulogrande1\"><strong>UDC saluda a  los periodistas dominicanos<\/strong><\/p>\n<p>&#13;<\/p>\n<p align=\"justify\" class=\"text1noticias\">El Partido Uni\u00f3n Dem\u00f3crata Cristiana (UDC) salud\u00f3 hoy  a todos los periodistas dominicanos, y destac\u00f3 que son una columna vertical y  vital en el desarrollo de la democracia.<\/p>\n<p>&#13;<\/p>\n<p align=\"justify\" class=\"text1noticias\">Luis Acosta Moreta, Luis El Gallo\u201d, presidente de la UDC, se\u00f1al\u00f3 que la democracia  se nutre de una prensa libre, independiente y veraz, y hoy los periodistas  dominicanos dan una demostraci\u00f3n diaria de defensa de la libre expresi\u00f3n del pensamiento.<\/p>\n<p>&#13;<\/p>\n<p align=\"justify\" class=\"text1noticias\">Dijo que muchos de los logros de la democracia  dominicana se deben\u00a0 al ejercicio de un  periodismo digno, a la diaria difusi\u00f3n de informaciones objetivas, y  presentaci\u00f3n de los hechos, para el libre debate de las ideas.<\/p>\n<p>&#13;<\/p>\n<p align=\"justify\" class=\"text1noticias\">A\u00f1adi\u00f3 que los periodistas dominicanos hoy son la  punta de lanza de la lucha por afianzar las estructuras democr\u00e1ticas, con una  lucha vertical para hacer valer los principios de la libertad y de la  institucionalidad.<\/p>\n<p>&#13;<\/p>\n<p align=\"justify\" class=\"text1noticias\">Afirm\u00f3 que cuando se celebra el D\u00eda Nacional del  Periodista, la ocasi\u00f3n es propicia, para darle un espaldarazo y un apoyo  incondicional, a las mujeres y hombres que\u00a0a diario cumplen con el ministerio de la libre informaci\u00f3n.<\/p>\n<p>&#13;<\/p>\n<p align=\"justify\" class=\"text1noticias\">Afirm\u00f3 que se adhiere a la lucha de los periodistas  dominicanos por tener un mejor desarrollo profesional, y alcanzar metas que  solidifiquen su estructura profesional e institucional.<\/p>\n<p>&#13;<\/p>\n<p align=\"justify\" class=\"text1noticias\">Resalt\u00f3 que la   UDC, desde su fundaci\u00f3n, ha sido respetuosa de la libertad  de\u00a0 expresi\u00f3n, del intercambio de las  ideas, y sobre todo, de respetar las opiniones de todos los sectores  nacionales.<\/p>\n<p>&#13;<\/p>\n<p align=\"justify\" class=\"text1noticias\">Resalt\u00f3 los esfuerzos desarrollados por el Presidente  Leonel Fern\u00e1ndez para afianzar las  libertades p\u00fablicas en el pa\u00eds, incluyendo la libre expresi\u00f3n del pensamiento.<\/p>\n<p>&#13;<\/p>\n<p align=\"justify\" class=\"text1noticias\">A\u00f1adi\u00f3 que hoy, todos los dominicanos, incluyendo a la  prensa, pueden expresar libremente su pensamiento, porque estamos viviendo en  una sociedad libre y un gobierno respetuoso de la difusi\u00f3n de las ideas.<\/p>\n<p>&#13;<\/p>\n<h6> 2008-04-04 18:06:53 <\/h6>\n<p><!--\n<link rel=\"stylesheet\" href=\"css\/bootstrap.min.css\">\n\n\n<ul class=\"pagination\">\n\t    \n\t\n\n<li >\n\t<a href='?page_no=33734'>Previous<\/a>\n\t<\/li>\n\n\n       \n    \n\n<li><a href='?page_no=1'>1<\/a><\/li>\n\n\n\n<li><a href='?page_no=2'>2<\/a><\/li>\n\n\n\n<li><a>...<\/a><\/li>\n\n\n\n<li><a href='?page_no=33733'>33733<\/a><\/li>\n\n\n\n<li><a href='?page_no=33734'>33734<\/a><\/li>\n\n\n\n<li class='active'><a>33735<\/a><\/li>\n\n\n\n<li><a href='?page_no=33736'>33736<\/a><\/li>\n\n\n\n<li><a href='?page_no=33737'>33737<\/a><\/li>\n\n\n\n<li><a>...<\/a><\/li>\n\n\n\n<li><a href='?page_no=36999'>36999<\/a><\/li>\n\n\n\n<li><a href='?page_no=37000'>37000<\/a><\/li>\n\n    \n\t\n\n<li >\n\t<a href='?page_no=33736'>Next<\/a>\n\t<\/li>\n\n\n    \n\n<li><a href='?page_no=37000'>Last &rsaquo;&rsaquo;<\/a><\/li>\n\n<\/ul>\n\n\n--><br \/>\n<\/body><\/p>\n","protected":false},"excerpt":{"rendered":"<p>UDC saluda a los periodistas dominicanos &#13; El Partido Uni\u00f3n Dem\u00f3crata Cristiana (UDC) salud\u00f3 hoy a todos los periodistas dominicanos, y destac\u00f3 que son una columna vertical y vital en el desarrollo de la democracia. &#13; Luis Acosta Moreta, Luis El Gallo\u201d, presidente de la UDC, se\u00f1al\u00f3 que la democracia se nutre de una prensa [&hellip;]<\/p>\n","protected":false},"author":3,"featured_media":0,"comment_status":"open","ping_status":"open","sticky":false,"template":"","format":"standard","meta":{"footnotes":""},"categories":[22],"tags":[],"class_list":["post-190987","post","type-post","status-publish","format-standard","hentry","category-politica"],"_links":{"self":[{"href":"https:\/\/diariodominicano.com\/index.php?rest_route=\/wp\/v2\/posts\/190987","targetHints":{"allow":["GET"]}}],"collection":[{"href":"https:\/\/diariodominicano.com\/index.php?rest_route=\/wp\/v2\/posts"}],"about":[{"href":"https:\/\/diariodominicano.com\/index.php?rest_route=\/wp\/v2\/types\/post"}],"author":[{"embeddable":true,"href":"https:\/\/diariodominicano.com\/index.php?rest_route=\/wp\/v2\/users\/3"}],"replies":[{"embeddable":true,"href":"https:\/\/diariodominicano.com\/index.php?rest_route=%2Fwp%2Fv2%2Fcomments&post=190987"}],"version-history":[{"count":0,"href":"https:\/\/diariodominicano.com\/index.php?rest_route=\/wp\/v2\/posts\/190987\/revisions"}],"wp:attachment":[{"href":"https:\/\/diariodominicano.com\/index.php?rest_route=%2Fwp%2Fv2%2Fmedia&parent=190987"}],"wp:term":[{"taxonomy":"category","embeddable":true,"href":"https:\/\/diariodominicano.com\/index.php?rest_route=%2Fwp%2Fv2%2Fcategories&post=190987"},{"taxonomy":"post_tag","embeddable":true,"href":"https:\/\/diariodominicano.com\/index.php?rest_route=%2Fwp%2Fv2%2Ftags&post=190987"}],"curies":[{"name":"wp","href":"https:\/\/api.w.org\/{rel}","templated":true}]}}