{"id":190986,"date":"2008-04-04T20:31:19","date_gmt":"2008-04-04T20:31:19","guid":{"rendered":"http:\/\/diariodominicano.ddns.net\/?p=190986"},"modified":"2008-04-04T20:31:19","modified_gmt":"2008-04-04T20:31:19","slug":"rafael-alburquerque-dice-que-el-gobierno-hara-verdadera-revolucion-social","status":"publish","type":"post","link":"https:\/\/diariodominicano.com\/?p=190986","title":{"rendered":"Rafael Alburquerque dice que el Gobierno har\u00e1 verdadera revoluci\u00f3n social"},"content":{"rendered":"<p><body><\/p>\n<p class=\"titulogrande1\">Rafael  Alburquerque dice que el Gobierno har\u00e1 verdadera revoluci\u00f3n social<\/p>\n<p>&#13;<\/p>\n<p align=\"justify\" class=\"text1noticias\"><strong><img loading=\"lazy\" decoding=\"async\" src=\"http:\/\/localhost:8080\/img\/rafael alburquerque.jpg\" width=\"375\" height=\"210\" hspace=\"4\" align=\"left\" \/>PEDERNALES.-<\/strong> El candidato  vicepresidencial del Partido de la Liberaci\u00f3n Dominicana, Rafael  Alburquerque, dijo que se dar\u00e1\u00a0 inicio de una \u00abVerdadera Revoluci\u00f3n  Social\u00bb, a partir de agosto pr\u00f3ximo, a favor de los m\u00e1s pobres del pa\u00eds,  con la consolidaci\u00f3n y ampliaci\u00f3n de los distintos programas sociales del  Gobierno.<\/p>\n<p>&#13;<\/p>\n<p align=\"justify\" class=\"text1noticias\">Detall\u00f3 que en el pr\u00f3ximo  cuatrienio se llevar\u00e1n de 400   a 600 mil el n\u00famero de Tarjetas Solidaridad en manos de beneficiarios,  as\u00ed como el aumento de RD$550 a RD$750 pesos; tambi\u00e9n elevar de uno a tres  millones el n\u00famero de dominicanos en el R\u00e9gimen Subsidiado del Seguro Familiar  de Salud (SFS), y la ampliaci\u00f3n de la cobertura de la Tarjeta Universitaria,  el Incentivo al Envejeciente, entre otros planes.<\/p>\n<p>&#13;<\/p>\n<p align=\"justify\" class=\"text1noticias\">Tras ser recibido en la Zona Franca de Group  International D. M. por sus directivos y cientos de j\u00f3venes que laboran aqu\u00ed,  lo que se convirti\u00f3 en un verdadero mitin pol\u00edtico, Alburquerque recalc\u00f3 que la  prioridad del pr\u00f3ximo gobierno el Presidente Leonel Fern\u00e1ndez, ser\u00e1 la  inversi\u00f3n en salud y educaci\u00f3n.<\/p>\n<p>&#13;<\/p>\n<p align=\"justify\" class=\"text1noticias\">Luego el candidato  vicepresidencial del PLD encabez\u00f3 una amplia marcha-caravana que recorri\u00f3 este  municipio, Oviedo, Juancho, Conuco hasta el municipio de Para\u00edso en Barahona,  donde descalific\u00f3 al candidato presidencial del PRD para criticar los programas  sociales del Gobierno y pedir la suspensi\u00f3n de los mismos.<\/p>\n<p>&#13;<\/p>\n<p align=\"justify\" class=\"text1noticias\">Afirm\u00f3 que Miguel Vargas Maldonado carece de  sentido com\u00fan y tiene una doble moral, tras afirmar que mientras pide la  suspensi\u00f3n de los programas sociales, distribuye decenas de miles de tarjetas  falsas e ilegales burl\u00e1ndose de las familias pobres.<\/p>\n<p>&#13;<\/p>\n<p align=\"justify\" class=\"text1noticias\">\u00abEsas son las inconsistencia del  candidato del PRD, mientras pide que el gobierno descontin\u00fae los programas le  crea falsas esperanzas a los hombres y mujeres pobres de este pa\u00eds distribuyen  un documento ilegal\u00bb, indic\u00f3.<\/p>\n<p>&#13;<\/p>\n<p align=\"justify\" class=\"text1noticias\">Califico la acci\u00f3n del candidato perrede\u00edsta  de ilegal e inmoral, debido a que la misma es una burla a la dignidad humana y  la pobreza en que viven cientos de miles de familias que su propio gobierno  contribuy\u00f3 a su deterioro de vida.<\/p>\n<p>&#13;<\/p>\n<p align=\"justify\" class=\"text1noticias\">\u00abEste hombre (Miguel Vargas) se Burla de  los pobres, porque mientras su gobierno envi\u00f3 a m\u00e1s de un mill\u00f3n de dominicanos  a la pobreza, en la crisis de 2003, luego este se\u00f1or se presenta entreg\u00e1ndole  un documento falso e ilegal al pueblo, para que voten por el. Sencillamente eso  es un acto indecoroso\u00bb, afirm\u00f3 Alburquerque.<\/p>\n<p>&#13;<\/p>\n<p align=\"justify\" class=\"text1noticias\">Indic\u00f3 que en cambio, en los  gobiernos del Partido de la Liberaci\u00f3n Dominicana, encabezados por el  Presidente Leonel Fern\u00e1ndez, siempre se han preocupado por el bienestar de la  mayor\u00eda, con el desarrollo de los programas sociales, que beneficien a todos  los dominicanos por igual.<\/p>\n<p>&#13;<\/p>\n<p align=\"justify\" class=\"text1noticias\">El vicepresidente y candidato a la misma  posici\u00f3n estuvo acompa\u00f1ado en Pedernales por el senador de aqu\u00ed Dionis S\u00e1nchez,  la diputada Tatis Matos, el Gobernador Francisco Jim\u00e9nez Sena, en tanto que en  Barahona el ex senador y presidente provincial del PLD, Eddy Mateo V\u00e1squez y el  coordinador provincial de su campa\u00f1a Ignacio Ditren, estuvieron con \u00e9l.<\/p>\n<p>&#13;<\/p>\n<p align=\"justify\" class=\"text1noticias\">Este s\u00e1bado, el doctor Rafael  Alburquerque pasa de Pedernales a la provincia Hermanas Mirabal (Salcedo), aqu\u00ed  encabezara varias actividades, reuniones y encuentros con sectores productivos  de la provincia y luego desarrollar\u00e1 una actividad proselitista que abarcar\u00e1  los municipios de Salcedo y Tenares.<\/p>\n<p>&#13;<\/p>\n<p align=\"justify\" class=\"text1noticias\">Para el domingo el  vicepresidente y candidato a esa misma posici\u00f3n se traslada a San Francisco de  Macor\u00eds desde donde realizar\u00e1 un amplio recorrido por todas las comunidades del  Bajo Yuna que incluye a Hostos, Villa Riva, Arenoso, Castillo y Pimentel.<\/p>\n<p>&#13;<\/p>\n<p align=\"justify\" class=\"text1noticias\">Asimismo, estar\u00e1 acompa\u00f1ado  del coordinador de la campa\u00f1a vicepresidencial, Domingo Contreras, as\u00ed como los  miembros de su equipo de campa\u00f1a, Elisaben Matos, Pablo King, Jos\u00e9 Francisco  Zapata.<\/p>\n<p>&#13;<\/p>\n<p align=\"justify\" class=\"text1noticias\">Tambi\u00e9n Viterbo Tolentino,  Van Elder Espinal, Edgar Oller, Ram\u00f3n Ram\u00edrez, Felipe Romero, Pablo King, \u00c1ngel  Gomera, Bienvenido Mart\u00ednez, Atahualpa Dom\u00ednguez y Yudelka de la Rosa entre otros.<\/p>\n<p>&#13;<\/p>\n<h6> 2008-04-04 20:31:19 <\/h6>\n<p><!--\n<link rel=\"stylesheet\" href=\"css\/bootstrap.min.css\">\n\n\n<ul class=\"pagination\">\n\t    \n\t\n\n<li >\n\t<a href='?page_no=33733'>Previous<\/a>\n\t<\/li>\n\n\n       \n    \n\n<li><a href='?page_no=1'>1<\/a><\/li>\n\n\n\n<li><a href='?page_no=2'>2<\/a><\/li>\n\n\n\n<li><a>...<\/a><\/li>\n\n\n\n<li><a href='?page_no=33732'>33732<\/a><\/li>\n\n\n\n<li><a href='?page_no=33733'>33733<\/a><\/li>\n\n\n\n<li class='active'><a>33734<\/a><\/li>\n\n\n\n<li><a href='?page_no=33735'>33735<\/a><\/li>\n\n\n\n<li><a href='?page_no=33736'>33736<\/a><\/li>\n\n\n\n<li><a>...<\/a><\/li>\n\n\n\n<li><a href='?page_no=36999'>36999<\/a><\/li>\n\n\n\n<li><a href='?page_no=37000'>37000<\/a><\/li>\n\n    \n\t\n\n<li >\n\t<a href='?page_no=33735'>Next<\/a>\n\t<\/li>\n\n\n    \n\n<li><a href='?page_no=37000'>Last &rsaquo;&rsaquo;<\/a><\/li>\n\n<\/ul>\n\n\n--><br \/>\n<\/body><\/p>\n","protected":false},"excerpt":{"rendered":"<p>Rafael Alburquerque dice que el Gobierno har\u00e1 verdadera revoluci\u00f3n social &#13; PEDERNALES.- El candidato vicepresidencial del Partido de la Liberaci\u00f3n Dominicana, Rafael Alburquerque, dijo que se dar\u00e1\u00a0 inicio de una \u00abVerdadera Revoluci\u00f3n Social\u00bb, a partir de agosto pr\u00f3ximo, a favor de los m\u00e1s pobres del pa\u00eds, con la consolidaci\u00f3n y ampliaci\u00f3n de los distintos programas [&hellip;]<\/p>\n","protected":false},"author":3,"featured_media":0,"comment_status":"open","ping_status":"open","sticky":false,"template":"","format":"standard","meta":{"footnotes":""},"categories":[22],"tags":[],"class_list":["post-190986","post","type-post","status-publish","format-standard","hentry","category-politica"],"_links":{"self":[{"href":"https:\/\/diariodominicano.com\/index.php?rest_route=\/wp\/v2\/posts\/190986","targetHints":{"allow":["GET"]}}],"collection":[{"href":"https:\/\/diariodominicano.com\/index.php?rest_route=\/wp\/v2\/posts"}],"about":[{"href":"https:\/\/diariodominicano.com\/index.php?rest_route=\/wp\/v2\/types\/post"}],"author":[{"embeddable":true,"href":"https:\/\/diariodominicano.com\/index.php?rest_route=\/wp\/v2\/users\/3"}],"replies":[{"embeddable":true,"href":"https:\/\/diariodominicano.com\/index.php?rest_route=%2Fwp%2Fv2%2Fcomments&post=190986"}],"version-history":[{"count":0,"href":"https:\/\/diariodominicano.com\/index.php?rest_route=\/wp\/v2\/posts\/190986\/revisions"}],"wp:attachment":[{"href":"https:\/\/diariodominicano.com\/index.php?rest_route=%2Fwp%2Fv2%2Fmedia&parent=190986"}],"wp:term":[{"taxonomy":"category","embeddable":true,"href":"https:\/\/diariodominicano.com\/index.php?rest_route=%2Fwp%2Fv2%2Fcategories&post=190986"},{"taxonomy":"post_tag","embeddable":true,"href":"https:\/\/diariodominicano.com\/index.php?rest_route=%2Fwp%2Fv2%2Ftags&post=190986"}],"curies":[{"name":"wp","href":"https:\/\/api.w.org\/{rel}","templated":true}]}}