{"id":190985,"date":"2008-04-04T20:58:04","date_gmt":"2008-04-04T20:58:04","guid":{"rendered":"http:\/\/diariodominicano.ddns.net\/?p=190985"},"modified":"2008-04-04T20:58:04","modified_gmt":"2008-04-04T20:58:04","slug":"amable-dice-gobierno-esta-descabezado-y-sin-rumbo","status":"publish","type":"post","link":"https:\/\/diariodominicano.com\/?p=190985","title":{"rendered":"Amable dice Gobierno \u00e9sta descabezado y sin rumbo"},"content":{"rendered":"<p><body><\/p>\n<p align=\"justify\"><strong class=\"titulogrande1\">Amable  dice Gobierno \u00e9sta descabezado y sin rumbo <\/strong><br \/>&#13;<br \/>\n  <br \/>&#13;<br \/>\n    <span class=\"text1noticias\"><strong>Secretarios  de Estados, Directores Generales, Embajadores y C\u00f3nsules abandonan funciones  para dedicarse a reelecci\u00f3n <\/strong><\/span><\/p>\n<p>&#13;<\/p>\n<p align=\"justify\" class=\"text1noticias\"><strong><img loading=\"lazy\" decoding=\"async\" src=\"http:\/\/localhost:8080\/img\/amable cercado.jpg\" width=\"375\" height=\"498\" hspace=\"4\" align=\"left\" \/>Las Matas de Farf\u00e1n.- <\/strong>El candidato presidencial reformista Lic.  Amable Aristy Castro, dijo \u00a0que el  Gobierno dominicano esta descabezado, mientras el pa\u00eds marcha a la deriva  azotado por la inflaci\u00f3n, el desempleo, la delincuencia y sobre todo el  descuido.<\/p>\n<p>&#13;<\/p>\n<p align=\"justify\" class=\"text1noticias\">\u201cLos Secretarios de Estados, encargados de agencias  gubernamentales, Directores Generales y hasta Embajadores y C\u00f3nsules ha  abandonado sus puestos para dedicarse exclusivamente a tratar de imponer la  reelecci\u00f3n con los recursos del Estado, el Gobierno \u00e9sta ac\u00e9falo y los  problemas se incrementan, mientras ellos convierten el gabinete en un comando  de campa\u00f1a del PLD\u201d.<\/p>\n<p>&#13;<\/p>\n<p align=\"justify\" class=\"text1noticias\">Consider\u00f3 como una t\u00e1ctica dilatoria el recurso de  inconstitucionalidad elevado por el PLD a la Suprema Corte de Justicia  pidiendo la nulidad de la resoluci\u00f3n de la Junta Central Electoral que  manda la suspensi\u00f3n inmediata de las llamadas n\u00f3minas \u201cCB\u201d con las que el  Gobierno paga a dirigentes del ese partido sin que rindan ninguna labor al  Estado usadas solo con fines electoreros.<\/p>\n<p>&#13;<\/p>\n<p align=\"justify\" class=\"text1noticias\">Dijo que \u201clas n\u00f3minas CB son una demostraci\u00f3n de que  est\u00e9 es el Gobierno de la mentira y el enga\u00f1o, primero las negaron, segundo la  admitieron como algo nuevo, tercero dijeron que se iniciaron en el 2005, cuarto  afirmaron que cumplir\u00edan la resoluci\u00f3n, quinto que la JCE no tiene facultad en esa  materia, sexto acusaron a Danilo Medina de ser el creador de las misma y por  \u00faltimo recurren la decisi\u00f3n de la   Junta ante la Suprema   Corte de Justicia\u201d.<\/p>\n<p>&#13;<\/p>\n<p align=\"justify\" class=\"text1noticias\">Advirti\u00f3 que el Tribunal electoral se constituye en  una especie de poder en a\u00f1os electorales, pues es qui\u00e9n certifica los poderes  p\u00fablicos en el caso del Ejecutivo, el Congresional y adem\u00e1s del Municipal, el  desafiar su autoridad como lo ha hecho el PLD en nada contribuye al necesario  fortalecimiento de nuestra democracia sobre todo en un momento en que muchas  entidades de la Sociedad Civil  y Partidos Pol\u00edticos consideran que el Ellos han ca\u00eddo en un estado de  ilegalidad.<\/p>\n<p>&#13;<\/p>\n<p align=\"justify\" class=\"text1noticias\">Amable su pronunci\u00f3 en estos t\u00e9rminos al finalizar un  extenso recorrido por la circunscripci\u00f3n # 2 de San Juan de La Maguana que comprende la  municipios de Vallejuelo, Jorgillo, Batista, Derrumbadero, El Cercado, Las  Matas de Farf\u00e1n entre otras localidades, los moradores de dichas localidades  expresaron un gran respaldo al candidato de los pobres.<\/p>\n<p>&#13;<\/p>\n<p align=\"justify\" class=\"text1noticias\">El candidato reformista estuvo acompa\u00f1ado por Jos\u00e9  Zabala, Luis Sim\u00f3n Terrero, Justo Lebr\u00f3n, Claudio Mateo, Lourdes Montero,  Santiago Calder\u00f3n, Jorge Cipi\u00f3n, Juan de Dios Quezada y Cesar Concepci\u00f3n entre  otros dirigentes medios y de base del PRSC, en cada municipio y distrito  visitado Aristy Castro reparti\u00f3 embutidos, mosquiteros, canastillas, sillas de  ruedas, m\u00e1quinas de coser y dinero en efectivo, tambi\u00e9n atendi\u00f3 solicitudes de  ayuda m\u00e9dicas.\u00a0 <\/p>\n<p>&#13;<\/p>\n<h6> 2008-04-04 20:58:04 <\/h6>\n<p><!--\n<link rel=\"stylesheet\" href=\"css\/bootstrap.min.css\">\n\n\n<ul class=\"pagination\">\n\t    \n\t\n\n<li >\n\t<a href='?page_no=33732'>Previous<\/a>\n\t<\/li>\n\n\n       \n    \n\n<li><a href='?page_no=1'>1<\/a><\/li>\n\n\n\n<li><a href='?page_no=2'>2<\/a><\/li>\n\n\n\n<li><a>...<\/a><\/li>\n\n\n\n<li><a href='?page_no=33731'>33731<\/a><\/li>\n\n\n\n<li><a href='?page_no=33732'>33732<\/a><\/li>\n\n\n\n<li class='active'><a>33733<\/a><\/li>\n\n\n\n<li><a href='?page_no=33734'>33734<\/a><\/li>\n\n\n\n<li><a href='?page_no=33735'>33735<\/a><\/li>\n\n\n\n<li><a>...<\/a><\/li>\n\n\n\n<li><a href='?page_no=36999'>36999<\/a><\/li>\n\n\n\n<li><a href='?page_no=37000'>37000<\/a><\/li>\n\n    \n\t\n\n<li >\n\t<a href='?page_no=33734'>Next<\/a>\n\t<\/li>\n\n\n    \n\n<li><a href='?page_no=37000'>Last &rsaquo;&rsaquo;<\/a><\/li>\n\n<\/ul>\n\n\n--><br \/>\n<\/body><\/p>\n","protected":false},"excerpt":{"rendered":"<p>Amable dice Gobierno \u00e9sta descabezado y sin rumbo &#13; &#13; Secretarios de Estados, Directores Generales, Embajadores y C\u00f3nsules abandonan funciones para dedicarse a reelecci\u00f3n &#13; Las Matas de Farf\u00e1n.- El candidato presidencial reformista Lic. Amable Aristy Castro, dijo \u00a0que el Gobierno dominicano esta descabezado, mientras el pa\u00eds marcha a la deriva azotado por la inflaci\u00f3n, [&hellip;]<\/p>\n","protected":false},"author":3,"featured_media":0,"comment_status":"open","ping_status":"open","sticky":false,"template":"","format":"standard","meta":{"footnotes":""},"categories":[22],"tags":[],"class_list":["post-190985","post","type-post","status-publish","format-standard","hentry","category-politica"],"_links":{"self":[{"href":"https:\/\/diariodominicano.com\/index.php?rest_route=\/wp\/v2\/posts\/190985","targetHints":{"allow":["GET"]}}],"collection":[{"href":"https:\/\/diariodominicano.com\/index.php?rest_route=\/wp\/v2\/posts"}],"about":[{"href":"https:\/\/diariodominicano.com\/index.php?rest_route=\/wp\/v2\/types\/post"}],"author":[{"embeddable":true,"href":"https:\/\/diariodominicano.com\/index.php?rest_route=\/wp\/v2\/users\/3"}],"replies":[{"embeddable":true,"href":"https:\/\/diariodominicano.com\/index.php?rest_route=%2Fwp%2Fv2%2Fcomments&post=190985"}],"version-history":[{"count":0,"href":"https:\/\/diariodominicano.com\/index.php?rest_route=\/wp\/v2\/posts\/190985\/revisions"}],"wp:attachment":[{"href":"https:\/\/diariodominicano.com\/index.php?rest_route=%2Fwp%2Fv2%2Fmedia&parent=190985"}],"wp:term":[{"taxonomy":"category","embeddable":true,"href":"https:\/\/diariodominicano.com\/index.php?rest_route=%2Fwp%2Fv2%2Fcategories&post=190985"},{"taxonomy":"post_tag","embeddable":true,"href":"https:\/\/diariodominicano.com\/index.php?rest_route=%2Fwp%2Fv2%2Ftags&post=190985"}],"curies":[{"name":"wp","href":"https:\/\/api.w.org\/{rel}","templated":true}]}}