{"id":190984,"date":"2008-04-04T21:05:51","date_gmt":"2008-04-04T21:05:51","guid":{"rendered":"http:\/\/diariodominicano.ddns.net\/?p=190984"},"modified":"2008-04-04T21:05:51","modified_gmt":"2008-04-04T21:05:51","slug":"trajano-santana-dice-que-pri-analiza-abuso-de-fondos-del-estado-en-campana","status":"publish","type":"post","link":"https:\/\/diariodominicano.com\/?p=190984","title":{"rendered":"Trajano Santana dice que PRI analiza abuso de fondos del Estado en campa\u00f1a"},"content":{"rendered":"<p><body><\/p>\n<p class=\"titulogrande1\">Trajano  Santana dice que PRI analiza abuso de  fondos del Estado en campa\u00f1a<\/p>\n<p>&#13;<\/p>\n<p align=\"justify\" class=\"text1noticias\"><strong>SANTO DOMINGO.-<\/strong> El\u00a0 candidato presidencial del Partido  Revolucionario Independiente (PRI), Trajano Santana, asegur\u00f3 \u00a0que una comisi\u00f3n de juristas esa organizaci\u00f3n  trabajan en el an\u00e1lisis de las pruebas acusatorias sobre el uso y abuso de los  recursos del Estado en la promoci\u00f3n de la reelecci\u00f3n del presidente Leonel  Fern\u00e1ndez.<br \/>&#13;<br \/>\n  \u00a0<br \/>&#13;<br \/>\n  Record\u00f3 que el presidente  Fern\u00e1ndez\u00a0 es proclive de ser sometido a la Justicia ordinaria  acusado de asociaci\u00f3n de malhechores y prevaricaci\u00f3n por el uso los fondos  p\u00fablicos, en su provecho y de grupos de colaboradores a si como a un juicio  pol\u00edtico seg\u00fan establece el C\u00f3digo Penal y la constituci\u00f3n de la Rep\u00fablica Dominicana.<br \/>&#13;<br \/>\n  \u00a0<br \/>&#13;<br \/>\n  Defini\u00f3 al jefe del Estado  como \u00a0\u201cel presidente\u00a0 de la corrupci\u00f3n\u201d, tras afirmar que tanto \u00e9l  como sus funcionarios exhiben fortunas\u00a0  en el pa\u00eds y el extranjero ,que no pueden justificar ante la sociedad  dominicana, mientras la poblaci\u00f3n padece m\u00faltiples carencias en las \u00e1reas de  salud, educaci\u00f3n, alimentaci\u00f3n, vivienda, seguridad ciudadana y transporte.<br \/>&#13;<br \/>\n  \u00a0<br \/>&#13;<br \/>\n  Asegur\u00f3 que la sociedad  dominicana\u00a0 reclama una acci\u00f3n  dr\u00e1stica\u00a0 contra este\u00a0 el flagelo de corrupci\u00f3n que permea el  sistema democr\u00e1tico y de partidos pol\u00edticos,\u00a0  y responsabiliz\u00f3 al presidente Fern\u00e1ndez de esa situaci\u00f3n.<br \/>&#13;<br \/>\n  \u00a0<br \/>&#13;<br \/>\n  Afirm\u00f3 que el Gobierno  mantiene una agresiva\u00a0 y voraz pol\u00edtica  fiscal y tributario, con el prop\u00f3sito de seguir desangrando los bolsillos de  los sectores productivos del pa\u00eds y de toda la poblaci\u00f3n dominicana, para garantizar  tener los recursos necesarios para distorsionar y manipular a los votantes, en  la presente campa\u00f1a electoral.<br \/>&#13;<br \/>\n  \u00a0<br \/>&#13;<br \/>\n  Expres\u00f3 que una demostraci\u00f3n  de que la administraci\u00f3n del Partido de la Liberaci\u00f3n Dominicana  (PLD) usa los recursos del Estado en campa\u00f1a, la constituye la resoluci\u00f3n de la Junta Central  Electoral (JCE) que proh\u00edbe al Gobierno seguir pagando sueldos y salarios a  dirigentes y militantes pelede\u00edstas que cobran sin trabajar en diferentes  instituciones estatales.<br \/>&#13;<br \/>\n  \u00a0<br \/>&#13;<br \/>\n  Resalt\u00f3 el segundo informe de  monitoreo de las elecciones\u00a0 del  movimiento c\u00edvico Participaci\u00f3n Ciudadana que revela que las instituciones del  Gobierno gastaron en un mes RD$114. 5 millones de pesos en la promoci\u00f3n de la  reelecci\u00f3n de Fern\u00e1ndez.<br \/>&#13;<br \/>\n  \u00a0<br \/>&#13;<br \/>\n  Consider\u00f3 que en lugar de el  mandatario y sus esposa viajar al exterior con una\u00a0 exagerada comitiva de funcionarios y  artistas, debe usar esos recursos, considerados en m\u00e1s de 70 millones de pesos,  en atender las prioridades de los graduados de medicina que no han podido  realizar su pasant\u00eda, porque el Estado carece de los recursos destinados a ese  rengl\u00f3n, porque \u201cparece que los usaron para financiar la reelecci\u00f3n\u201d. <br \/>&#13;<br \/>\n  \u00a0<br \/>&#13;<br \/>\n\u201cEl compromiso del PRI es  eliminar esas estructuras de corrupci\u00f3n en la administraci\u00f3n p\u00fablica, para  utilizar los recursos que se dilapidan por esa v\u00eda en mejorar las condiciones  de vida de toda la poblaci\u00f3n\u201d, expres\u00f3 el aspirante.<\/p>\n<p>&#13;<\/p>\n<h6> 2008-04-04 21:05:51 <\/h6>\n<p><!--\n<link rel=\"stylesheet\" href=\"css\/bootstrap.min.css\">\n\n\n<ul class=\"pagination\">\n\t    \n\t\n\n<li >\n\t<a href='?page_no=33731'>Previous<\/a>\n\t<\/li>\n\n\n       \n    \n\n<li><a href='?page_no=1'>1<\/a><\/li>\n\n\n\n<li><a href='?page_no=2'>2<\/a><\/li>\n\n\n\n<li><a>...<\/a><\/li>\n\n\n\n<li><a href='?page_no=33730'>33730<\/a><\/li>\n\n\n\n<li><a href='?page_no=33731'>33731<\/a><\/li>\n\n\n\n<li class='active'><a>33732<\/a><\/li>\n\n\n\n<li><a href='?page_no=33733'>33733<\/a><\/li>\n\n\n\n<li><a href='?page_no=33734'>33734<\/a><\/li>\n\n\n\n<li><a>...<\/a><\/li>\n\n\n\n<li><a href='?page_no=36999'>36999<\/a><\/li>\n\n\n\n<li><a href='?page_no=37000'>37000<\/a><\/li>\n\n    \n\t\n\n<li >\n\t<a href='?page_no=33733'>Next<\/a>\n\t<\/li>\n\n\n    \n\n<li><a href='?page_no=37000'>Last &rsaquo;&rsaquo;<\/a><\/li>\n\n<\/ul>\n\n\n--><br \/>\n<\/body><\/p>\n","protected":false},"excerpt":{"rendered":"<p>Trajano Santana dice que PRI analiza abuso de fondos del Estado en campa\u00f1a &#13; SANTO DOMINGO.- El\u00a0 candidato presidencial del Partido Revolucionario Independiente (PRI), Trajano Santana, asegur\u00f3 \u00a0que una comisi\u00f3n de juristas esa organizaci\u00f3n trabajan en el an\u00e1lisis de las pruebas acusatorias sobre el uso y abuso de los recursos del Estado en la promoci\u00f3n [&hellip;]<\/p>\n","protected":false},"author":3,"featured_media":0,"comment_status":"open","ping_status":"open","sticky":false,"template":"","format":"standard","meta":{"footnotes":""},"categories":[22],"tags":[],"class_list":["post-190984","post","type-post","status-publish","format-standard","hentry","category-politica"],"_links":{"self":[{"href":"https:\/\/diariodominicano.com\/index.php?rest_route=\/wp\/v2\/posts\/190984","targetHints":{"allow":["GET"]}}],"collection":[{"href":"https:\/\/diariodominicano.com\/index.php?rest_route=\/wp\/v2\/posts"}],"about":[{"href":"https:\/\/diariodominicano.com\/index.php?rest_route=\/wp\/v2\/types\/post"}],"author":[{"embeddable":true,"href":"https:\/\/diariodominicano.com\/index.php?rest_route=\/wp\/v2\/users\/3"}],"replies":[{"embeddable":true,"href":"https:\/\/diariodominicano.com\/index.php?rest_route=%2Fwp%2Fv2%2Fcomments&post=190984"}],"version-history":[{"count":0,"href":"https:\/\/diariodominicano.com\/index.php?rest_route=\/wp\/v2\/posts\/190984\/revisions"}],"wp:attachment":[{"href":"https:\/\/diariodominicano.com\/index.php?rest_route=%2Fwp%2Fv2%2Fmedia&parent=190984"}],"wp:term":[{"taxonomy":"category","embeddable":true,"href":"https:\/\/diariodominicano.com\/index.php?rest_route=%2Fwp%2Fv2%2Fcategories&post=190984"},{"taxonomy":"post_tag","embeddable":true,"href":"https:\/\/diariodominicano.com\/index.php?rest_route=%2Fwp%2Fv2%2Ftags&post=190984"}],"curies":[{"name":"wp","href":"https:\/\/api.w.org\/{rel}","templated":true}]}}