{"id":190983,"date":"2008-04-04T21:12:45","date_gmt":"2008-04-04T21:12:45","guid":{"rendered":"http:\/\/diariodominicano.ddns.net\/?p=190983"},"modified":"2008-04-04T21:12:45","modified_gmt":"2008-04-04T21:12:45","slug":"sued-deplora-abandono-de-bonao","status":"publish","type":"post","link":"https:\/\/diariodominicano.com\/?p=190983","title":{"rendered":"Sued deplora abandono de Bonao"},"content":{"rendered":"<p><body><\/p>\n<p class=\"titulogrande1\"><strong>Sued deplora abandono de Bonao<\/strong><\/p>\n<p>&#13;<\/p>\n<p align=\"justify\" class=\"text1noticias\"><strong>BONAO, Prov. Monse\u00f1or Nouel.-<\/strong> El candidato a la  vicepresidencia de la   Republica por el Partido Reformista Social Cristiano (PRSC),  Jos\u00e9 Enrique Sued Sem, deplor\u00f3 el abandono\u00a0  en que las autoridades gubernamentales han sumido a los residentes en la  provincia Monse\u00f1or Noel.<\/p>\n<p>&#13;<\/p>\n<p align=\"justify\" class=\"text1noticias\">Al t\u00e9rmino de un recorrido\u00a0 realizado este viernes por distintos puntos  de la localidad, Sued Sem calific\u00f3 como verdaderamente dram\u00e1tica la  situaci\u00f3n\u00a0 agr\u00edcola y las condiciones en  que se encuentran la mayor\u00eda de caminos y carreteras de esa demarcaci\u00f3n  geogr\u00e1fica.<\/p>\n<p>&#13;<\/p>\n<p align=\"justify\" class=\"text1noticias\">Denuncio que incluso muchos  agricultores que resultaron afectados por las aguas y los vientos de las  tormentas Noel y Olga, sobretodo en el Bajo Yuna, todav\u00eda est\u00e1n a la espera de  financiamientos para poder reiniciar la producci\u00f3n en los campos de la  provincia.<\/p>\n<p>&#13;<\/p>\n<p align=\"justify\" class=\"text1noticias\">Dijo que \u201cestos peque\u00f1os  productores agr\u00edcolas est\u00e1n a la espera que el gobierno del presidente Leonel  Fern\u00e1ndez invierta en el acondicionamiento de carreteras y los caminos  vecinales\u00a0\u00a0 para poder desarrollar la  producci\u00f3n\u201d.<\/p>\n<p>&#13;<\/p>\n<p align=\"justify\" class=\"text1noticias\">Sued Sem, durante su recorrido  por esta zona, mantuvo reuniones con representantes del sector agropecuario los  cuales les expresaron sus quejas por la escasa ayuda que han recibido por parte  de las autoridades del gobierno.<\/p>\n<p>&#13;<\/p>\n<p align=\"justify\" class=\"text1noticias\">Tambi\u00e9n le manifestaron su  preocupaci\u00f3n por la manera incorrecta, seg\u00fan dijeron, conque son manejados los  recursos que la empresa minera Falcombridge especializa para el desarrollo de  la provincia Monse\u00f1or Nouel.<\/p>\n<p>&#13;<\/p>\n<p align=\"justify\" class=\"text1noticias\">Ese capitulo, alegaron los  representantes de Bonao ante el candidato vicepresidencial reformista, se ha  politizado lo que ha provocado las quejas de los diferentes sectores de la  poblaci\u00f3n, principalmente las organizaciones agropecuarias.<\/p>\n<p>&#13;<\/p>\n<h1 align=\"justify\" class=\"text1noticias\"><strong>CRITICA OLVIDO<\/strong><\/h1>\n<p>&#13;<\/p>\n<p align=\"justify\" class=\"text1noticias\">Sued Sem conden\u00f3 en sus declaraciones,  que las autoridades mantengan en el olvido total\u00a0 a los residentes, lo que se expresa en el mal  estado de los caminos, carreteras y el escaso apoyo para la agropecuaria,  mientras utilizan los recursos del Estado para promover la candidatura de  Leonel Fern\u00e1ndez.<\/p>\n<p>&#13;<\/p>\n<p align=\"justify\" class=\"text1noticias\">\u201cEsos recursos se debieran  orientar, mejor, para echar a andar el aparato productivo de esta provincia y  del pa\u00eds, que luce pr\u00e1cticamente paralizado\u201d, manifesto el acompa\u00f1ante de  Amable Aristy Castro en la boleta del PRSC para los comicios del 16 de mayo  venidero.<\/p>\n<p>&#13;<\/p>\n<h1 align=\"justify\" class=\"text1noticias\"><strong>MANTIENE CONTACTOS<\/strong><\/h1>\n<p>&#13;<\/p>\n<p align=\"justify\" class=\"text1noticias\">Sued Sem, durante su estad\u00eda en esta zona,  sostuvo contactos con representantes de organizaciones comunitarias, de la  iglesia cat\u00f3lica, juntas de vecinos y otras entidades que inciden en el  desarrollo de Bonao. <\/p>\n<p>&#13;<\/p>\n<p align=\"justify\" class=\"text1noticias\">Su recorrido abarc\u00f3 tambi\u00e9n a  Rinc\u00f3n de Yuboa, Piedra Blanca, Sonador y Los Arroces, entre otras comunidades  de la provincia sinti\u00e9ndose satisfecho, al final, por el nivel de aceptaci\u00f3n  encontrado tanto en la zona rural como urbana de aqu\u00ed.<\/p>\n<p>&#13;<\/p>\n<p align=\"justify\" class=\"text1noticias\">El candidato vicepresidencial del  PRSC ha recorrido, en sus m\u00e1s recientes actividades proselitistas, los diversos  sectores de Santiago, el municipios de San Jos\u00e9 de las Matas, y las provincias  San Fernando de Montecristi y S\u00e1nchez Ram\u00edrez.<\/p>\n<p>&#13;<\/p>\n<p align=\"justify\" class=\"text1noticias\">Su equipo de campa\u00f1a adelant\u00f3 que  este fin de semana Sued Sem\u00a0 se  trasladar\u00e1 a Puerto Plata donde mantendr\u00e1 reuniones con seguidores de su  partido y con representativos de otros sectores de esa pujante provincia  norte\u00f1a<strong>.<\/strong><\/p>\n<p>&#13;<\/p>\n<h6> 2008-04-04 21:12:45 <\/h6>\n<p><!--\n<link rel=\"stylesheet\" href=\"css\/bootstrap.min.css\">\n\n\n<ul class=\"pagination\">\n\t    \n\t\n\n<li >\n\t<a href='?page_no=33730'>Previous<\/a>\n\t<\/li>\n\n\n       \n    \n\n<li><a href='?page_no=1'>1<\/a><\/li>\n\n\n\n<li><a href='?page_no=2'>2<\/a><\/li>\n\n\n\n<li><a>...<\/a><\/li>\n\n\n\n<li><a href='?page_no=33729'>33729<\/a><\/li>\n\n\n\n<li><a href='?page_no=33730'>33730<\/a><\/li>\n\n\n\n<li class='active'><a>33731<\/a><\/li>\n\n\n\n<li><a href='?page_no=33732'>33732<\/a><\/li>\n\n\n\n<li><a href='?page_no=33733'>33733<\/a><\/li>\n\n\n\n<li><a>...<\/a><\/li>\n\n\n\n<li><a href='?page_no=36999'>36999<\/a><\/li>\n\n\n\n<li><a href='?page_no=37000'>37000<\/a><\/li>\n\n    \n\t\n\n<li >\n\t<a href='?page_no=33732'>Next<\/a>\n\t<\/li>\n\n\n    \n\n<li><a href='?page_no=37000'>Last &rsaquo;&rsaquo;<\/a><\/li>\n\n<\/ul>\n\n\n--><br \/>\n<\/body><\/p>\n","protected":false},"excerpt":{"rendered":"<p>Sued deplora abandono de Bonao &#13; BONAO, Prov. Monse\u00f1or Nouel.- El candidato a la vicepresidencia de la Republica por el Partido Reformista Social Cristiano (PRSC), Jos\u00e9 Enrique Sued Sem, deplor\u00f3 el abandono\u00a0 en que las autoridades gubernamentales han sumido a los residentes en la provincia Monse\u00f1or Noel. &#13; Al t\u00e9rmino de un recorrido\u00a0 realizado este [&hellip;]<\/p>\n","protected":false},"author":3,"featured_media":0,"comment_status":"open","ping_status":"open","sticky":false,"template":"","format":"standard","meta":{"footnotes":""},"categories":[22],"tags":[],"class_list":["post-190983","post","type-post","status-publish","format-standard","hentry","category-politica"],"_links":{"self":[{"href":"https:\/\/diariodominicano.com\/index.php?rest_route=\/wp\/v2\/posts\/190983","targetHints":{"allow":["GET"]}}],"collection":[{"href":"https:\/\/diariodominicano.com\/index.php?rest_route=\/wp\/v2\/posts"}],"about":[{"href":"https:\/\/diariodominicano.com\/index.php?rest_route=\/wp\/v2\/types\/post"}],"author":[{"embeddable":true,"href":"https:\/\/diariodominicano.com\/index.php?rest_route=\/wp\/v2\/users\/3"}],"replies":[{"embeddable":true,"href":"https:\/\/diariodominicano.com\/index.php?rest_route=%2Fwp%2Fv2%2Fcomments&post=190983"}],"version-history":[{"count":0,"href":"https:\/\/diariodominicano.com\/index.php?rest_route=\/wp\/v2\/posts\/190983\/revisions"}],"wp:attachment":[{"href":"https:\/\/diariodominicano.com\/index.php?rest_route=%2Fwp%2Fv2%2Fmedia&parent=190983"}],"wp:term":[{"taxonomy":"category","embeddable":true,"href":"https:\/\/diariodominicano.com\/index.php?rest_route=%2Fwp%2Fv2%2Fcategories&post=190983"},{"taxonomy":"post_tag","embeddable":true,"href":"https:\/\/diariodominicano.com\/index.php?rest_route=%2Fwp%2Fv2%2Ftags&post=190983"}],"curies":[{"name":"wp","href":"https:\/\/api.w.org\/{rel}","templated":true}]}}