{"id":190982,"date":"2008-04-04T21:32:04","date_gmt":"2008-04-04T21:32:04","guid":{"rendered":"http:\/\/diariodominicano.ddns.net\/?p=190982"},"modified":"2008-04-04T21:32:04","modified_gmt":"2008-04-04T21:32:04","slug":"montas-dice-en-proximos-dias-se-presentara-programa-gobierno-del-pld","status":"publish","type":"post","link":"https:\/\/diariodominicano.com\/?p=190982","title":{"rendered":"Mont\u00e1s dice en pr\u00f3ximos d\u00edas se presentar\u00e1 programa gobierno del PLD"},"content":{"rendered":"<p><body><\/p>\n<p class=\"titulogrande1\">Mont\u00e1s  dice en pr\u00f3ximos d\u00edas se presentar\u00e1 programa gobierno del PLD<\/p>\n<p>&#13;<\/p>\n<p align=\"justify\" class=\"text1noticias\"><strong><img loading=\"lazy\" decoding=\"async\" src=\"http:\/\/localhost:8080\/img\/temo.jpg\" width=\"375\" height=\"184\" hspace=\"4\" align=\"left\" \/>Santo Domingo.-<\/strong> Tem\u00edstocles  Mont\u00e1s, coordinador de la Direcci\u00f3n Estrat\u00e9gica de Campa\u00f1a del Partido de la Liberaci\u00f3n Dominicana  (PLD), anunci\u00f3 que en los d\u00edas pr\u00f3ximos,\u00a0al retorno desde Estados Unidos de su candidato, doctor Leonel  Fern\u00e1ndez, ser\u00e1 presentado el Programa de Gobierno de esa organizaci\u00f3n para el  cuatrienio 2008-2012.<\/p>\n<p>&#13;<\/p>\n<p align=\"justify\" class=\"text1noticias\"> Mediante nota de la Secretar\u00eda de  Comunicaciones, Mont\u00e1s proclam\u00f3 que desde 1990 el PLD ha sido la \u00fanica  organizaci\u00f3n que ha presentado programa de gobierno en cada proceso electoral.<br \/>&#13;<br \/>\n  <br \/>&#13;<br \/>\n\u00abLa pr\u00f3xima semana vamos a  presentar el programa de gobierno que servir\u00e1 de soporte al compa\u00f1ero Leonel  Fern\u00e1ndez en la gesti\u00f3n que \u00e9l inaugurar\u00e1 sin lugar a dudas el pr\u00f3ximo 16 de  agosto\u00bb, exclam\u00f3 el dirigente pelede\u00edsta. <\/p>\n<p>&#13;<\/p>\n<p align=\"justify\" class=\"text1noticias\"> Insisti\u00f3 en que el Partido de la Liberaci\u00f3n Dominicana  hace la diferencia al prestar la atenci\u00f3n que merecen los aspectos  program\u00e1ticos de una campa\u00f1a electoral como la actual.<\/p>\n<p>&#13;<\/p>\n<p align=\"justify\" class=\"text1noticias\"> Contrapuso que los principales partidos  que en la presente coyuntura adversan al PLD no presentaron propuestas  program\u00e1ticas en las elecciones del 2004.<\/p>\n<p>&#13;<\/p>\n<p align=\"justify\" class=\"text1noticias\">Tem\u00edstocles Mont\u00e1s refiri\u00f3 que desde el  exterior se perciben los partidos dominicanos como carentes de ideolog\u00edas y sin  definiciones program\u00e1ticas, contrastando esa realidad con el sistema de  partidos chileno.<\/p>\n<p>&#13;<\/p>\n<p align=\"justify\" class=\"text1noticias\">\u00abAqu\u00ed resulta dif\u00edcil establecer  diferenciaci\u00f3n\u00bb, acot\u00f3 el dirigente pelede\u00edsta tras manifestar que la  calidad de la gente de hace pol\u00edtica se transfiere a sus respectivas  organizaciones.<\/p>\n<p>&#13;<\/p>\n<p align=\"justify\" class=\"text1noticias\"> Al sostener que la base de  sustentaci\u00f3n de la democracia est\u00e1 sustentada por los partidos pol\u00edticos, y que  la calidad democr\u00e1tica se manifiesta en funci\u00f3n de los partidos.<\/p>\n<p>&#13;<\/p>\n<p align=\"justify\" class=\"text1noticias\">\u00abSi los partidos pol\u00edticos no tienen  calidad, no se puede esperar que la democracia tenga calidad\u00bb, sostuvo el  tambi\u00e9n Secretario de Econom\u00eda, Planificaci\u00f3n y Desarrollo.<br \/>&#13;<br \/>\n  <br \/>&#13;<br \/>\nTem\u00edstocles Mont\u00e1s dijo que un  par\u00e1metro para evaluar lo que ocurri\u00f3 en el pa\u00eds entre el 2000 y el 2004 es la  calidad de los pol\u00edticos que estuvieron al frente de la direcci\u00f3n del Estado.<\/p>\n<p>&#13;<\/p>\n<p align=\"justify\" class=\"text1noticias\">Concluy\u00f3 que cuando se implemente a  profundidad la reforma institucional de la Rep\u00fablica Dominicana  habr\u00e1 que enfocarse en los partidos pol\u00edticos.<\/p>\n<p>&#13;<\/p>\n<h6> 2008-04-04 21:32:04 <\/h6>\n<p><!--\n<link rel=\"stylesheet\" href=\"css\/bootstrap.min.css\">\n\n\n<ul class=\"pagination\">\n\t    \n\t\n\n<li >\n\t<a href='?page_no=33729'>Previous<\/a>\n\t<\/li>\n\n\n       \n    \n\n<li><a href='?page_no=1'>1<\/a><\/li>\n\n\n\n<li><a href='?page_no=2'>2<\/a><\/li>\n\n\n\n<li><a>...<\/a><\/li>\n\n\n\n<li><a href='?page_no=33728'>33728<\/a><\/li>\n\n\n\n<li><a href='?page_no=33729'>33729<\/a><\/li>\n\n\n\n<li class='active'><a>33730<\/a><\/li>\n\n\n\n<li><a href='?page_no=33731'>33731<\/a><\/li>\n\n\n\n<li><a href='?page_no=33732'>33732<\/a><\/li>\n\n\n\n<li><a>...<\/a><\/li>\n\n\n\n<li><a href='?page_no=36999'>36999<\/a><\/li>\n\n\n\n<li><a href='?page_no=37000'>37000<\/a><\/li>\n\n    \n\t\n\n<li >\n\t<a href='?page_no=33731'>Next<\/a>\n\t<\/li>\n\n\n    \n\n<li><a href='?page_no=37000'>Last &rsaquo;&rsaquo;<\/a><\/li>\n\n<\/ul>\n\n\n--><br \/>\n<\/body><\/p>\n","protected":false},"excerpt":{"rendered":"<p>Mont\u00e1s dice en pr\u00f3ximos d\u00edas se presentar\u00e1 programa gobierno del PLD &#13; Santo Domingo.- Tem\u00edstocles Mont\u00e1s, coordinador de la Direcci\u00f3n Estrat\u00e9gica de Campa\u00f1a del Partido de la Liberaci\u00f3n Dominicana (PLD), anunci\u00f3 que en los d\u00edas pr\u00f3ximos,\u00a0al retorno desde Estados Unidos de su candidato, doctor Leonel Fern\u00e1ndez, ser\u00e1 presentado el Programa de Gobierno de esa organizaci\u00f3n [&hellip;]<\/p>\n","protected":false},"author":3,"featured_media":0,"comment_status":"open","ping_status":"open","sticky":false,"template":"","format":"standard","meta":{"footnotes":""},"categories":[22],"tags":[],"class_list":["post-190982","post","type-post","status-publish","format-standard","hentry","category-politica"],"_links":{"self":[{"href":"https:\/\/diariodominicano.com\/index.php?rest_route=\/wp\/v2\/posts\/190982","targetHints":{"allow":["GET"]}}],"collection":[{"href":"https:\/\/diariodominicano.com\/index.php?rest_route=\/wp\/v2\/posts"}],"about":[{"href":"https:\/\/diariodominicano.com\/index.php?rest_route=\/wp\/v2\/types\/post"}],"author":[{"embeddable":true,"href":"https:\/\/diariodominicano.com\/index.php?rest_route=\/wp\/v2\/users\/3"}],"replies":[{"embeddable":true,"href":"https:\/\/diariodominicano.com\/index.php?rest_route=%2Fwp%2Fv2%2Fcomments&post=190982"}],"version-history":[{"count":0,"href":"https:\/\/diariodominicano.com\/index.php?rest_route=\/wp\/v2\/posts\/190982\/revisions"}],"wp:attachment":[{"href":"https:\/\/diariodominicano.com\/index.php?rest_route=%2Fwp%2Fv2%2Fmedia&parent=190982"}],"wp:term":[{"taxonomy":"category","embeddable":true,"href":"https:\/\/diariodominicano.com\/index.php?rest_route=%2Fwp%2Fv2%2Fcategories&post=190982"},{"taxonomy":"post_tag","embeddable":true,"href":"https:\/\/diariodominicano.com\/index.php?rest_route=%2Fwp%2Fv2%2Ftags&post=190982"}],"curies":[{"name":"wp","href":"https:\/\/api.w.org\/{rel}","templated":true}]}}