{"id":190981,"date":"2008-04-04T22:16:47","date_gmt":"2008-04-04T22:16:47","guid":{"rendered":"http:\/\/diariodominicano.ddns.net\/?p=190981"},"modified":"2008-04-04T22:16:47","modified_gmt":"2008-04-04T22:16:47","slug":"amarante-baret-rechaza-se-utilicen-recursos-del-estado-en-campana","status":"publish","type":"post","link":"https:\/\/diariodominicano.com\/?p=190981","title":{"rendered":"Amarante Baret rechaza se utilicen recursos del Estado en campa\u00f1a"},"content":{"rendered":"<p><body><\/p>\n<p class=\"titulogrande1\">Amarante  Baret rechaza se utilicen recursos del Estado en campa\u00f1a\u00a0\u00a0\u00a0\u00a0\u00a0\u00a0\u00a0\u00a0 <\/p>\n<p>&#13;<\/p>\n<p align=\"justify\" class=\"text1noticias\"><strong>Santo Domingo.-<\/strong> Carlos Amarante Baret, miembro de los  comit\u00e9s Pol\u00edtico y de Campa\u00f1a del Partido de la Liberaci\u00f3n Dominicana,  critic\u00f3 las denuncias de los adversarios del PLD que atribuyen al uso de los  recursos del Estado la gran simpat\u00eda con que cuenta el presidente Leonel  Fern\u00e1ndez. <\/p>\n<p>&#13;<\/p>\n<p align=\"justify\" class=\"text1noticias\"> Agreg\u00f3 que \u00absi Leonel hubiera hecho  un mal gobierno, no valieran de nada las promociones, estar\u00eda en primer lugar  el PRD o el Partido Reformista\u00bb.<br \/>&#13;<br \/>\n  <br \/>&#13;<br \/>\nEl responsable de la campa\u00f1a pelede\u00edsta en  la provincia S\u00e1nchez Ram\u00edrez\u00a0 dijo que  las denuncias del uso de recursos del Estado es una constante del PRD, quien se  aferraba a lo mismo en las elecciones del a\u00f1o 2000. <\/p>\n<p>&#13;<\/p>\n<p align=\"justify\" class=\"text1noticias\"> Aclar\u00f3 que la amplia acogida de la  poblaci\u00f3n a la candidatura pelede\u00edsta no puede responder al uso de los recursos  p\u00fablicos porque se sabe que esa mala pr\u00e1ctica no ha dado resultados a los que  si lo han hecho.<\/p>\n<p>&#13;<\/p>\n<p align=\"justify\" class=\"text1noticias\"> Apunt\u00f3 que en el \u00abel a\u00f1o 2004 lo que  hizo el PRD fue de antolog\u00eda y, sin embargo, Hip\u00f3lito Mej\u00eda sac\u00f3 33%\u00bb. <\/p>\n<p>&#13;<\/p>\n<p align=\"justify\" class=\"text1noticias\">\u00abLo que pasa es que el PLD como  gobierno tiene hecho, tiene realizaciones, tiene evidencia que hace que la  parte mayoritaria del pueblo lo valore positivamente\u00bb, sostuvo el  dirigente pol\u00edtico. <\/p>\n<p>&#13;<\/p>\n<p align=\"justify\" class=\"text1noticias\"> Dijo que adem\u00e1s del buen desempa\u00f1o del  gobierno a la candidatura pelede\u00edsta la beneficia la valoraci\u00f3n que los  dominicanos y dominicanas tienen del voto. <\/p>\n<p>&#13;<\/p>\n<p align=\"justify\" class=\"text1noticias\"> Explic\u00f3 que, conforme la\u00a0 experiencia electoral dominicana, a mucha  gente no le gusta perder y cuando ve que su partido no tiene posibilidades de  ganar se decide por una opci\u00f3n que s\u00ed las tiene. <\/p>\n<p>&#13;<\/p>\n<p align=\"justify\" class=\"text1noticias\"> En respuesta a preguntas sobre las  encuestas, Amarante Baret declar\u00f3 que no le gusta referirse en p\u00fablico a estas  por la vieja pr\u00e1ctica de los pol\u00edticos de levantar las que les favorecen y  cuestionar las que les perjudican. <\/p>\n<p>&#13;<\/p>\n<p align=\"justify\" class=\"text1noticias\"> Sin embargo Amarante Baret se refiri\u00f3 a la  firma Asisa Research Group, que da un 58 % al presidente Leonel Fern\u00e1ndez y  dijo que coincide con los \u00faltimos estudios en el PLD, que le dan un 60% a la  candidatura pelede\u00edsta. <\/p>\n<p>&#13;<\/p>\n<p align=\"justify\" class=\"text1noticias\">\u00abEl \u00faltimo estudio que hizo el PLD le  da un 60, este \u00faltimo estudio que da un 58 %,\u00a0m\u00e1s o menos se acerca\u00bb, dijo Amarante Baret. <\/p>\n<p>&#13;<\/p>\n<p align=\"justify\" class=\"text1noticias\"> Anunci\u00f3 que en los pr\u00f3ximos d\u00edas  dirigentes del PRD seguir\u00e1n sum\u00e1ndose en Cotu\u00ed a la candidatura del Presidente  Leonel Fern\u00e1ndez, lo que, en su opini\u00f3n, seguir\u00e1 aumentado el porcentaje que  dan las encuesta a la candidatura pelede\u00edsta. <\/p>\n<p>&#13;<\/p>\n<h6> 2008-04-04 22:16:47 <\/h6>\n<p><!--\n<link rel=\"stylesheet\" href=\"css\/bootstrap.min.css\">\n\n\n<ul class=\"pagination\">\n\t    \n\t\n\n<li >\n\t<a href='?page_no=33728'>Previous<\/a>\n\t<\/li>\n\n\n       \n    \n\n<li><a href='?page_no=1'>1<\/a><\/li>\n\n\n\n<li><a href='?page_no=2'>2<\/a><\/li>\n\n\n\n<li><a>...<\/a><\/li>\n\n\n\n<li><a href='?page_no=33727'>33727<\/a><\/li>\n\n\n\n<li><a href='?page_no=33728'>33728<\/a><\/li>\n\n\n\n<li class='active'><a>33729<\/a><\/li>\n\n\n\n<li><a href='?page_no=33730'>33730<\/a><\/li>\n\n\n\n<li><a href='?page_no=33731'>33731<\/a><\/li>\n\n\n\n<li><a>...<\/a><\/li>\n\n\n\n<li><a href='?page_no=36999'>36999<\/a><\/li>\n\n\n\n<li><a href='?page_no=37000'>37000<\/a><\/li>\n\n    \n\t\n\n<li >\n\t<a href='?page_no=33730'>Next<\/a>\n\t<\/li>\n\n\n    \n\n<li><a href='?page_no=37000'>Last &rsaquo;&rsaquo;<\/a><\/li>\n\n<\/ul>\n\n\n--><br \/>\n<\/body><\/p>\n","protected":false},"excerpt":{"rendered":"<p>Amarante Baret rechaza se utilicen recursos del Estado en campa\u00f1a\u00a0\u00a0\u00a0\u00a0\u00a0\u00a0\u00a0\u00a0 &#13; Santo Domingo.- Carlos Amarante Baret, miembro de los comit\u00e9s Pol\u00edtico y de Campa\u00f1a del Partido de la Liberaci\u00f3n Dominicana, critic\u00f3 las denuncias de los adversarios del PLD que atribuyen al uso de los recursos del Estado la gran simpat\u00eda con que cuenta el presidente [&hellip;]<\/p>\n","protected":false},"author":3,"featured_media":0,"comment_status":"open","ping_status":"open","sticky":false,"template":"","format":"standard","meta":{"footnotes":""},"categories":[22],"tags":[],"class_list":["post-190981","post","type-post","status-publish","format-standard","hentry","category-politica"],"_links":{"self":[{"href":"https:\/\/diariodominicano.com\/index.php?rest_route=\/wp\/v2\/posts\/190981","targetHints":{"allow":["GET"]}}],"collection":[{"href":"https:\/\/diariodominicano.com\/index.php?rest_route=\/wp\/v2\/posts"}],"about":[{"href":"https:\/\/diariodominicano.com\/index.php?rest_route=\/wp\/v2\/types\/post"}],"author":[{"embeddable":true,"href":"https:\/\/diariodominicano.com\/index.php?rest_route=\/wp\/v2\/users\/3"}],"replies":[{"embeddable":true,"href":"https:\/\/diariodominicano.com\/index.php?rest_route=%2Fwp%2Fv2%2Fcomments&post=190981"}],"version-history":[{"count":0,"href":"https:\/\/diariodominicano.com\/index.php?rest_route=\/wp\/v2\/posts\/190981\/revisions"}],"wp:attachment":[{"href":"https:\/\/diariodominicano.com\/index.php?rest_route=%2Fwp%2Fv2%2Fmedia&parent=190981"}],"wp:term":[{"taxonomy":"category","embeddable":true,"href":"https:\/\/diariodominicano.com\/index.php?rest_route=%2Fwp%2Fv2%2Fcategories&post=190981"},{"taxonomy":"post_tag","embeddable":true,"href":"https:\/\/diariodominicano.com\/index.php?rest_route=%2Fwp%2Fv2%2Ftags&post=190981"}],"curies":[{"name":"wp","href":"https:\/\/api.w.org\/{rel}","templated":true}]}}