{"id":190980,"date":"2008-04-05T00:42:24","date_gmt":"2008-04-05T00:42:24","guid":{"rendered":"http:\/\/diariodominicano.ddns.net\/?p=190980"},"modified":"2008-04-05T00:42:24","modified_gmt":"2008-04-05T00:42:24","slug":"leonel-fernandez-gana-encuesta-radial-en-barahona","status":"publish","type":"post","link":"https:\/\/diariodominicano.com\/?p=190980","title":{"rendered":"Leonel Fern\u00e1ndez gana encuesta radial en Barahona"},"content":{"rendered":"<p><body><\/p>\n<p class=\"titulogrande1\">Leonel  Fern\u00e1ndez gana encuesta radial en Barahona<\/p>\n<p>&#13;<\/p>\n<p align=\"justify\" class=\"text1noticias\"><strong>BARAHONA.- <\/strong>El candidato  presidencial del partido de la Liberaci\u00f3n Dominicana (PLD) y el Bloque  Progresista doctor Leonel Fern\u00e1ndez Reyna, gan\u00f3 la segunda encuesta telef\u00f3nica  realizada en el programa radial \u201cAcci\u00f3n Ma\u00f1anera\u201d que se transmite por la  emisora Palma FM , con un 60.2 por ciento.<\/p>\n<p>&#13;<\/p>\n<p align=\"justify\" class=\"text1noticias\"> El aspirante presidencial por el  opositor Partido Revolucionario Dominicano (PRD), ingeniero Miguel Vargas  Maldonado obtuvo un 34.6 por ciento.<\/p>\n<p>&#13;<\/p>\n<p align=\"justify\" class=\"text1noticias\"> Amable Aristy Castro, candidato  presidencial por el Partido Reformista Social Cristiano (PRSC), logr\u00f3 un 5.1  por ciento.<\/p>\n<p>&#13;<\/p>\n<p align=\"justify\" class=\"text1noticias\"> El candidato del PLD, PTD\u00a0 y\u00a0  dem\u00e1s fuerzas aliadas, Fern\u00e1ndez Reyna de 98 llamadas de los oyentes fue  favorecido con 59 llamadas, Vargas Maldonado\u00a0  34 y\u00a0 Aristy Castro\u00a0 5.<\/p>\n<p>&#13;<\/p>\n<p align=\"justify\" class=\"text1noticias\">Este  es el segundo sondeo telef\u00f3nico que realiza el programa \u201cAcci\u00f3n Ma\u00f1anera\u201d y en  ambas ha salido victorioso el presidente Leonel Fern\u00e1ndez Reyna,\u00a0 por encima del 50 por ciento.<\/p>\n<p>&#13;<\/p>\n<p align=\"justify\" class=\"text1noticias\">En la encuesta telef\u00f3nica fueron  recibidas llamadas de\u00a0 San Juan de la Maguana, Boca de Cach\u00f3n,  Canoa, Oviedo, Pedernales, Barahona, Azua, Vicente Noble, Enriquillo, Para\u00edso,  Duverg\u00e9, Jiman\u00ed, El Pe\u00f1\u00f3n, Ban\u00ed, Fundaci\u00f3n, Tamayo, La Descubierta, Postrer  R\u00edo, Villa Jaragua, Galv\u00e1n, Las Clavellinas, El Salado, Uvilla, El Pe\u00f1\u00f3n,  Cabral, Polo, Los Patos\u00a0 entre  otros.\u00a0\u00a0\u00a0 <\/p>\n<p>&#13;<\/p>\n<p align=\"justify\" class=\"text1noticias\">El  programa\u00a0 radial \u00bb Acci\u00f3n Ma\u00f1anera  \u00ab, se transmite de lunes a viernes de 7 a 9 de la ma\u00f1ana por la emisora Palma FM, en  los 90.7,\u00a0 de\u00a0 \u201cEmpresas Radiof\u00f3nicas\u201d, propiedad de don  Rodolfo Lama Jaar y es conducido por el doctor N\u00e9stor De Jes\u00fas Laurens, el  locutor Wilfrido Pe\u00f1a G\u00f3mez, el periodista Alcib\u00edades Moreta y el ingeniero  Manolo S\u00e1nchez.<\/p>\n<p>&#13;<\/p>\n<p align=\"justify\" class=\"text1noticias\">Los  dirigentes de los partidos de la Liberaci\u00f3n Dominicana  (PLD) y de los Trabajadores Dominicanos (PTD), Mayobanex De Jes\u00fas Laurens y  Ohelmis S\u00e1nchez, manifestaron que los resultados de este sondeo\u00a0 de \u201cAcci\u00f3n Ma\u00f1anera\u201d, reflejan lo que dicen  todas las encuestas de que el presidente Leonel Fern\u00e1ndez, ganar\u00e1 las elecciones  en la primera vuelta.<\/p>\n<p>&#13;<\/p>\n<h6> 2008-04-05 00:42:24 <\/h6>\n<p><!--\n<link rel=\"stylesheet\" href=\"css\/bootstrap.min.css\">\n\n\n<ul class=\"pagination\">\n\t    \n\t\n\n<li >\n\t<a href='?page_no=33727'>Previous<\/a>\n\t<\/li>\n\n\n       \n    \n\n<li><a href='?page_no=1'>1<\/a><\/li>\n\n\n\n<li><a href='?page_no=2'>2<\/a><\/li>\n\n\n\n<li><a>...<\/a><\/li>\n\n\n\n<li><a href='?page_no=33726'>33726<\/a><\/li>\n\n\n\n<li><a href='?page_no=33727'>33727<\/a><\/li>\n\n\n\n<li class='active'><a>33728<\/a><\/li>\n\n\n\n<li><a href='?page_no=33729'>33729<\/a><\/li>\n\n\n\n<li><a href='?page_no=33730'>33730<\/a><\/li>\n\n\n\n<li><a>...<\/a><\/li>\n\n\n\n<li><a href='?page_no=36999'>36999<\/a><\/li>\n\n\n\n<li><a href='?page_no=37000'>37000<\/a><\/li>\n\n    \n\t\n\n<li >\n\t<a href='?page_no=33729'>Next<\/a>\n\t<\/li>\n\n\n    \n\n<li><a href='?page_no=37000'>Last &rsaquo;&rsaquo;<\/a><\/li>\n\n<\/ul>\n\n\n--><br \/>\n<\/body><\/p>\n","protected":false},"excerpt":{"rendered":"<p>Leonel Fern\u00e1ndez gana encuesta radial en Barahona &#13; BARAHONA.- El candidato presidencial del partido de la Liberaci\u00f3n Dominicana (PLD) y el Bloque Progresista doctor Leonel Fern\u00e1ndez Reyna, gan\u00f3 la segunda encuesta telef\u00f3nica realizada en el programa radial \u201cAcci\u00f3n Ma\u00f1anera\u201d que se transmite por la emisora Palma FM , con un 60.2 por ciento. &#13; El [&hellip;]<\/p>\n","protected":false},"author":3,"featured_media":0,"comment_status":"open","ping_status":"open","sticky":false,"template":"","format":"standard","meta":{"footnotes":""},"categories":[22],"tags":[],"class_list":["post-190980","post","type-post","status-publish","format-standard","hentry","category-politica"],"_links":{"self":[{"href":"https:\/\/diariodominicano.com\/index.php?rest_route=\/wp\/v2\/posts\/190980","targetHints":{"allow":["GET"]}}],"collection":[{"href":"https:\/\/diariodominicano.com\/index.php?rest_route=\/wp\/v2\/posts"}],"about":[{"href":"https:\/\/diariodominicano.com\/index.php?rest_route=\/wp\/v2\/types\/post"}],"author":[{"embeddable":true,"href":"https:\/\/diariodominicano.com\/index.php?rest_route=\/wp\/v2\/users\/3"}],"replies":[{"embeddable":true,"href":"https:\/\/diariodominicano.com\/index.php?rest_route=%2Fwp%2Fv2%2Fcomments&post=190980"}],"version-history":[{"count":0,"href":"https:\/\/diariodominicano.com\/index.php?rest_route=\/wp\/v2\/posts\/190980\/revisions"}],"wp:attachment":[{"href":"https:\/\/diariodominicano.com\/index.php?rest_route=%2Fwp%2Fv2%2Fmedia&parent=190980"}],"wp:term":[{"taxonomy":"category","embeddable":true,"href":"https:\/\/diariodominicano.com\/index.php?rest_route=%2Fwp%2Fv2%2Fcategories&post=190980"},{"taxonomy":"post_tag","embeddable":true,"href":"https:\/\/diariodominicano.com\/index.php?rest_route=%2Fwp%2Fv2%2Ftags&post=190980"}],"curies":[{"name":"wp","href":"https:\/\/api.w.org\/{rel}","templated":true}]}}