{"id":190979,"date":"2008-04-05T00:45:27","date_gmt":"2008-04-05T00:45:27","guid":{"rendered":"http:\/\/diariodominicano.ddns.net\/?p=190979"},"modified":"2008-04-05T00:45:27","modified_gmt":"2008-04-05T00:45:27","slug":"guillermo-moreno-agota-apretada-agenda-este-fin-de-semana","status":"publish","type":"post","link":"https:\/\/diariodominicano.com\/?p=190979","title":{"rendered":"Guillermo Moreno agota apretada agenda este fin de semana"},"content":{"rendered":"<p><body><\/p>\n<p class=\"titulogrande1\">Guillermo  Moreno agota apretada agenda  este fin de semana<\/p>\n<p>&#13;<\/p>\n<p align=\"justify\" class=\"text1noticias\"><strong>Santo Domingo.-<\/strong> El candidato  presidencial del MIUCA Guillermo Moreno  agotar\u00e1 este fin de semana una apretada agenda de trabajo proselitista en busca  de apoyo social y electoral para su propuesta pol\u00edtica. <\/p>\n<p>&#13;<\/p>\n<p align=\"justify\" class=\"text1noticias\">Desde este viernes, Moreno se  encuentra en Santiago, donde sostiene encuentros con electores de los barrios  de la zona Sur de ese municipio entre los que destaca un di\u00e1logo con dirigentes  comunitarios, sacerdotes y religiosos de las comunidades de base. Este  encuentro se desarrolla en el Sal\u00f3n Parroquial del barrio Cienfuegos.<\/p>\n<p>&#13;<\/p>\n<p align=\"justify\" class=\"text1noticias\">Asimismo, el candidato  presidencial del MIUCA participar\u00e1 en un multitudinario concierto con la  destacada participaci\u00f3n de Victor Victor y Sonia Silvestre, artistas emblem\u00e1ticos  del pa\u00eds que han manifestado sus simpat\u00edas y trabajan a favor de la candidatura  del Dr. Guillermo Moreno. En este acto art\u00edstico- cultural se lanzar\u00e1 el  movimiento J\u00f3venes Positivos, encabezado por la destacada l\u00edder juvenil  santiaguera Khristal Ochoa.<\/p>\n<p>&#13;<\/p>\n<p align=\"justify\" class=\"text1noticias\">En esta actividad, que se  realizar\u00e1 este viernes a las seis en la zona monumental de Santiago, \u00a0Guillermo Moreno se dirigir\u00e1 a los j\u00f3venes a  quienes llevar\u00e1 un mensaje de aliento y esperanza y con quienes dialogar\u00e1  acerca de su propuesta pol\u00edtica.<\/p>\n<p>&#13;<\/p>\n<p align=\"justify\" class=\"text1noticias\">Este s\u00e1bado, Moreno sostendr\u00e1  m\u00faltiples encuentros con sectores sociales y ciudadanos independientes sobre la  necesidad de que la sociedad se movilice para detener el uso ilegal y abusivo  de los recursos p\u00fablicos en la campa\u00f1a re leccionista.<\/p>\n<p>&#13;<\/p>\n<p align=\"justify\" class=\"text1noticias\">A partir de la seis de la  tarde de este s\u00e1bado 5 de abril el candidato presidencial de un abanico de  fuerzas sociales y pol\u00edticas participar\u00e1 en el Concierto Ponte Positivo, que se  celebrar\u00e1 en la plaza Padre Las Casas, calle Billini esquina Arzobispo Meri\u00f1o,  en la Zona Colonia.  Este concierto contar\u00e1 con la participaci\u00f3n de destacados cantautores como  Duluc, Janio, Lora, Victor Victor, Los P\u00e9rez, Dj Parz, entre otros.<\/p>\n<p>&#13;<\/p>\n<p align=\"justify\" class=\"text1noticias\">El domingo a\u00a0 partir de las diez de la ma\u00f1ana, el Dr.  Guillermo Moreno participar\u00e1 en la Gran Caminata Positiva por los barrios de la Zona Norte de la  capital. Esta caminata tiene como punto de partida el hospital Moscoso Puello,situado en la calle Ovando esquina Josefa Brea. En la tarde de ese mismo  domingo el aspirante a la   Presidencial participar\u00e1 en un acto pol\u00edtico cultural en la  ciudad de Ban\u00ed.<\/p>\n<p>&#13;<\/p>\n<h6> 2008-04-05 00:45:27 <\/h6>\n<p><!--\n<link rel=\"stylesheet\" href=\"css\/bootstrap.min.css\">\n\n\n<ul class=\"pagination\">\n\t    \n\t\n\n<li >\n\t<a href='?page_no=33726'>Previous<\/a>\n\t<\/li>\n\n\n       \n    \n\n<li><a href='?page_no=1'>1<\/a><\/li>\n\n\n\n<li><a href='?page_no=2'>2<\/a><\/li>\n\n\n\n<li><a>...<\/a><\/li>\n\n\n\n<li><a href='?page_no=33725'>33725<\/a><\/li>\n\n\n\n<li><a href='?page_no=33726'>33726<\/a><\/li>\n\n\n\n<li class='active'><a>33727<\/a><\/li>\n\n\n\n<li><a href='?page_no=33728'>33728<\/a><\/li>\n\n\n\n<li><a href='?page_no=33729'>33729<\/a><\/li>\n\n\n\n<li><a>...<\/a><\/li>\n\n\n\n<li><a href='?page_no=36999'>36999<\/a><\/li>\n\n\n\n<li><a href='?page_no=37000'>37000<\/a><\/li>\n\n    \n\t\n\n<li >\n\t<a href='?page_no=33728'>Next<\/a>\n\t<\/li>\n\n\n    \n\n<li><a href='?page_no=37000'>Last &rsaquo;&rsaquo;<\/a><\/li>\n\n<\/ul>\n\n\n--><br \/>\n<\/body><\/p>\n","protected":false},"excerpt":{"rendered":"<p>Guillermo Moreno agota apretada agenda este fin de semana &#13; Santo Domingo.- El candidato presidencial del MIUCA Guillermo Moreno agotar\u00e1 este fin de semana una apretada agenda de trabajo proselitista en busca de apoyo social y electoral para su propuesta pol\u00edtica. &#13; Desde este viernes, Moreno se encuentra en Santiago, donde sostiene encuentros con electores [&hellip;]<\/p>\n","protected":false},"author":3,"featured_media":0,"comment_status":"open","ping_status":"open","sticky":false,"template":"","format":"standard","meta":{"footnotes":""},"categories":[22],"tags":[],"class_list":["post-190979","post","type-post","status-publish","format-standard","hentry","category-politica"],"_links":{"self":[{"href":"https:\/\/diariodominicano.com\/index.php?rest_route=\/wp\/v2\/posts\/190979","targetHints":{"allow":["GET"]}}],"collection":[{"href":"https:\/\/diariodominicano.com\/index.php?rest_route=\/wp\/v2\/posts"}],"about":[{"href":"https:\/\/diariodominicano.com\/index.php?rest_route=\/wp\/v2\/types\/post"}],"author":[{"embeddable":true,"href":"https:\/\/diariodominicano.com\/index.php?rest_route=\/wp\/v2\/users\/3"}],"replies":[{"embeddable":true,"href":"https:\/\/diariodominicano.com\/index.php?rest_route=%2Fwp%2Fv2%2Fcomments&post=190979"}],"version-history":[{"count":0,"href":"https:\/\/diariodominicano.com\/index.php?rest_route=\/wp\/v2\/posts\/190979\/revisions"}],"wp:attachment":[{"href":"https:\/\/diariodominicano.com\/index.php?rest_route=%2Fwp%2Fv2%2Fmedia&parent=190979"}],"wp:term":[{"taxonomy":"category","embeddable":true,"href":"https:\/\/diariodominicano.com\/index.php?rest_route=%2Fwp%2Fv2%2Fcategories&post=190979"},{"taxonomy":"post_tag","embeddable":true,"href":"https:\/\/diariodominicano.com\/index.php?rest_route=%2Fwp%2Fv2%2Ftags&post=190979"}],"curies":[{"name":"wp","href":"https:\/\/api.w.org\/{rel}","templated":true}]}}