{"id":190977,"date":"2008-04-06T18:11:36","date_gmt":"2008-04-06T18:11:36","guid":{"rendered":"http:\/\/diariodominicano.ddns.net\/?p=190977"},"modified":"2008-04-06T18:11:36","modified_gmt":"2008-04-06T18:11:36","slug":"leonel-afirma-que-viene-la-era-del-fortalecimiento-institucional-y-de-mayor-equidad-social","status":"publish","type":"post","link":"https:\/\/diariodominicano.com\/?p=190977","title":{"rendered":"Leonel afirma que viene la era del fortalecimiento institucional y de mayor equidad social"},"content":{"rendered":"<p><body><\/p>\n<p align=\"justify\" class=\"titulogrande1\"><strong>Leonel afirma  que viene la era del fortalecimiento institucional y de mayor equidad social<\/strong><\/p>\n<p>&#13;<\/p>\n<p align=\"justify\" class=\"text1noticias\"><strong><img loading=\"lazy\" decoding=\"async\" src=\"http:\/\/localhost:8080\/img\/leonel pict.jpg\" width=\"375\" height=\"165\" hspace=\"4\" align=\"left\" \/>New Jersey.-<\/strong> El Presidente Leonel Fern\u00e1ndez asegur\u00f3 que la Rep\u00fablica Dominicana  se encamina hacia un proceso de fortalecimiento de sus instituciones y de un sistema  de mayor equidad social. <\/p>\n<p>&#13;<\/p>\n<p align=\"justify\" class=\"text1noticias\">Dijo que en estos cuatro a\u00f1os su gobierno ha sentado las  bases para hacer las transformaciones que necesita la Rep\u00fablica Dominicana,  tanto en materia social como en lo pol\u00edtico.<br \/>&#13;<br \/>\n  <br \/> &#13;<br \/>\nAsegur\u00f3 que al iniciar su gesti\u00f3n de gobierno, el pa\u00eds era  un paciente d\u00e9bil, con falta de claridad en la organizaci\u00f3n del Estado y  seguridad jur\u00eddica. <\/p>\n<p>&#13;<\/p>\n<p align=\"justify\" class=\"text1noticias\">Afirm\u00f3 que cuatro a\u00f1os despu\u00e9s podemos exhibir estabilidad  econ\u00f3mica que se refleja incremento de las inversiones en la Rep\u00fablica Dominicana. <\/p>\n<p>&#13;<\/p>\n<p align=\"justify\" class=\"text1noticias\">Tambi\u00e9n puede mostrarse grandes cambios en materia de  educaci\u00f3n y mejor\u00edas sustanciales en el sistema de salud. <\/p>\n<p>&#13;<\/p>\n<p align=\"justify\" class=\"text1noticias\">El presidente Fern\u00e1ndez\u00a0 habl\u00f3 en la actividad festiva  que se celebr\u00f3 en New Jersey con un p\u00fablico de m\u00e1s de tres mil personas que  abarrotaron el lugar, desafiando el intenso fri\u00f3 de la ciudad. <\/p>\n<p>&#13;<\/p>\n<p align=\"justify\" class=\"text1noticias\">El doctor Leonel Fern\u00e1ndez reiter\u00f3 la importancia de la  comunidad dominicana en el extranjero y c\u00f3mo su integraci\u00f3n al desarrollo de la  rep\u00fablica dominicana ha sido factor clave en estos cuatro a\u00f1os de gesti\u00f3n  gubernamental. <\/p>\n<p>&#13;<\/p>\n<p align=\"justify\" class=\"text1noticias\">Indic\u00f3 que las remesas dominicanas constituyen una de los  aspectos m\u00e1s importantes de la econom\u00eda dominicana, por lo que la contribuci\u00f3n  tambi\u00e9n se ha establecido a trav\u00e9s de los recursos humanos de nacionales que  ejercen con gran \u00e9xito sus profesiones en el exterior. <\/p>\n<p>&#13;<\/p>\n<p align=\"justify\" class=\"text1noticias\">Asegur\u00f3 el jefe de Estado que una gran meta de su pr\u00f3ximo  gobierno ser\u00e1 fortalecer el papel de los Consejos Consultivos en el exterior  como mecanismo ideal para canalizar la vinculaci\u00f3n de la comunidad dominicana  en donde quiera que se encuentre. <\/p>\n<p>&#13;<\/p>\n<p align=\"justify\" class=\"text1noticias\">Previo a la actividad, el presidente Fern\u00e1ndez particip\u00f3 en  un encuentro con propietarios de supermercados de la comunidad de Long Island,  New York; donde decenas de ellos le manifestaron su respaldo y apoyo.<\/p>\n<p>&#13;<\/p>\n<p align=\"justify\" class=\"text1noticias\">Para este domingo, tiene varias actividades programadas: la  inauguraci\u00f3n de las oficinas que promocionar\u00e1n su candidatura en New York, una  reuni\u00f3n con funcionarios electos de origen dominicano, una visita a una base de  taxistas criollos y un acto masivo en el United Palace, donde se espera m\u00e1s de  cinco mil personas. La actividad ser\u00e1 festiva con la participaci\u00f3n de las m\u00e1s  relevantes figuras del arte popular criollo, entre ellos Milly Quezada, Sergio  Vargas, Fernando Villalona, Ram\u00f3n Orlando, Pe\u00f1a Suazo y Pavel N\u00fa\u00f1ez, entre  otros artistas. <\/p>\n<p>&#13;<\/p>\n<h6> 2008-04-06 18:11:36 <\/h6>\n<p><!--\n<link rel=\"stylesheet\" href=\"css\/bootstrap.min.css\">\n\n\n<ul class=\"pagination\">\n\t    \n\t\n\n<li >\n\t<a href='?page_no=33724'>Previous<\/a>\n\t<\/li>\n\n\n       \n    \n\n<li><a href='?page_no=1'>1<\/a><\/li>\n\n\n\n<li><a href='?page_no=2'>2<\/a><\/li>\n\n\n\n<li><a>...<\/a><\/li>\n\n\n\n<li><a href='?page_no=33723'>33723<\/a><\/li>\n\n\n\n<li><a href='?page_no=33724'>33724<\/a><\/li>\n\n\n\n<li class='active'><a>33725<\/a><\/li>\n\n\n\n<li><a href='?page_no=33726'>33726<\/a><\/li>\n\n\n\n<li><a href='?page_no=33727'>33727<\/a><\/li>\n\n\n\n<li><a>...<\/a><\/li>\n\n\n\n<li><a href='?page_no=36999'>36999<\/a><\/li>\n\n\n\n<li><a href='?page_no=37000'>37000<\/a><\/li>\n\n    \n\t\n\n<li >\n\t<a href='?page_no=33726'>Next<\/a>\n\t<\/li>\n\n\n    \n\n<li><a href='?page_no=37000'>Last &rsaquo;&rsaquo;<\/a><\/li>\n\n<\/ul>\n\n\n--><br \/>\n<\/body><\/p>\n","protected":false},"excerpt":{"rendered":"<p>Leonel afirma que viene la era del fortalecimiento institucional y de mayor equidad social &#13; New Jersey.- El Presidente Leonel Fern\u00e1ndez asegur\u00f3 que la Rep\u00fablica Dominicana se encamina hacia un proceso de fortalecimiento de sus instituciones y de un sistema de mayor equidad social. &#13; Dijo que en estos cuatro a\u00f1os su gobierno ha sentado [&hellip;]<\/p>\n","protected":false},"author":3,"featured_media":0,"comment_status":"open","ping_status":"open","sticky":false,"template":"","format":"standard","meta":{"footnotes":""},"categories":[22],"tags":[],"class_list":["post-190977","post","type-post","status-publish","format-standard","hentry","category-politica"],"_links":{"self":[{"href":"https:\/\/diariodominicano.com\/index.php?rest_route=\/wp\/v2\/posts\/190977","targetHints":{"allow":["GET"]}}],"collection":[{"href":"https:\/\/diariodominicano.com\/index.php?rest_route=\/wp\/v2\/posts"}],"about":[{"href":"https:\/\/diariodominicano.com\/index.php?rest_route=\/wp\/v2\/types\/post"}],"author":[{"embeddable":true,"href":"https:\/\/diariodominicano.com\/index.php?rest_route=\/wp\/v2\/users\/3"}],"replies":[{"embeddable":true,"href":"https:\/\/diariodominicano.com\/index.php?rest_route=%2Fwp%2Fv2%2Fcomments&post=190977"}],"version-history":[{"count":0,"href":"https:\/\/diariodominicano.com\/index.php?rest_route=\/wp\/v2\/posts\/190977\/revisions"}],"wp:attachment":[{"href":"https:\/\/diariodominicano.com\/index.php?rest_route=%2Fwp%2Fv2%2Fmedia&parent=190977"}],"wp:term":[{"taxonomy":"category","embeddable":true,"href":"https:\/\/diariodominicano.com\/index.php?rest_route=%2Fwp%2Fv2%2Fcategories&post=190977"},{"taxonomy":"post_tag","embeddable":true,"href":"https:\/\/diariodominicano.com\/index.php?rest_route=%2Fwp%2Fv2%2Ftags&post=190977"}],"curies":[{"name":"wp","href":"https:\/\/api.w.org\/{rel}","templated":true}]}}