{"id":190976,"date":"2008-04-06T18:28:44","date_gmt":"2008-04-06T18:28:44","guid":{"rendered":"http:\/\/diariodominicano.ddns.net\/?p=190976"},"modified":"2008-04-06T18:28:44","modified_gmt":"2008-04-06T18:28:44","slug":"vicepresidente-alburquerque-presidente-fernandez-derrotara-candidato-presidencial-prd-60-a-30","status":"publish","type":"post","link":"https:\/\/diariodominicano.com\/?p=190976","title":{"rendered":"Vicepresidente Alburquerque: Presidente Fern\u00e1ndez derrotar\u00e1 Candidato Presidencial PRD 60 a 30"},"content":{"rendered":"<p><body><\/p>\n<p align=\"justify\" class=\"titulogrande1\"><strong>Vicepresidente Rafael Alburquerque: Leonel derrotar\u00e1 Candidato Presidencial PRD 60 a 30 <\/strong><\/p>\n<p>&#13;<\/p>\n<p align=\"justify\" class=\"text1noticias\"><strong><img loading=\"lazy\" decoding=\"async\" src=\"http:\/\/localhost:8080\/img\/vice pic.jpg\" width=\"375\" height=\"180\" hspace=\"4\" align=\"left\" \/>GUARAGUAO, Duarte.-<\/strong> El candidato vicepresidencial del Partido de la  Liberaci\u00f3n Dominicana (PLD), doctor Rafael Alburquerque, proclam\u00f3 aqu\u00ed que el  Presidente Leonel Fern\u00e1ndez derrotar\u00e1 al candidato del PRD y a Hip\u00f3lito Mej\u00eda  juntos, de forma humillante y que el pr\u00f3ximo 16 de mayo el pueblo dominicano  acudir\u00e1 a las urnas solo a confirmar el triunfo del PLD.<\/p>\n<p>&#13;<\/p>\n<p align=\"justify\" class=\"text1noticias\">Vaticin\u00f3 que el resultado de las  pr\u00f3ximas elecciones ser\u00e1 un 60-30, y que el Presidente Fern\u00e1ndez batir\u00e1 su  propio r\u00e9cord, derrotando con un 60% al candidato del PRD, ya que Leonel no es  s\u00f3lo el candidato del PLD, sino, de las distintas fuerzas sociales y pol\u00edticas  del pa\u00eds que son determinantes para ganar unas elecciones.<\/p>\n<p>&#13;<\/p>\n<p align=\"justify\" class=\"text1noticias\">Afirm\u00f3 que en estos momentos la  preocupaci\u00f3n del PRD gira en torno a si su candidato se colocar\u00e1 por encima de  Hip\u00f3lita Mej\u00eda, cuyo porcentaje no alcanz\u00f3 el 33 por ciento de las pasadas  elecciones presidenciales, y que tiene informes de que los estrategas del PRD  han establecidos que su candidato no puede darse el lujo de sacar un porcentaje  inferior al que sac\u00f3 Hip\u00f3lito Mej\u00eda en las elecciones del 2004.<\/p>\n<p>&#13;<\/p>\n<p align=\"justify\" class=\"text1noticias\">Dijo adem\u00e1s, que cuando se d\u00e9 el  1er bolet\u00edn electoral, la diferencia ser\u00e1 tan visible que el candidato del PRD  tendr\u00e1 que irse para su casa a dormir, a las 8 de la noche.<\/p>\n<p>&#13;<\/p>\n<p align=\"justify\" class=\"text1noticias\">Indic\u00f3 asimismo, que la  preocupaci\u00f3n de la dirigencia del PRD por su candidato presidencial es tan  grande, que Hip\u00f3lito Mej\u00eda ha tenido que salir en auxilio de su ahijado (el  candidato del PRD), ya que \u00e9ste es un candidato incoloro e insipido, que no  pasar\u00e1 del 30% en las pr\u00f3ximas elecciones, en cambio, Leonel Fern\u00e1ndez encarna  los sentimientos de las mayor\u00edas, ya que es prudente, capacitado y un  estadistas a carta cabal.<\/p>\n<p>&#13;<\/p>\n<p align=\"justify\" class=\"text1noticias\">El vicepresidente concluy\u00f3 este domingo un  exitoso recorrido por distintas provincias de la regi\u00f3n Sur y Norte del pa\u00eds,  con un acto en la comunidad de Las Coles, Guaraguao, donde encabez\u00f3 un acto de  juramentaci\u00f3n de decenas de dirigentes del PRD y del Partido Reformista que  pasaron a apoyar la candidatura del Presidente Leonel Fern\u00e1ndez.<\/p>\n<p>&#13;<\/p>\n<p align=\"justify\" class=\"text1noticias\">Dijo que recogi\u00f3 el sentir de los  pobladores de estas comunidades, quienes afirmaron sentirse satisfecho por las  atenciones que el gobierno les brind\u00f3 cuando fueron afectados por las Tormentas  Olga y Noel.<\/p>\n<p>&#13;<\/p>\n<p align=\"justify\" class=\"text1noticias\">Asimismo el vicepresidente de la  Rep\u00fablica y candidato a esa misma posici\u00f3n indic\u00f3 que en los pr\u00f3ximos 4 a\u00f1os el  gobierno afianzar\u00e1 su pol\u00edtica en salud y educaci\u00f3n, llevando de uno a tres  millones los beneficiarios del r\u00e9gimen contributivo del Seguro Familiar de  Salud, as\u00ed como elevando de 400 mil a 600 mil el n\u00famero de Tarjetas Solidaridad  en manos de familias pobres.<\/p>\n<p>&#13;<\/p>\n<p align=\"justify\" class=\"text1noticias\">\u00abA partir de Enero del 2009,  la Tarjeta Solidaridad, en su componente Comer Es Primero, ser\u00e1 aumentada de  $550 pesos a $750 pesos, respectivamente, lo que significa un aumento de uno a  tres millones de hogares beneficiados indirectamente por dicho programa,\u00bb,  afirm\u00f3.<\/p>\n<p>&#13;<\/p>\n<p align=\"justify\" class=\"text1noticias\">Alburquerque, encabez\u00f3 una  multitudinaria caravana por diferentes barrios y sectores del municipio  cabecera San Francisco de Macor\u00eds, en compa\u00f1\u00eda del senador Am\u00edlcar Romero, el  ex vicepresidente de la Rep\u00fablica, Jaime David Fern\u00e1ndez Mirabal, Paino Abreu,  Juan Octavio Ceballos, el secretario de Salud P\u00fablica, Bautista Rojas G\u00f3mez y  otros dirigentes del PLD.<\/p>\n<p>&#13;<\/p>\n<p align=\"justify\" class=\"text1noticias\">El vicepresidente estuvo  acompa\u00f1ado adem\u00e1s por el coordinador de su campa\u00f1a, Domingo Contreras, adem\u00e1s  de Elisaben Matos, Pablo King, Jos\u00e9 Francisco Zapata. Tambi\u00e9n Viterbo  Tolentino, Van Elder Espinal, Edgar Oller, Ram\u00f3n Ram\u00edrez, Felipe Romero, Pablo  King, \u00c1ngel Gomera, Bienvenido Mart\u00ednez, Atahualpa Dom\u00ednguez y Yudelka de la  Rosa entre otros.<\/p>\n<h6> 2008-04-06 18:28:44 <\/h6>\n<p><!--\n<link rel=\"stylesheet\" href=\"css\/bootstrap.min.css\">\n\n\n<ul class=\"pagination\">\n\t    \n\t\n\n<li >\n\t<a href='?page_no=33723'>Previous<\/a>\n\t<\/li>\n\n\n       \n    \n\n<li><a href='?page_no=1'>1<\/a><\/li>\n\n\n\n<li><a href='?page_no=2'>2<\/a><\/li>\n\n\n\n<li><a>...<\/a><\/li>\n\n\n\n<li><a href='?page_no=33722'>33722<\/a><\/li>\n\n\n\n<li><a href='?page_no=33723'>33723<\/a><\/li>\n\n\n\n<li class='active'><a>33724<\/a><\/li>\n\n\n\n<li><a href='?page_no=33725'>33725<\/a><\/li>\n\n\n\n<li><a href='?page_no=33726'>33726<\/a><\/li>\n\n\n\n<li><a>...<\/a><\/li>\n\n\n\n<li><a href='?page_no=36999'>36999<\/a><\/li>\n\n\n\n<li><a href='?page_no=37000'>37000<\/a><\/li>\n\n    \n\t\n\n<li >\n\t<a href='?page_no=33725'>Next<\/a>\n\t<\/li>\n\n\n    \n\n<li><a href='?page_no=37000'>Last &rsaquo;&rsaquo;<\/a><\/li>\n\n<\/ul>\n\n\n--><br \/>\n<\/body><\/p>\n","protected":false},"excerpt":{"rendered":"<p>Vicepresidente Rafael Alburquerque: Leonel derrotar\u00e1 Candidato Presidencial PRD 60 a 30 &#13; GUARAGUAO, Duarte.- El candidato vicepresidencial del Partido de la Liberaci\u00f3n Dominicana (PLD), doctor Rafael Alburquerque, proclam\u00f3 aqu\u00ed que el Presidente Leonel Fern\u00e1ndez derrotar\u00e1 al candidato del PRD y a Hip\u00f3lito Mej\u00eda juntos, de forma humillante y que el pr\u00f3ximo 16 de mayo el [&hellip;]<\/p>\n","protected":false},"author":3,"featured_media":0,"comment_status":"open","ping_status":"open","sticky":false,"template":"","format":"standard","meta":{"footnotes":""},"categories":[22],"tags":[],"class_list":["post-190976","post","type-post","status-publish","format-standard","hentry","category-politica"],"_links":{"self":[{"href":"https:\/\/diariodominicano.com\/index.php?rest_route=\/wp\/v2\/posts\/190976","targetHints":{"allow":["GET"]}}],"collection":[{"href":"https:\/\/diariodominicano.com\/index.php?rest_route=\/wp\/v2\/posts"}],"about":[{"href":"https:\/\/diariodominicano.com\/index.php?rest_route=\/wp\/v2\/types\/post"}],"author":[{"embeddable":true,"href":"https:\/\/diariodominicano.com\/index.php?rest_route=\/wp\/v2\/users\/3"}],"replies":[{"embeddable":true,"href":"https:\/\/diariodominicano.com\/index.php?rest_route=%2Fwp%2Fv2%2Fcomments&post=190976"}],"version-history":[{"count":0,"href":"https:\/\/diariodominicano.com\/index.php?rest_route=\/wp\/v2\/posts\/190976\/revisions"}],"wp:attachment":[{"href":"https:\/\/diariodominicano.com\/index.php?rest_route=%2Fwp%2Fv2%2Fmedia&parent=190976"}],"wp:term":[{"taxonomy":"category","embeddable":true,"href":"https:\/\/diariodominicano.com\/index.php?rest_route=%2Fwp%2Fv2%2Fcategories&post=190976"},{"taxonomy":"post_tag","embeddable":true,"href":"https:\/\/diariodominicano.com\/index.php?rest_route=%2Fwp%2Fv2%2Ftags&post=190976"}],"curies":[{"name":"wp","href":"https:\/\/api.w.org\/{rel}","templated":true}]}}