{"id":190975,"date":"2008-04-06T18:44:12","date_gmt":"2008-04-06T18:44:12","guid":{"rendered":"http:\/\/diariodominicano.ddns.net\/?p=190975"},"modified":"2008-04-06T18:44:12","modified_gmt":"2008-04-06T18:44:12","slug":"reformistas-sumados-al-progreso-realiza-operativo-odontologico-en-los-alcarrizos","status":"publish","type":"post","link":"https:\/\/diariodominicano.com\/?p=190975","title":{"rendered":"Reformistas Sumados al Progreso realiza operativo odontol\u00f3gico en Los Alcarrizos"},"content":{"rendered":"<p><body><\/p>\n<p class=\"titulogrande1\">Reformistas  Sumados al Progreso realiza operativo odontol\u00f3gico en los Alcarrizos<\/p>\n<p>&#13;<\/p>\n<p align=\"justify\" class=\"text1noticias\"><strong><img loading=\"lazy\" decoding=\"async\" src=\"http:\/\/localhost:8080\/img\/odontologico.jpg\" width=\"375\" height=\"572\" hspace=\"4\" align=\"left\" \/>Santo Domingo, Rep\u00fablica  Dominicana.- <\/strong>El Proyecto Reformistas Sumados al Progreso (R+P) que promueve la  candidatura del presidente Leonel Fern\u00e1ndez y preside el senador F\u00e9lix V\u00e1squez  realiz\u00f3 un operativo odontol\u00f3gico en el barrio Los Americanos del Municipio Los  Alcarrizos donde cientos de personas recibieron gratuitamente atenci\u00f3n en los  servicios de profilaxis, extracci\u00f3n y pr\u00f3tesis.<\/p>\n<p>&#13;<\/p>\n<p align=\"justify\" class=\"text1noticias\">El Coordinador del Proyecto R+P  Belarminio Ram\u00edrez Morillo manifest\u00f3 que adem\u00e1s de integrar a los reformistas y  balagueristas a la campa\u00f1a de Leonel Fern\u00e1ndez tiene la misi\u00f3n de realizar  acci\u00f3n social para beneficiar a los pobres y miembros de la clase media, cuyos  ingresos no les permiten recibir atenci\u00f3n odontol\u00f3gica en los consultorios  privados.<\/p>\n<p>&#13;<\/p>\n<p align=\"justify\" class=\"text1noticias\"> El ex Secretario de  Capacitaci\u00f3n del PRSC dijo que esta acci\u00f3n social que lleva a cabo con la  colaboraci\u00f3n de docenas de profesionales de la salud se extender\u00e1 m\u00e1s all\u00e1 de  las elecciones del pr\u00f3ximo 16 de mayo.<\/p>\n<p>&#13;<\/p>\n<p align=\"justify\" class=\"text1noticias\">El abogado y pol\u00edtico expres\u00f3  que en su fase inicial el Programa de Asistencia Social del Proyecto R+P se ha  concentrado en operativos odontol\u00f3gicos, debido a que estos servicios son caros  tanto en Rep\u00fablica Dominicana como en todos los pa\u00edses del mundo.<\/p>\n<p>&#13;<\/p>\n<p align=\"justify\" class=\"text1noticias\">El ex dirigente reformista  expres\u00f3 que recibe una gran satisfacci\u00f3n al observar c\u00f3mo las personas que le  implantan una pr\u00f3tesis salen del local llenos de felicidad, con el autoestima  alta, como si hubieran recuperado una parte de su vida que estaba perdida.\u201d <\/p>\n<p>&#13;<\/p>\n<p align=\"justify\" class=\"text1noticias\">\u201cHoy m\u00e1s que nunca la sociedad  dominicana requiere de una clase pol\u00edtica con profunda sensibilidad social y de  una clase profesional que le devuelva algo a su pueblo de forma gratuita.\u201d  Subray\u00f3 el escritor y profesor universitario.<\/p>\n<p>&#13;<\/p>\n<h6> 2008-04-06 18:44:12 <\/h6>\n<p><!--\n<link rel=\"stylesheet\" href=\"css\/bootstrap.min.css\">\n\n\n<ul class=\"pagination\">\n\t    \n\t\n\n<li >\n\t<a href='?page_no=33722'>Previous<\/a>\n\t<\/li>\n\n\n       \n    \n\n<li><a href='?page_no=1'>1<\/a><\/li>\n\n\n\n<li><a href='?page_no=2'>2<\/a><\/li>\n\n\n\n<li><a>...<\/a><\/li>\n\n\n\n<li><a href='?page_no=33721'>33721<\/a><\/li>\n\n\n\n<li><a href='?page_no=33722'>33722<\/a><\/li>\n\n\n\n<li class='active'><a>33723<\/a><\/li>\n\n\n\n<li><a href='?page_no=33724'>33724<\/a><\/li>\n\n\n\n<li><a href='?page_no=33725'>33725<\/a><\/li>\n\n\n\n<li><a>...<\/a><\/li>\n\n\n\n<li><a href='?page_no=36999'>36999<\/a><\/li>\n\n\n\n<li><a href='?page_no=37000'>37000<\/a><\/li>\n\n    \n\t\n\n<li >\n\t<a href='?page_no=33724'>Next<\/a>\n\t<\/li>\n\n\n    \n\n<li><a href='?page_no=37000'>Last &rsaquo;&rsaquo;<\/a><\/li>\n\n<\/ul>\n\n\n--><br \/>\n<\/body><\/p>\n","protected":false},"excerpt":{"rendered":"<p>Reformistas Sumados al Progreso realiza operativo odontol\u00f3gico en los Alcarrizos &#13; Santo Domingo, Rep\u00fablica Dominicana.- El Proyecto Reformistas Sumados al Progreso (R+P) que promueve la candidatura del presidente Leonel Fern\u00e1ndez y preside el senador F\u00e9lix V\u00e1squez realiz\u00f3 un operativo odontol\u00f3gico en el barrio Los Americanos del Municipio Los Alcarrizos donde cientos de personas recibieron gratuitamente [&hellip;]<\/p>\n","protected":false},"author":3,"featured_media":0,"comment_status":"open","ping_status":"open","sticky":false,"template":"","format":"standard","meta":{"footnotes":""},"categories":[22],"tags":[],"class_list":["post-190975","post","type-post","status-publish","format-standard","hentry","category-politica"],"_links":{"self":[{"href":"https:\/\/diariodominicano.com\/index.php?rest_route=\/wp\/v2\/posts\/190975","targetHints":{"allow":["GET"]}}],"collection":[{"href":"https:\/\/diariodominicano.com\/index.php?rest_route=\/wp\/v2\/posts"}],"about":[{"href":"https:\/\/diariodominicano.com\/index.php?rest_route=\/wp\/v2\/types\/post"}],"author":[{"embeddable":true,"href":"https:\/\/diariodominicano.com\/index.php?rest_route=\/wp\/v2\/users\/3"}],"replies":[{"embeddable":true,"href":"https:\/\/diariodominicano.com\/index.php?rest_route=%2Fwp%2Fv2%2Fcomments&post=190975"}],"version-history":[{"count":0,"href":"https:\/\/diariodominicano.com\/index.php?rest_route=\/wp\/v2\/posts\/190975\/revisions"}],"wp:attachment":[{"href":"https:\/\/diariodominicano.com\/index.php?rest_route=%2Fwp%2Fv2%2Fmedia&parent=190975"}],"wp:term":[{"taxonomy":"category","embeddable":true,"href":"https:\/\/diariodominicano.com\/index.php?rest_route=%2Fwp%2Fv2%2Fcategories&post=190975"},{"taxonomy":"post_tag","embeddable":true,"href":"https:\/\/diariodominicano.com\/index.php?rest_route=%2Fwp%2Fv2%2Ftags&post=190975"}],"curies":[{"name":"wp","href":"https:\/\/api.w.org\/{rel}","templated":true}]}}