{"id":190974,"date":"2008-04-06T19:14:18","date_gmt":"2008-04-06T19:14:18","guid":{"rendered":"http:\/\/diariodominicano.ddns.net\/?p=190974"},"modified":"2008-04-06T19:14:18","modified_gmt":"2008-04-06T19:14:18","slug":"candelier-ante-la-situacion-de-hoy-todas-las-protestas-son-validas","status":"publish","type":"post","link":"https:\/\/diariodominicano.com\/?p=190974","title":{"rendered":"Candelier: Ante la situacion de hoy todas las protestas son validas"},"content":{"rendered":"<p><body><\/p>\n<p><strong>Ante  el aumento de los precios<\/strong><br \/>&#13;<br \/>\n    <span class=\"titulogrande1\"><br \/>&#13;<br \/>\n    <strong>CANDELIER: Ante la situacion de hoy todas las protestas son validas <\/strong><\/span><\/p>\n<p>&#13;<\/p>\n<p align=\"justify\" class=\"text1noticias\"><strong><img loading=\"lazy\" decoding=\"async\" src=\"http:\/\/localhost:8080\/img\/candelier.jpg\" width=\"375\" height=\"185\" hspace=\"4\" align=\"left\" \/>Santo Domingo.-<\/strong> El  candidato presidencial Pedro de Jes\u00fas Candelier, considero que es valido todo  los llamados a las protesta populares, como una reacci\u00f3n legitima del pueblo a  defenderse y reclamar sus derechos, ante la escalada de los precios de los  alimentos y\u00a0 de las medicinas como consecuencias de las pol\u00edticas  econ\u00f3micas del presidente Leonel Fern\u00e1ndez\u00a0y\u00a0condenar las continuas amenazas a la libertad de prensa y  persecuciones pol\u00edticas.\u00a0 <\/p>\n<p>&#13;<\/p>\n<p align=\"justify\" class=\"text1noticias\">La  prensa ha venido alertando en los \u00faltimas semanas sobre los constantes aumentos  en los precios de los productos b\u00e1sicos de la canasta familiar, de la  construccion, como en las medicinas \u201cHa llegado la hora de poner en evidencia  la farsa de la pol\u00edtica econ\u00f3mica del gobierno basado en los \u00edndices macroecon\u00f3micos  sin inclusi\u00f3n social y sustentada en una criminal pol\u00edtica fiscal que  estrangula a los peque\u00f1os y medianos comerciantes\u201d se\u00f1al\u00f3 Candelier.<\/p>\n<p>&#13;<\/p>\n<p align=\"justify\" class=\"text1noticias\">El  candidato de Alianza Popular dio declaracioines en la cuidad de Santiago este  fin de semana donde realizo un extenso recorrido, en el dia de ayer donde  recibi\u00f3 calurosas demostraciones de apoyo entre los pobladores que reclamaban  la necesidad, de imponer la ley ante el desorden generalizado que vive el pa\u00eds  en todas sus instituciones. <\/p>\n<p>&#13;<\/p>\n<p align=\"justify\" class=\"text1noticias\">Candelier  estuvo acompa\u00f1ado por el pleno de los dirigentes locales y regionales del  Partido Alianza Popular, as\u00ed como por el candidato vicepresidencial del PAP,  Dr. Gilberto Tejada, prestigioso medico de la cuidad cibae\u00f1a.<\/p>\n<p>&#13;<\/p>\n<p align=\"justify\" class=\"text1noticias\">Sigui\u00f3  reaccionando Candelier sobre la pol\u00edtica econ\u00f3mica del gobierno de Leonel  Fern\u00e1ndez \u201cHemos estado alertando continuamente sobre los graves cambios que se est\u00e1n generando en la  econom\u00eda de los Estados Unidos que es nuestro principal socio comercial, de las  agudas devaluaciones de d\u00f3lar, mientras que los precios del petr\u00f3leo alcanzaba  cifras\u00a0record y esto demandaba por parte del gobierno un conjunto de  medidas economicas y monetrias, que nunca se tomaron para\u00a0alcochonear  nuestra economia&#8217;.<br \/>&#13;<br \/>\n  <br \/>&#13;<br \/>\nA todas estas amenazas exogenas el presidente  Leonel Fern\u00e1ndez reaccionaba con la mismas mentiras y arrogancias\u00a0 t\u00edpica de sus funcionarios, anunciando planes  de austeridad en el gasto publico y de ahorro en los consumos energeticos  medidas \u00a0que nunca\u00a0se implentaron\u00a0\u201cLa pol\u00edtica fiscal de este gobierno se justifica solo con la  actitud y visi\u00f3n absolutista del presidente del partido de gobierno cargada de arrogancia inflada por  unos cortesanos propios y ajenos atra\u00eddos por su pol\u00edtica tr\u00e1nsfuga\u201d acuso el  lider emergente.<\/p>\n<p>&#13;<\/p>\n<p align=\"justify\" class=\"text1noticias\">Estamos  ante un gobierno irresponsable y desafiante\u00a0y \u00a0nos amenazan cada d\u00eda  con arrebatarnos los cosas tan fundamentales como la libertad, la salud y la  vida \u201cEn medio de esta situaci\u00f3n de inseguridad generalizada se impone la  movilizaci\u00f3n social y popular, para someter al gobierno fantoche del PLD al  marco de la legalidad\u201d.<\/p>\n<p>&#13;<\/p>\n<p align=\"justify\" class=\"text1noticias\">Sus  arrogancias, sus talentosas ejecutorias corruptas, han contaminado el proceso  electoral de tal manera que el debate electoral hoy se centra en la, condena y el rechazo de la poblaci\u00f3n el uso abusivo de los  recursos del Estado por parte del gobierno para sacar ventaja sobre los dem\u00e1s  candidatos.<\/p>\n<p>&#13;<\/p>\n<p align=\"justify\" class=\"text1noticias\">\u201cLa  oposici\u00f3n pol\u00edtica del pa\u00eds comienza\u00a0 a  reaccionar y\u00a0 articula\u00a0 hoy una Cumbre de candidatos opositores y que  ma\u00f1ana seria la gran Concertaci\u00f3n Nacional, de toda las fuerzas Pol\u00edticas y  Sociales del pa\u00eds no plegadas al  proyecto Hegem\u00f3nico de la  Reelecci\u00f3n de Leonel Fern\u00e1ndez para luchar por la libertad, la  equidad social\u00a0 y la  DEMOCRACIA PARTICIPATIVA \u201d termino exhortando  Candelier.<\/p>\n<p>&#13;<\/p>\n<h6> 2008-04-06 19:14:18 <\/h6>\n<p><!--\n<link rel=\"stylesheet\" href=\"css\/bootstrap.min.css\">\n\n\n<ul class=\"pagination\">\n\t    \n\t\n\n<li >\n\t<a href='?page_no=33721'>Previous<\/a>\n\t<\/li>\n\n\n       \n    \n\n<li><a href='?page_no=1'>1<\/a><\/li>\n\n\n\n<li><a href='?page_no=2'>2<\/a><\/li>\n\n\n\n<li><a>...<\/a><\/li>\n\n\n\n<li><a href='?page_no=33720'>33720<\/a><\/li>\n\n\n\n<li><a href='?page_no=33721'>33721<\/a><\/li>\n\n\n\n<li class='active'><a>33722<\/a><\/li>\n\n\n\n<li><a href='?page_no=33723'>33723<\/a><\/li>\n\n\n\n<li><a href='?page_no=33724'>33724<\/a><\/li>\n\n\n\n<li><a>...<\/a><\/li>\n\n\n\n<li><a href='?page_no=36999'>36999<\/a><\/li>\n\n\n\n<li><a href='?page_no=37000'>37000<\/a><\/li>\n\n    \n\t\n\n<li >\n\t<a href='?page_no=33723'>Next<\/a>\n\t<\/li>\n\n\n    \n\n<li><a href='?page_no=37000'>Last &rsaquo;&rsaquo;<\/a><\/li>\n\n<\/ul>\n\n\n--><br \/>\n<\/body><\/p>\n","protected":false},"excerpt":{"rendered":"<p>Ante el aumento de los precios&#13; &#13; CANDELIER: Ante la situacion de hoy todas las protestas son validas &#13; Santo Domingo.- El candidato presidencial Pedro de Jes\u00fas Candelier, considero que es valido todo los llamados a las protesta populares, como una reacci\u00f3n legitima del pueblo a defenderse y reclamar sus derechos, ante la escalada de [&hellip;]<\/p>\n","protected":false},"author":3,"featured_media":0,"comment_status":"open","ping_status":"open","sticky":false,"template":"","format":"standard","meta":{"footnotes":""},"categories":[22],"tags":[],"class_list":["post-190974","post","type-post","status-publish","format-standard","hentry","category-politica"],"_links":{"self":[{"href":"https:\/\/diariodominicano.com\/index.php?rest_route=\/wp\/v2\/posts\/190974","targetHints":{"allow":["GET"]}}],"collection":[{"href":"https:\/\/diariodominicano.com\/index.php?rest_route=\/wp\/v2\/posts"}],"about":[{"href":"https:\/\/diariodominicano.com\/index.php?rest_route=\/wp\/v2\/types\/post"}],"author":[{"embeddable":true,"href":"https:\/\/diariodominicano.com\/index.php?rest_route=\/wp\/v2\/users\/3"}],"replies":[{"embeddable":true,"href":"https:\/\/diariodominicano.com\/index.php?rest_route=%2Fwp%2Fv2%2Fcomments&post=190974"}],"version-history":[{"count":0,"href":"https:\/\/diariodominicano.com\/index.php?rest_route=\/wp\/v2\/posts\/190974\/revisions"}],"wp:attachment":[{"href":"https:\/\/diariodominicano.com\/index.php?rest_route=%2Fwp%2Fv2%2Fmedia&parent=190974"}],"wp:term":[{"taxonomy":"category","embeddable":true,"href":"https:\/\/diariodominicano.com\/index.php?rest_route=%2Fwp%2Fv2%2Fcategories&post=190974"},{"taxonomy":"post_tag","embeddable":true,"href":"https:\/\/diariodominicano.com\/index.php?rest_route=%2Fwp%2Fv2%2Ftags&post=190974"}],"curies":[{"name":"wp","href":"https:\/\/api.w.org\/{rel}","templated":true}]}}