{"id":190973,"date":"2008-04-06T19:23:49","date_gmt":"2008-04-06T19:23:49","guid":{"rendered":"http:\/\/diariodominicano.ddns.net\/?p=190973"},"modified":"2008-04-06T19:23:49","modified_gmt":"2008-04-06T19:23:49","slug":"puello-herrera-recibe-masivo-apoyo-de-sus-compueblanos","status":"publish","type":"post","link":"https:\/\/diariodominicano.com\/?p=190973","title":{"rendered":"Puello Herrera recibe masivo apoyo de sus compueblanos"},"content":{"rendered":"<p><body><\/p>\n<p align=\"justify\" class=\"titulogrande1\"><strong>Candidato Vicepresidencial PRD Puello Herrera recibe  masivo apoyo de sus compueblanos<\/strong><\/p>\n<p>&#13;<\/p>\n<p align=\"justify\" class=\"text1noticias\"><strong><img loading=\"lazy\" decoding=\"async\" src=\"http:\/\/localhost:8080\/img\/puello mvp.jpg\" width=\"375\" height=\"496\" hspace=\"4\" align=\"left\" \/>SAN JUAN DE LA MAGUANA.- <\/strong>El doctor Jos\u00e9 Joaqu\u00edn Puello Herrera encabez\u00f3 varias actividades proselitistas en esta provincia\u00a0 en la que recibi\u00f3 de sus compueblanos  notables muestras de apoyo y solidaridad a su candidato vicepresidencial por el  Partido Revolucionario Dominicano.<\/p>\n<p>&#13;<\/p>\n<p align=\"justify\" class=\"text1noticias\">Acompa\u00f1ado del  director del Comando de Campa\u00f1a del Partido Revolucionario Dominicano en la regi\u00f3n Sur, ingeniero Henrry Sarraf, as\u00ed  como de los principales dirigentes de esa organizaci\u00f3n en esta provincia y del  movimiento Sector Externo, Puello Herrera encabez\u00f3 cuatro encuentros, una  concentraci\u00f3n y dos caminatas durante las cuales moviliz\u00f3 a centenares de  dirigentes y militantes del PRD en cada uno de los lugares donde se traslad\u00f3 y  en los que llev\u00f3 un mensaje de unidad y trabajo para sus seguidores.<\/p>\n<p>&#13;<\/p>\n<p align=\"justify\" class=\"text1noticias\"> Dijo que en  las elecciones del pr\u00f3ximo 16 de mayo, el pueblo dominicano tendr\u00e1 la  oportunidad de cambiar el rumbo del pa\u00eds por la prolongaci\u00f3n de la  incertidumbre, la inseguridad y u futuro \u201cpeligroso\u201d.<\/p>\n<p>&#13;<\/p>\n<p align=\"justify\" class=\"text1noticias\"> Manifest\u00f3 que  su escogencia como compa\u00f1ero de boleta de Vargas Maldonado constituye una clara  se\u00f1al de que en su gesti\u00f3n la regi\u00f3n Sur del pa\u00eds y, sobretodo, San Juan de la Maguana, tendr\u00e1n la  atenci\u00f3n que necesitan para salir del estado de abandono y postraci\u00f3n a que la  tiene sometida el gobierno del PLD.<\/p>\n<p>&#13;<\/p>\n<p align=\"justify\" class=\"text1noticias\">El candidato  vicepresidencial del PLD encabez\u00f3 encuentros en Arroyo Cano, donde envi\u00f3 una  rosa blanca a dirigente del PLD Danilo Medina, oriundo de ese distrito  municipal y en el que adem\u00e1s jurament\u00f3 a militantes de varios partidos que  apoyan las candidaturas del PRD. Posteriormente encabez\u00f3 sendos encuentros en  los locales del PPRD y del Movimiento SEVE, en el municipio de Bohech\u00edo,  continuando al caer la noche con un concurrido encuentro organizado por le  Juventud Revolucionaria Dominicana (JRD) en la ciudad de San Juan de la Maguana. <br \/>&#13;<br \/>\n  <br \/>&#13;<br \/>\nEn la noche sostuvo un  encuentro con profesionales del \u00e1rea de la salud y una cena con empresarios,  profesionales y dirigentes del PRD.<\/p>\n<p>&#13;<\/p>\n<p align=\"justify\" class=\"text1noticias\">Puello Herrera tambi\u00e9n dijo que al presidente  Leonel Fern\u00e1ndez hay que compararlo con sus propios hechos y que como sabe que  no cumpli\u00f3 en estos cuatros a\u00f1os ahora anda prometiendo para otros cuatro.<\/p>\n<p>&#13;<\/p>\n<p align=\"justify\" class=\"text1noticias\">El candidato  vicepresidencial del PRD dijo tambi\u00e9n que la \u00fanica aspiraci\u00f3n de Vargas  Maldonado es llegar al poder para en los pr\u00f3ximo cuatro a\u00f1os dejar iniciado el  proceso de rescate de la Rep\u00fablica Dominicana y con ello una obra social  justa y real, no virtual.<br \/>&#13;<br \/>\n  <br \/>&#13;<br \/>\n  Agreg\u00f3 que  mientras Vargas Maldonado aspira gobernar sin reelecci\u00f3n, el candidato a la  reelecci\u00f3n por el Partido de la Liberaci\u00f3n Dominicana  busca perpetuarse en el poder para \u201cseguir mintiendo y enga\u00f1ando a esta pueblo,  pero para suerte ya lo conocernos y sabemos lo que nos ha hecho las dos veces  que se ha cometido el error de llevarlo al poder\u201d.<\/p>\n<p>&#13;<\/p>\n<h6> 2008-04-06 19:23:49 <\/h6>\n<p><!--\n<link rel=\"stylesheet\" href=\"css\/bootstrap.min.css\">\n\n\n<ul class=\"pagination\">\n\t    \n\t\n\n<li >\n\t<a href='?page_no=33720'>Previous<\/a>\n\t<\/li>\n\n\n       \n    \n\n<li><a href='?page_no=1'>1<\/a><\/li>\n\n\n\n<li><a href='?page_no=2'>2<\/a><\/li>\n\n\n\n<li><a>...<\/a><\/li>\n\n\n\n<li><a href='?page_no=33719'>33719<\/a><\/li>\n\n\n\n<li><a href='?page_no=33720'>33720<\/a><\/li>\n\n\n\n<li class='active'><a>33721<\/a><\/li>\n\n\n\n<li><a href='?page_no=33722'>33722<\/a><\/li>\n\n\n\n<li><a href='?page_no=33723'>33723<\/a><\/li>\n\n\n\n<li><a>...<\/a><\/li>\n\n\n\n<li><a href='?page_no=36999'>36999<\/a><\/li>\n\n\n\n<li><a href='?page_no=37000'>37000<\/a><\/li>\n\n    \n\t\n\n<li >\n\t<a href='?page_no=33722'>Next<\/a>\n\t<\/li>\n\n\n    \n\n<li><a href='?page_no=37000'>Last &rsaquo;&rsaquo;<\/a><\/li>\n\n<\/ul>\n\n\n--><br \/>\n<\/body><\/p>\n","protected":false},"excerpt":{"rendered":"<p>Candidato Vicepresidencial PRD Puello Herrera recibe masivo apoyo de sus compueblanos &#13; SAN JUAN DE LA MAGUANA.- El doctor Jos\u00e9 Joaqu\u00edn Puello Herrera encabez\u00f3 varias actividades proselitistas en esta provincia\u00a0 en la que recibi\u00f3 de sus compueblanos notables muestras de apoyo y solidaridad a su candidato vicepresidencial por el Partido Revolucionario Dominicano. &#13; Acompa\u00f1ado del [&hellip;]<\/p>\n","protected":false},"author":3,"featured_media":0,"comment_status":"open","ping_status":"open","sticky":false,"template":"","format":"standard","meta":{"footnotes":""},"categories":[22],"tags":[],"class_list":["post-190973","post","type-post","status-publish","format-standard","hentry","category-politica"],"_links":{"self":[{"href":"https:\/\/diariodominicano.com\/index.php?rest_route=\/wp\/v2\/posts\/190973","targetHints":{"allow":["GET"]}}],"collection":[{"href":"https:\/\/diariodominicano.com\/index.php?rest_route=\/wp\/v2\/posts"}],"about":[{"href":"https:\/\/diariodominicano.com\/index.php?rest_route=\/wp\/v2\/types\/post"}],"author":[{"embeddable":true,"href":"https:\/\/diariodominicano.com\/index.php?rest_route=\/wp\/v2\/users\/3"}],"replies":[{"embeddable":true,"href":"https:\/\/diariodominicano.com\/index.php?rest_route=%2Fwp%2Fv2%2Fcomments&post=190973"}],"version-history":[{"count":0,"href":"https:\/\/diariodominicano.com\/index.php?rest_route=\/wp\/v2\/posts\/190973\/revisions"}],"wp:attachment":[{"href":"https:\/\/diariodominicano.com\/index.php?rest_route=%2Fwp%2Fv2%2Fmedia&parent=190973"}],"wp:term":[{"taxonomy":"category","embeddable":true,"href":"https:\/\/diariodominicano.com\/index.php?rest_route=%2Fwp%2Fv2%2Fcategories&post=190973"},{"taxonomy":"post_tag","embeddable":true,"href":"https:\/\/diariodominicano.com\/index.php?rest_route=%2Fwp%2Fv2%2Ftags&post=190973"}],"curies":[{"name":"wp","href":"https:\/\/api.w.org\/{rel}","templated":true}]}}