{"id":190972,"date":"2008-04-06T19:58:33","date_gmt":"2008-04-06T19:58:33","guid":{"rendered":"http:\/\/diariodominicano.ddns.net\/?p=190972"},"modified":"2008-04-06T19:58:33","modified_gmt":"2008-04-06T19:58:33","slug":"miguel-bogaert-llamo-a-la-alta-dirigencia-del-partido-reformista-social-cristiano-a-sumarse-a-la-candidatura-del-doctor-leonel-fernandez-reyna","status":"publish","type":"post","link":"https:\/\/diariodominicano.com\/?p=190972","title":{"rendered":"Miguel Bogaert llam\u00f3 a la alta dirigencia del Partido Reformista Social Cristiano a sumarse a la candidatura del doctor Leonel Fern\u00e1ndez Reyna"},"content":{"rendered":"<p><body><\/p>\n<p align=\"justify\"><strong class=\"titulogrande1\">Miguel Bogaert llam\u00f3 a la alta dirigencia del Partido  Reformista Social Cristiano a sumarse a la candidatura del doctor Leonel  Fern\u00e1ndez Reyna<\/strong><br \/>&#13;<br \/>\n    <strong>\u00a0<\/strong><br \/>&#13;<br \/>\n    <span class=\"text1noticias\"><strong><img loading=\"lazy\" decoding=\"async\" src=\"http:\/\/localhost:8080\/img\/bogaert herrera.jpg\" width=\"375\" height=\"169\" hspace=\"4\" align=\"left\" \/>Santo Domingo.-<\/strong> El  presidente del movimiento Reformistas Con Leonel, licenciado Miguel Bogaert, exhort\u00f3  a la c\u00fapula del PRSC o\u00edr el clamor de las bases que pide un pacto pol\u00edtico con  el PLD, antes que este desaparezca.<\/span><\/p>\n<p>&#13;<\/p>\n<p align=\"justify\" class=\"text1noticias\">Entiende que  la \u00fanica formula que tiene el reformista para reubicar sus fuerzas es,  unific\u00e1ndola en torno a la candidatura del doctor Leonel Fern\u00e1ndez y Partido de  la Liberaci\u00f3n Dominicana.<\/p>\n<p>&#13;<\/p>\n<p align=\"justify\" class=\"text1noticias\">Bogaert dijo  que la poblaci\u00f3n ha dado un s\u00ed a la gesti\u00f3n de Gobierno del Presidente  Fern\u00e1ndez y una muestra de ello son las encuestas que dan una c\u00f3moda ventaja al  mandatario de m\u00e1s de 20 puntos, sobre el m\u00e1s cercado contendor para ganar en  la primera vuelta electoral.<\/p>\n<p>&#13;<\/p>\n<p align=\"justify\" class=\"text1noticias\">Miguel  Bogaert habl\u00f3 en momentos que donaba medicamentos y medicinas al Hospital  General Regional, Marcelino V\u00e9lez Santana, para ser usados en la \u00a0unidad de emergencias del hospital, as\u00ed como  en las unidades de pediatr\u00eda y medicina general.<\/p>\n<p>&#13;<\/p>\n<p align=\"justify\" class=\"text1noticias\">El dirigente  pol\u00edtico manifest\u00f3 que con esta ayuda da un espaldarazo al centro hospitalario  que es en la actualidad el hospital donde\u00a0  acuden el 80% de la poblaci\u00f3n de Santo Domingo Oeste, en busca de  servicios m\u00e9dicos.<\/p>\n<p>&#13;<\/p>\n<p align=\"justify\" class=\"text1noticias\">El  Presidente del movimiento Reformista Con Leonel se\u00f1al\u00f3, asimismo que continuara  visitando los diferentes barrios de la provincia Santo Domingo, llevando soluciones\u00a0 a los males que les aquejan.<\/p>\n<p>&#13;<\/p>\n<p align=\"justify\" class=\"text1noticias\">Sostuvo de  igual forma, que se convertir\u00e1 en un \u201cpadrino\u201d del Hospital Marcelino V\u00e9lez  Santana, debido a que es el centro asistencial que brinda servicios a los  residentes de los sectores\u00a0 de Herrera,  Buenos Aires, Las Palmas, Las Caobas y zonas aleda\u00f1as.<\/p>\n<p>&#13;<\/p>\n<p>\u00a0<\/p>\n<p>&#13;<\/p>\n<p>\u00a0<\/p>\n<p>&#13;<\/p>\n<h6> 2008-04-06 19:58:33 <\/h6>\n<p><!--\n<link rel=\"stylesheet\" href=\"css\/bootstrap.min.css\">\n\n\n<ul class=\"pagination\">\n\t    \n\t\n\n<li >\n\t<a href='?page_no=33719'>Previous<\/a>\n\t<\/li>\n\n\n       \n    \n\n<li><a href='?page_no=1'>1<\/a><\/li>\n\n\n\n<li><a href='?page_no=2'>2<\/a><\/li>\n\n\n\n<li><a>...<\/a><\/li>\n\n\n\n<li><a href='?page_no=33718'>33718<\/a><\/li>\n\n\n\n<li><a href='?page_no=33719'>33719<\/a><\/li>\n\n\n\n<li class='active'><a>33720<\/a><\/li>\n\n\n\n<li><a href='?page_no=33721'>33721<\/a><\/li>\n\n\n\n<li><a href='?page_no=33722'>33722<\/a><\/li>\n\n\n\n<li><a>...<\/a><\/li>\n\n\n\n<li><a href='?page_no=36999'>36999<\/a><\/li>\n\n\n\n<li><a href='?page_no=37000'>37000<\/a><\/li>\n\n    \n\t\n\n<li >\n\t<a href='?page_no=33721'>Next<\/a>\n\t<\/li>\n\n\n    \n\n<li><a href='?page_no=37000'>Last &rsaquo;&rsaquo;<\/a><\/li>\n\n<\/ul>\n\n\n--><br \/>\n<\/body><\/p>\n","protected":false},"excerpt":{"rendered":"<p>Miguel Bogaert llam\u00f3 a la alta dirigencia del Partido Reformista Social Cristiano a sumarse a la candidatura del doctor Leonel Fern\u00e1ndez Reyna&#13; \u00a0&#13; Santo Domingo.- El presidente del movimiento Reformistas Con Leonel, licenciado Miguel Bogaert, exhort\u00f3 a la c\u00fapula del PRSC o\u00edr el clamor de las bases que pide un pacto pol\u00edtico con el PLD, [&hellip;]<\/p>\n","protected":false},"author":3,"featured_media":0,"comment_status":"open","ping_status":"open","sticky":false,"template":"","format":"standard","meta":{"footnotes":""},"categories":[22],"tags":[],"class_list":["post-190972","post","type-post","status-publish","format-standard","hentry","category-politica"],"_links":{"self":[{"href":"https:\/\/diariodominicano.com\/index.php?rest_route=\/wp\/v2\/posts\/190972","targetHints":{"allow":["GET"]}}],"collection":[{"href":"https:\/\/diariodominicano.com\/index.php?rest_route=\/wp\/v2\/posts"}],"about":[{"href":"https:\/\/diariodominicano.com\/index.php?rest_route=\/wp\/v2\/types\/post"}],"author":[{"embeddable":true,"href":"https:\/\/diariodominicano.com\/index.php?rest_route=\/wp\/v2\/users\/3"}],"replies":[{"embeddable":true,"href":"https:\/\/diariodominicano.com\/index.php?rest_route=%2Fwp%2Fv2%2Fcomments&post=190972"}],"version-history":[{"count":0,"href":"https:\/\/diariodominicano.com\/index.php?rest_route=\/wp\/v2\/posts\/190972\/revisions"}],"wp:attachment":[{"href":"https:\/\/diariodominicano.com\/index.php?rest_route=%2Fwp%2Fv2%2Fmedia&parent=190972"}],"wp:term":[{"taxonomy":"category","embeddable":true,"href":"https:\/\/diariodominicano.com\/index.php?rest_route=%2Fwp%2Fv2%2Fcategories&post=190972"},{"taxonomy":"post_tag","embeddable":true,"href":"https:\/\/diariodominicano.com\/index.php?rest_route=%2Fwp%2Fv2%2Ftags&post=190972"}],"curies":[{"name":"wp","href":"https:\/\/api.w.org\/{rel}","templated":true}]}}