{"id":190969,"date":"2008-04-06T21:38:25","date_gmt":"2008-04-06T21:38:25","guid":{"rendered":"http:\/\/diariodominicano.ddns.net\/?p=190969"},"modified":"2008-04-06T21:38:25","modified_gmt":"2008-04-06T21:38:25","slug":"morales-troncoso-llama-a-trabajar-unidos-por-el-triunfo-de-la-reeleccion-del-presidente-fernandez-en-la-primera-vuelta","status":"publish","type":"post","link":"https:\/\/diariodominicano.com\/?p=190969","title":{"rendered":"Morales Troncoso llama a trabajar unidos por el triunfo de la reelecci\u00f3n del Presidente Fern\u00e1ndez en la Primera Vuelta"},"content":{"rendered":"<p><body><\/p>\n<p align=\"justify\"><strong class=\"titulogrande1\">Morales Troncoso llama a trabajar unidos por el triunfo  de la reelecci\u00f3n del Presidente Fern\u00e1ndez en la Primera Vuelta<\/strong> <br \/>&#13;<br \/>\n    <strong>\u00a0\u00a0\u00a0\u00a0\u00a0<\/strong> <br \/>&#13;<br \/>\n    <span class=\"text1noticias\"><strong><img loading=\"lazy\" decoding=\"async\" src=\"http:\/\/localhost:8080\/img\/consejo reformista.jpg\" width=\"375\" height=\"187\" hspace=\"4\" align=\"left\" \/>Nueva York.-<\/strong> El canciller y presidente del Consejo  Presidencial Reformista (CPR), ingeniero Carlos Morales Troncoso, asegur\u00f3 que  la fortaleza que garantiza el incuestionable triunfo de la reelecci\u00f3n del  Presidente Leonel Fern\u00e1ndez en la primera vuelta en los comicios del pr\u00f3ximo 16  de mayo se fundamenta en la unidad de todos los que se han sumado a su causa,  que es la causa del progreso, el fortalecimiento de la democracia y la  recuperaci\u00f3n econ\u00f3mica de la Rep\u00fablica Dominicana.<\/span><\/p>\n<p>&#13;<\/p>\n<p align=\"justify\" class=\"text1noticias\">\u201cJuntos podemos y debemos hacer de la Rep\u00fablica  Dominicana un lugar seguro pr\u00f3spero y din\u00e1mico. Juntos vamos a crear las condiciones  para generar empleos. <br \/>&#13;<br \/>\n  <br \/>&#13;<br \/>\nJuntos trabajaremos para crear un sistema pol\u00edtico que  ayude a todos los dominicanos a concretar sus sue\u00f1os\u201d.<\/p>\n<p>&#13;<\/p>\n<p align=\"justify\" class=\"text1noticias\">Morales Troncoso ponder\u00f3 la confianza con que  cuenta el Presidente Fern\u00e1ndez en diferentes sectores de la sociedad dominicana  para continuar conduciendo el destino de la naci\u00f3n. \u201cLos partidos aliados  congregados en el Bloque Progresista, surgidos de ideolog\u00edas tan diversas como  el pe\u00f1agomismo, bochismo y balaguerismo, ahora trabajamos unidos en respaldo al  \u00fanico proyecto viable de gobernabilidad con que cuenta la Rep\u00fablica  Dominicana\u201d.<\/p>\n<p>&#13;<\/p>\n<p align=\"justify\" class=\"text1noticias\">Hizo un llamado a todos los dominicanas y  dominicanas residente en el pa\u00eds o el exterior a hacer un frente para combatir,  el pesimismo, el negativismo, el cinismo y las cr\u00edticas absurdas que tratan de  denigrar lo que se ha logrado en estos cuatro a\u00f1os. <\/p>\n<p>&#13;<\/p>\n<p align=\"justify\" class=\"text1noticias\">Asegur\u00f3 que \u201cnuestra fortaleza no solamente se  apoya en la unidad sino tambi\u00e9n en el gran trabajo pol\u00edtico que se lleva a  cabo. Juntos impulsamos la democracia y el bienestar de la Rep\u00fablica Dominicana\u201d.<\/p>\n<p>&#13;<\/p>\n<p align=\"justify\" class=\"text1noticias\">Morales Troncoso habl\u00f3 durante el  acto de inauguraci\u00f3n del comando de  Campa\u00f1a del Consejo Presidencial Reformista, donde reconoci\u00f3 la decisiva influencia que tendr\u00e1n los  dominicanos residentes en Estados Unidos para garantizar el triunfo del  Presidente Fern\u00e1ndez, en primera vuelta, en las elecciones de Mayo del 2008. <\/p>\n<p>&#13;<\/p>\n<p align=\"justify\" class=\"text1noticias\">Al dirigir unas palabras en el acto  encabezado por el Presidente Leonel Fern\u00e1ndez Reyna, el canciller recalc\u00f3 la  importancia del trabajo pol\u00edtico que se haga en Estados Unidos y exhort\u00f3 a los  dirigentes a \u00abno dormirnos en nuestros laureles. Es preciso que todos  trabajemos unidos, porque trabajando juntos ganamos en la primera vuelta\u00bb.<\/p>\n<p>&#13;<\/p>\n<p align=\"justify\" class=\"text1noticias\">Por su parte el dirigente Juan  Alberto Mercado, coordinador general en  Nueva York del Consejo Presidencial Reformista, reafirm\u00f3 el respaldo s\u00f3lido con  que cuenta el mandatario entre los balagueristas aut\u00e9nticos en Nueva York y New  Jersey y asegur\u00f3 que aqu\u00ed el 16 mayo el presidente Fern\u00e1ndez ganar\u00e1 de calle en  la primera vuelta.\u00a0\u00a0 <\/p>\n<p>&#13;<\/p>\n<p align=\"justify\" class=\"text1noticias\">En el acto de inauguraci\u00f3n del nuevo  local desde donde se coordinar\u00e1 el trabajo de los balagueristas que apoyan la  reelecci\u00f3n del Presidente Fern\u00e1ndez de New York, estuvieron presentes adem\u00e1s los  dirigentes Margarita Viuda Peynado, Dominico Cabral, c\u00f3nsul en Boston, Humberto  Salazar, H\u00e9ctor Rodr\u00edguez Pimentel, Angel Lockward, Johnny Jones, C\u00e9sar Dargam,  Benny Metz, Hernani Aquino, Alexandra Izquierdo, Modesto Guzm\u00e1n, el senador  Adrian S\u00e1nchez Roa, Victor Hugo Hern\u00e1ndez y Louis Bogaert, entre otros. <\/p>\n<p>&#13;<\/p>\n<p align=\"justify\" class=\"text1noticias\">Entre otros se destac\u00f3 la presencia de los  dirigentes Pascual Pe\u00f1a, Elaine Jimini\u00e1n, Jos\u00e9 Mercedes, Arismendy Ascencio,  Benjam\u00edn Fr\u00edas, Juan Mart\u00ednez, Gerardo Bogaert y Leonardo Gil, entre otros. <\/p>\n<p>&#13;<\/p>\n<h6> 2008-04-06 21:38:25 <\/h6>\n<p><!--\n<link rel=\"stylesheet\" href=\"css\/bootstrap.min.css\">\n\n\n<ul class=\"pagination\">\n\t    \n\t\n\n<li >\n\t<a href='?page_no=33716'>Previous<\/a>\n\t<\/li>\n\n\n       \n    \n\n<li><a href='?page_no=1'>1<\/a><\/li>\n\n\n\n<li><a href='?page_no=2'>2<\/a><\/li>\n\n\n\n<li><a>...<\/a><\/li>\n\n\n\n<li><a href='?page_no=33715'>33715<\/a><\/li>\n\n\n\n<li><a href='?page_no=33716'>33716<\/a><\/li>\n\n\n\n<li class='active'><a>33717<\/a><\/li>\n\n\n\n<li><a href='?page_no=33718'>33718<\/a><\/li>\n\n\n\n<li><a href='?page_no=33719'>33719<\/a><\/li>\n\n\n\n<li><a>...<\/a><\/li>\n\n\n\n<li><a href='?page_no=36999'>36999<\/a><\/li>\n\n\n\n<li><a href='?page_no=37000'>37000<\/a><\/li>\n\n    \n\t\n\n<li >\n\t<a href='?page_no=33718'>Next<\/a>\n\t<\/li>\n\n\n    \n\n<li><a href='?page_no=37000'>Last &rsaquo;&rsaquo;<\/a><\/li>\n\n<\/ul>\n\n\n--><br \/>\n<\/body><\/p>\n","protected":false},"excerpt":{"rendered":"<p>Morales Troncoso llama a trabajar unidos por el triunfo de la reelecci\u00f3n del Presidente Fern\u00e1ndez en la Primera Vuelta &#13; \u00a0\u00a0\u00a0\u00a0\u00a0 &#13; Nueva York.- El canciller y presidente del Consejo Presidencial Reformista (CPR), ingeniero Carlos Morales Troncoso, asegur\u00f3 que la fortaleza que garantiza el incuestionable triunfo de la reelecci\u00f3n del Presidente Leonel Fern\u00e1ndez en la [&hellip;]<\/p>\n","protected":false},"author":3,"featured_media":0,"comment_status":"open","ping_status":"open","sticky":false,"template":"","format":"standard","meta":{"footnotes":""},"categories":[22],"tags":[],"class_list":["post-190969","post","type-post","status-publish","format-standard","hentry","category-politica"],"_links":{"self":[{"href":"https:\/\/diariodominicano.com\/index.php?rest_route=\/wp\/v2\/posts\/190969","targetHints":{"allow":["GET"]}}],"collection":[{"href":"https:\/\/diariodominicano.com\/index.php?rest_route=\/wp\/v2\/posts"}],"about":[{"href":"https:\/\/diariodominicano.com\/index.php?rest_route=\/wp\/v2\/types\/post"}],"author":[{"embeddable":true,"href":"https:\/\/diariodominicano.com\/index.php?rest_route=\/wp\/v2\/users\/3"}],"replies":[{"embeddable":true,"href":"https:\/\/diariodominicano.com\/index.php?rest_route=%2Fwp%2Fv2%2Fcomments&post=190969"}],"version-history":[{"count":0,"href":"https:\/\/diariodominicano.com\/index.php?rest_route=\/wp\/v2\/posts\/190969\/revisions"}],"wp:attachment":[{"href":"https:\/\/diariodominicano.com\/index.php?rest_route=%2Fwp%2Fv2%2Fmedia&parent=190969"}],"wp:term":[{"taxonomy":"category","embeddable":true,"href":"https:\/\/diariodominicano.com\/index.php?rest_route=%2Fwp%2Fv2%2Fcategories&post=190969"},{"taxonomy":"post_tag","embeddable":true,"href":"https:\/\/diariodominicano.com\/index.php?rest_route=%2Fwp%2Fv2%2Ftags&post=190969"}],"curies":[{"name":"wp","href":"https:\/\/api.w.org\/{rel}","templated":true}]}}