{"id":190967,"date":"2008-04-07T01:29:32","date_gmt":"2008-04-07T01:29:32","guid":{"rendered":"http:\/\/diariodominicano.ddns.net\/?p=190967"},"modified":"2008-04-07T01:29:32","modified_gmt":"2008-04-07T01:29:32","slug":"presidente-fernandez-propone-plan-de-politicas-publicas-con-diaspora-en-el-exterior-y-sectores-nacional","status":"publish","type":"post","link":"https:\/\/diariodominicano.com\/?p=190967","title":{"rendered":"Presidente Fern\u00e1ndez propone Plan de Pol\u00edticas P\u00fablicas con Di\u00e1spora en el exterior y Sectores Nacional"},"content":{"rendered":"<p><body><\/p>\n<p class=\"titulogrande1\">Presidente  Fern\u00e1ndez propone plan de pol\u00edticas p\u00fablicas\u00a0con  di\u00e1spora en el exterior y sectores nacionales <\/p>\n<p>&#13;<\/p>\n<p align=\"justify\" class=\"text1noticias\"><strong><img loading=\"lazy\" decoding=\"async\" src=\"http:\/\/localhost:8080\/img\/leonel new york.jpg\" width=\"375\" height=\"510\" hspace=\"4\" align=\"left\" \/>New  York<\/strong>.<strong>&#8211;<\/strong> El  presidente Leonel Fern\u00e1ndez propuso aqu\u00ed que tan pronto pasen las elecciones  venideras convocar\u00e1 un encuentro con la comunidad dominicana para dise\u00f1ar un  plan de pol\u00edticas p\u00fablicas, que involucre tanto la di\u00e1spora criolla como a los  residentes en la   Rep\u00fablica Dominicana.<br \/> &#13;<br \/>\n  <br \/>&#13;<br \/>\n  Dijo que  esa reuni\u00f3n busca dise\u00f1ar un plan estrat\u00e9gico que permita aprovechar las  mejores experiencias de ambas sociedades e involucrarlas en el proceso de  desarrollo del pa\u00eds.<br \/>&#13;<br \/>\n  <br \/>&#13;<br \/>\n  El primer  mandatario explic\u00f3 que aunque\u00a0 la sociedad norteamericana vive un momento  de recesi\u00f3n, \u201cmucho de nuestros productos que se fabrican al m\u00e1s bajo costo,  tendr\u00edan m\u00e1s oportunidades de ser colocado en ese mercado\u201d.<br \/>&#13;<br \/>\n  <br \/>&#13;<br \/>\n  Estima que  para finales de este a\u00f1o y principio del 2009 el Tratado de Libre Comercio con  Estado Unidos y Centroam\u00e9rica, mejor conocido como DR-Cafta, estar\u00e1 en plena  ejecuci\u00f3n y\u00a0\u00abse presentan grandes oportunidades por esa v\u00eda para el  intercambio comercial con el mercado norteamericano\u00bb.<br \/>&#13;<br \/>\n  <br \/>&#13;<br \/>\n  Fern\u00e1ndez  abog\u00f3 por un crecimiento de las exportaciones e importaciones a trav\u00e9s de los  puertos de New York y New Jersey para tener otras alternativas de comercio  internacional en el mercado norteamericano, debido a que las mayores  exportaciones de este tipo se hacen por el puerto de La Florida.<br \/>&#13;<br \/>\n  <br \/>&#13;<br \/>\n  El  gobernante expuso estas ideas en un encuentro con funcionarios electos del  gobierno norteamericano, de origen dominicano como son los casos de los  asambleistas y consejales.<br \/>&#13;<br \/>\n  <br \/>&#13;<br \/>\n  Exhort\u00f3 a  los funcionarios electos a solicitar ante el Departamento de Estado  norteamericano que permita la apertura de nuevas oficinas consulares donde se  requiere de una mayor presencia dominicana, como es el caso de Texas,  Jacsonville y New Jersey.<br \/>&#13;<br \/>\n  <br \/>&#13;<br \/>\n  El  presidente Fern\u00e0ndez inform\u00f3 que seguir\u00e1 trabajando con los consejos  consultivos para darle un mayor dinamismo, y adem\u00e1s\u00a0para canalizar todo  tipo de intercambio e inquietudes de la comunidad dominicana.<br \/>&#13;<br \/>\n  <br \/>&#13;<br \/>\n  El acto  estuvo encabezado por el asamble\u00edsta Adriano Espaillat, quien dijo que el  presidente Leonel Fern\u00e1ndez \u00abes el gobernante dominicano que m\u00e1s se ha  preocupado por atender las necesidades de la comunidad dominicana en el  exterior\u00bb.<br \/>&#13;<br \/>\n  <br \/>&#13;<br \/>\n  En el  encuentro, varios de los funcionarios electos manifestaron algunas inquietudes  al presidente Fern\u00e0ndez, en el sentido de que la aduana dominicana pueda  otorgar facilidades en el procedimiento de retirada\u00a0de art\u00edculos donados,  principalmente para hospitales y escuelas.<br \/>&#13;<br \/>\n  <br \/>&#13;<br \/>\n  Explicaron  que muchas veces se sienten motivados a donar materiales a la Rep\u00fablica Dominicana,  pero que algunas dificultades en los tr\u00e1mites les imped\u00edan agilizar ese  proceso.<br \/>&#13;<br \/>\n  <br \/>&#13;<br \/>\n  De  inmediato, el presidente Leonel Fern\u00e1ndez instruy\u00f3 al secretario Administrativo  de la Presidencia,  Luis Manuel Bonetti, para que se encargue de agilizar todo lo referente a las  donaciones canalizadas desde los Estados Unidos y otras naciones.<br \/>&#13;<br \/>\n  <br \/>&#13;<br \/>\n  En el  encuentro participaron funcionarios electos de New York, New Jersey, Maryland,  Pensilvania entre otros.<br \/>&#13;\n<\/p>\n<p>&#13;<\/p>\n<h6> 2008-04-07 01:29:32 <\/h6>\n<p><!--\n<link rel=\"stylesheet\" href=\"css\/bootstrap.min.css\">\n\n\n<ul class=\"pagination\">\n\t    \n\t\n\n<li >\n\t<a href='?page_no=33714'>Previous<\/a>\n\t<\/li>\n\n\n       \n    \n\n<li><a href='?page_no=1'>1<\/a><\/li>\n\n\n\n<li><a href='?page_no=2'>2<\/a><\/li>\n\n\n\n<li><a>...<\/a><\/li>\n\n\n\n<li><a href='?page_no=33713'>33713<\/a><\/li>\n\n\n\n<li><a href='?page_no=33714'>33714<\/a><\/li>\n\n\n\n<li class='active'><a>33715<\/a><\/li>\n\n\n\n<li><a href='?page_no=33716'>33716<\/a><\/li>\n\n\n\n<li><a href='?page_no=33717'>33717<\/a><\/li>\n\n\n\n<li><a>...<\/a><\/li>\n\n\n\n<li><a href='?page_no=36999'>36999<\/a><\/li>\n\n\n\n<li><a href='?page_no=37000'>37000<\/a><\/li>\n\n    \n\t\n\n<li >\n\t<a href='?page_no=33716'>Next<\/a>\n\t<\/li>\n\n\n    \n\n<li><a href='?page_no=37000'>Last &rsaquo;&rsaquo;<\/a><\/li>\n\n<\/ul>\n\n\n--><br \/>\n<\/body><\/p>\n","protected":false},"excerpt":{"rendered":"<p>Presidente Fern\u00e1ndez propone plan de pol\u00edticas p\u00fablicas\u00a0con di\u00e1spora en el exterior y sectores nacionales &#13; New York.&#8211; El presidente Leonel Fern\u00e1ndez propuso aqu\u00ed que tan pronto pasen las elecciones venideras convocar\u00e1 un encuentro con la comunidad dominicana para dise\u00f1ar un plan de pol\u00edticas p\u00fablicas, que involucre tanto la di\u00e1spora criolla como a los residentes en [&hellip;]<\/p>\n","protected":false},"author":3,"featured_media":0,"comment_status":"open","ping_status":"open","sticky":false,"template":"","format":"standard","meta":{"footnotes":""},"categories":[22],"tags":[],"class_list":["post-190967","post","type-post","status-publish","format-standard","hentry","category-politica"],"_links":{"self":[{"href":"https:\/\/diariodominicano.com\/index.php?rest_route=\/wp\/v2\/posts\/190967","targetHints":{"allow":["GET"]}}],"collection":[{"href":"https:\/\/diariodominicano.com\/index.php?rest_route=\/wp\/v2\/posts"}],"about":[{"href":"https:\/\/diariodominicano.com\/index.php?rest_route=\/wp\/v2\/types\/post"}],"author":[{"embeddable":true,"href":"https:\/\/diariodominicano.com\/index.php?rest_route=\/wp\/v2\/users\/3"}],"replies":[{"embeddable":true,"href":"https:\/\/diariodominicano.com\/index.php?rest_route=%2Fwp%2Fv2%2Fcomments&post=190967"}],"version-history":[{"count":0,"href":"https:\/\/diariodominicano.com\/index.php?rest_route=\/wp\/v2\/posts\/190967\/revisions"}],"wp:attachment":[{"href":"https:\/\/diariodominicano.com\/index.php?rest_route=%2Fwp%2Fv2%2Fmedia&parent=190967"}],"wp:term":[{"taxonomy":"category","embeddable":true,"href":"https:\/\/diariodominicano.com\/index.php?rest_route=%2Fwp%2Fv2%2Fcategories&post=190967"},{"taxonomy":"post_tag","embeddable":true,"href":"https:\/\/diariodominicano.com\/index.php?rest_route=%2Fwp%2Fv2%2Ftags&post=190967"}],"curies":[{"name":"wp","href":"https:\/\/api.w.org\/{rel}","templated":true}]}}