{"id":190960,"date":"2008-04-07T21:00:22","date_gmt":"2008-04-07T21:00:22","guid":{"rendered":"http:\/\/diariodominicano.ddns.net\/?p=190960"},"modified":"2008-04-07T21:00:22","modified_gmt":"2008-04-07T21:00:22","slug":"jose-joaquin-puello-resalta-la-unidad-interna-y-la-lucha-que-libran-los-perredeistas","status":"publish","type":"post","link":"https:\/\/diariodominicano.com\/?p=190960","title":{"rendered":"Jos\u00e9 Joaqu\u00edn Puello resalta la unidad interna y la lucha que libran los perredeistas"},"content":{"rendered":"<p><body><\/p>\n<p class=\"titulogrande1\"><strong>Jos\u00e9 Joaqu\u00edn Puello resalta la unidad  interna y la lucha que libran los perredeistas <\/strong><\/p>\n<p>&#13;<\/p>\n<p align=\"justify\" class=\"text1noticias\"><strong><img loading=\"lazy\" decoding=\"async\" src=\"http:\/\/localhost:8080\/img\/joaquin puello.jpg\" width=\"375\" height=\"189\" hspace=\"4\" align=\"left\" \/>Santo  Domingo.-<\/strong> El candidato vicepresidencial, Jos\u00e9 Joaqu\u00edn Puello, declar\u00f3 que el  Partido Revolucionario Dominicano acudir\u00e1 a las pr\u00f3ximas elecciones con los m\u00e1s  altos niveles de unidad interna y su militancia dando la batalla con tal de  alcanzar la victoria.<\/p>\n<p>&#13;<\/p>\n<p align=\"justify\" class=\"text1noticias\">Al  disertar ante \u00a0seguidores en su natal San  Juan de la Maguana Puello  refiri\u00f3 que por esa raz\u00f3n la \u00faltima encuesta realizada por Sector Externo por la Victoria Electoral  (SEV\u00c9) reporta al ingeniero Miguel Vargas con un cuatro por ciento por encima  del doctor Leonel Fern\u00e1ndez.<\/p>\n<p>&#13;<\/p>\n<p align=\"justify\" class=\"text1noticias\">De  acuerdo con\u00a0 Puello, ese sondeo fu\u00e9  realizado con empadronadores de distintas fuerzas pol\u00edticas, incluida el  Partido de la Liberaci\u00f3n Dominicana,  que trabajaron con un universo de diez mil votantes.<\/p>\n<p>&#13;<\/p>\n<p align=\"justify\" class=\"text1noticias\">Resalt\u00f3  la integraci\u00f3n a la candidatura presidencial de Vargas Maldonado de los  dirigente perrede\u00edstas Rafael Suverb\u00ed Bonilla, Milagros Ortiz Bosch, Jos\u00e9  Rafael Abinader y Enmanuel Esquea Guerrero.<\/p>\n<p>&#13;<\/p>\n<p align=\"justify\" class=\"text1noticias\">Record\u00f3  an\u00e9cdotas de su \u00e9poca juvenil cuando curs\u00f3 los niveles de educaci\u00f3n primario y  medio, as\u00ed como los nombres de amigos que hoy son figuras en la sociedad de San  Juan de la Maguana.<\/p>\n<p>&#13;<\/p>\n<p align=\"justify\" class=\"text1noticias\">Varios  centenares de personas se concentraron en el parque central de la provincia  sure\u00f1a, as\u00ed como en las comunidades de Hig\u00fcerito y Juanito para apoyar las  aspiraciones presidenciales de Miguel Vargas y su compa\u00f1ero de boleta, el  doctor Jos\u00e9 Joaqu\u00edn Puello.<\/p>\n<p>&#13;<\/p>\n<h6> 2008-04-07 21:00:22 <\/h6>\n<p><!--\n<link rel=\"stylesheet\" href=\"css\/bootstrap.min.css\">\n\n\n<ul class=\"pagination\">\n\t    \n\t\n\n<li >\n\t<a href='?page_no=33707'>Previous<\/a>\n\t<\/li>\n\n\n       \n    \n\n<li><a href='?page_no=1'>1<\/a><\/li>\n\n\n\n<li><a href='?page_no=2'>2<\/a><\/li>\n\n\n\n<li><a>...<\/a><\/li>\n\n\n\n<li><a href='?page_no=33706'>33706<\/a><\/li>\n\n\n\n<li><a href='?page_no=33707'>33707<\/a><\/li>\n\n\n\n<li class='active'><a>33708<\/a><\/li>\n\n\n\n<li><a href='?page_no=33709'>33709<\/a><\/li>\n\n\n\n<li><a href='?page_no=33710'>33710<\/a><\/li>\n\n\n\n<li><a>...<\/a><\/li>\n\n\n\n<li><a href='?page_no=36999'>36999<\/a><\/li>\n\n\n\n<li><a href='?page_no=37000'>37000<\/a><\/li>\n\n    \n\t\n\n<li >\n\t<a href='?page_no=33709'>Next<\/a>\n\t<\/li>\n\n\n    \n\n<li><a href='?page_no=37000'>Last &rsaquo;&rsaquo;<\/a><\/li>\n\n<\/ul>\n\n\n--><br \/>\n<\/body><\/p>\n","protected":false},"excerpt":{"rendered":"<p>Jos\u00e9 Joaqu\u00edn Puello resalta la unidad interna y la lucha que libran los perredeistas &#13; Santo Domingo.- El candidato vicepresidencial, Jos\u00e9 Joaqu\u00edn Puello, declar\u00f3 que el Partido Revolucionario Dominicano acudir\u00e1 a las pr\u00f3ximas elecciones con los m\u00e1s altos niveles de unidad interna y su militancia dando la batalla con tal de alcanzar la victoria. &#13; [&hellip;]<\/p>\n","protected":false},"author":3,"featured_media":0,"comment_status":"open","ping_status":"open","sticky":false,"template":"","format":"standard","meta":{"footnotes":""},"categories":[22],"tags":[],"class_list":["post-190960","post","type-post","status-publish","format-standard","hentry","category-politica"],"_links":{"self":[{"href":"https:\/\/diariodominicano.com\/index.php?rest_route=\/wp\/v2\/posts\/190960","targetHints":{"allow":["GET"]}}],"collection":[{"href":"https:\/\/diariodominicano.com\/index.php?rest_route=\/wp\/v2\/posts"}],"about":[{"href":"https:\/\/diariodominicano.com\/index.php?rest_route=\/wp\/v2\/types\/post"}],"author":[{"embeddable":true,"href":"https:\/\/diariodominicano.com\/index.php?rest_route=\/wp\/v2\/users\/3"}],"replies":[{"embeddable":true,"href":"https:\/\/diariodominicano.com\/index.php?rest_route=%2Fwp%2Fv2%2Fcomments&post=190960"}],"version-history":[{"count":0,"href":"https:\/\/diariodominicano.com\/index.php?rest_route=\/wp\/v2\/posts\/190960\/revisions"}],"wp:attachment":[{"href":"https:\/\/diariodominicano.com\/index.php?rest_route=%2Fwp%2Fv2%2Fmedia&parent=190960"}],"wp:term":[{"taxonomy":"category","embeddable":true,"href":"https:\/\/diariodominicano.com\/index.php?rest_route=%2Fwp%2Fv2%2Fcategories&post=190960"},{"taxonomy":"post_tag","embeddable":true,"href":"https:\/\/diariodominicano.com\/index.php?rest_route=%2Fwp%2Fv2%2Ftags&post=190960"}],"curies":[{"name":"wp","href":"https:\/\/api.w.org\/{rel}","templated":true}]}}