{"id":190958,"date":"2008-04-07T22:45:57","date_gmt":"2008-04-07T22:45:57","guid":{"rendered":"http:\/\/diariodominicano.ddns.net\/?p=190958"},"modified":"2008-04-07T22:45:57","modified_gmt":"2008-04-07T22:45:57","slug":"leonel-afirma-que-metro-de-santo-domingo-comenzara-nueva-era-de-ahorro-de-combustible-inicia-operaciones-entre-septiembre-y-octubre","status":"publish","type":"post","link":"https:\/\/diariodominicano.com\/?p=190958","title":{"rendered":"Leonel afirma que Metro de Santo Domingo comenzar\u00e1 nueva era de ahorro de combustible; Inicia operaciones entre septiembre y octubre"},"content":{"rendered":"<p><body><\/p>\n<p align=\"justify\" class=\"titulogrande1\">Leonel  afirma que Metro de Santo Domingo  comenzar\u00e1 nueva era de ahorro de combustible;\u00a0 Inicia  operaciones entre septiembre y octubre<\/p>\n<p>&#13;<\/p>\n<p align=\"justify\" class=\"text1noticias\"><strong><img loading=\"lazy\" decoding=\"async\" src=\"http:\/\/localhost:8080\/img\/leonel new york1.jpg\" width=\"375\" height=\"224\" hspace=\"4\" align=\"left\" \/>New York.-<\/strong> El doctor Leonel  Fern\u00e1ndez, candidato presidencial del Partido de la Liberaci\u00f3n Dominicana  y del Bloque Progresista, afirm\u00f3 que el Metro de Santo Domingo se convertir\u00e1 en  la obra m\u00e1s trascendental del presente siglo y comenzar\u00e1 un nuevo ciclo del  transporte p\u00fablico de pasajeros en la Rep\u00fablica Dominicano.<\/p>\n<p>&#13;<\/p>\n<p align=\"justify\" class=\"text1noticias\">Afirm\u00f3 que con su entrada en  vigencia, programada para los meses de septiembre y octubre del presente a\u00f1o,  los dominicanos iniciar\u00e1n una nueva era de ahorro de combustibles, que  repercutir\u00e1 a favor de la econom\u00eda de todos los dominicanos.<\/p>\n<p>&#13;<\/p>\n<p align=\"justify\" class=\"text1noticias\">El presidente Fern\u00e1ndez \u00a0abord\u00f3 el tema con un grupo de taxistas de  esta ciudad, que pertenecen a la   Base First Class, y que durante el paso de las tormentas Noel  y Olga, desarrollaron una intensa labor humanitaria a favor de los  damnificados, en la conclusi\u00f3n de su gira de siete d\u00edas por Estados Unidos.<\/p>\n<p>&#13;<\/p>\n<p align=\"justify\" class=\"text1noticias\">Fue en este escenario, que el  gobernante y candidato presidencial pelede\u00edsta, defendi\u00f3 la construcci\u00f3n del  tranv\u00eda criollo\u00a0 y afirm\u00f3 que el pa\u00eds  est\u00e1 compelido, debido a la tendencia alcista del barril del petr\u00f3leo, a  explorar nuevas alternativas de consumo de energ\u00eda.<\/p>\n<p>&#13;<\/p>\n<p align=\"justify\" class=\"text1noticias\">Entiende que el Metro de  Santo Domingo inicia la ruta hacia un cambio de mentalidad y expres\u00f3 que la  entrada en vigencia de la importante obra no afectar\u00e1 el transporte p\u00fablico  tradicional.<\/p>\n<p>&#13;<\/p>\n<p align=\"justify\" class=\"text1noticias\">Indic\u00f3 que la obra no viene a  desplazar el tradicional transporte p\u00fablico, muy por el contrario se convertir\u00e1  en un complemento para solucionar un problema. <\/p>\n<p>&#13;<\/p>\n<p align=\"justify\" class=\"text1noticias\">Record\u00f3 que eso ha ocurrido  en otros pa\u00edses donde existen metros similares al que se construye en Rep\u00fablica  Dominicana, cuyo impacto ser\u00e1 valorado en los pr\u00f3ximos 15 o 25 a\u00f1os, despu\u00e9s de  su entrada en vigencia.<\/p>\n<p>&#13;<\/p>\n<p align=\"justify\" class=\"text1noticias\">\u201cEl Metro de Santo Domingo viene a solucionar  el problema del transporte en la zona metropolitana\u201d, afirm\u00f3, el doctor  Fern\u00e1ndez.<\/p>\n<p>&#13;<\/p>\n<p align=\"justify\" class=\"text1noticias\"> En cuanto a sus intenciones de continuar en  el poder m\u00e1s all\u00e1 de agosto de este a\u00f1o, Fern\u00e1ndez afirm\u00f3 que a un gobernante  le asiste el derecho de aspirar a un nuevo per\u00edodo gubernamental cuando se ha  comprobado que ha tenido un buen desempe\u00f1o en la gesti\u00f3n p\u00fablica, como ha  ocurrido en la presente administraci\u00f3n, donde se ha registrado un crecimiento  sostenido del Producto Interno Bruto y la inflaci\u00f3n no alcanza los dos d\u00edgitos.<\/p>\n<p>&#13;<\/p>\n<p align=\"justify\" class=\"text1noticias\">Afirm\u00f3 que si se compara con  la pasada administraci\u00f3n, la gesti\u00f3n que encabeza supera con creces los  aspectos positivos en comparaci\u00f3n con\u00a0 el  pasado gobierno del Partido Revolucionario Dominicano y el ingeniero Hip\u00f3lito  Mej\u00eda.<\/p>\n<p>&#13;<\/p>\n<p align=\"justify\" class=\"text1noticias\">Expres\u00f3 que ser\u00e1 reelecto en  el\u00a0 pr\u00f3ximo 16 de mayo debido al buen  gobierno que ha realizado, que se puede medir a trav\u00e9s del crecimiento  econ\u00f3mico, la estabilidad de la tasa de cambio, la creaci\u00f3n de empleos y el  proceso de institucionalizaci\u00f3n que registra la naci\u00f3n criolla desde su ascenso  al poder en 2004. <\/p>\n<p>&#13;<\/p>\n<p align=\"justify\" class=\"text1noticias\">En su encuentro con los  taxistas de origen de dominicano, el gobernante fue designado socio honor\u00edfico  de esa estaci\u00f3n. <\/p>\n<p>&#13;<\/p>\n<p align=\"justify\" class=\"text1noticias\">Dami\u00e1n Rodr\u00edguez, vocero de  los transportistas, aprovech\u00f3 la ocasi\u00f3n para solicitar al mandatario  facilidades para el env\u00edo de ayuda humanitaria, ya que durante el paso de las  tormentas Noel y Olga, las donaciones que enviaban no llegaban con la prontitud  que amerita la situaci\u00f3n.<\/p>\n<p>&#13;<\/p>\n<p align=\"justify\" class=\"text1noticias\">Dijo que un grupo de taxistas  apoya la reelecci\u00f3n presidencial del mandatario porque representa la  continuidad del progreso y el bienestar de los dominicanos y porque el  gobernante se ha convertido en un estadista, que no va al gobierno a  improvisar.<\/p>\n<p>&#13;<\/p>\n<p align=\"justify\" class=\"text1noticias\">A la petici\u00f3n de los  taxistas, el mandatario instruy\u00f3 al secretario Administrativo de la Presidencia, Luis  Manuel Bonetti, para que conforme un comit\u00e9 de solidaridad y facilite la  canalizaci\u00f3n de las ayudas humanitarias de los taxistas criollos durante  cualquier adversidad que ocurra en su tierra natal. <\/p>\n<p>&#13;<\/p>\n<p align=\"justify\" class=\"text1noticias\">El mandatario estuvo  acompa\u00f1ado por la Primera   Dama, la doctora Margarita Cede\u00f1o de Fern\u00e1ndez; del C\u00f3nsul  Dominicano en NY, Eduardo Selman; F\u00e9lix Bautista, coordinador Operativo del  Comit\u00e9 Nacional de Campa\u00f1a y Rafael N\u00fa\u00f1ez, director de Comunicaciones de su  campa\u00f1a pol\u00edtica, entre otros importantes miembros del partido morado en la  gran urbe.<\/p>\n<p>&#13;<\/p>\n<h6> 2008-04-07 22:45:57 <\/h6>\n<p><!--\n<link rel=\"stylesheet\" href=\"css\/bootstrap.min.css\">\n\n\n<ul class=\"pagination\">\n\t    \n\t\n\n<li >\n\t<a href='?page_no=33705'>Previous<\/a>\n\t<\/li>\n\n\n       \n    \n\n<li><a href='?page_no=1'>1<\/a><\/li>\n\n\n\n<li><a href='?page_no=2'>2<\/a><\/li>\n\n\n\n<li><a>...<\/a><\/li>\n\n\n\n<li><a href='?page_no=33704'>33704<\/a><\/li>\n\n\n\n<li><a href='?page_no=33705'>33705<\/a><\/li>\n\n\n\n<li class='active'><a>33706<\/a><\/li>\n\n\n\n<li><a href='?page_no=33707'>33707<\/a><\/li>\n\n\n\n<li><a href='?page_no=33708'>33708<\/a><\/li>\n\n\n\n<li><a>...<\/a><\/li>\n\n\n\n<li><a href='?page_no=36999'>36999<\/a><\/li>\n\n\n\n<li><a href='?page_no=37000'>37000<\/a><\/li>\n\n    \n\t\n\n<li >\n\t<a href='?page_no=33707'>Next<\/a>\n\t<\/li>\n\n\n    \n\n<li><a href='?page_no=37000'>Last &rsaquo;&rsaquo;<\/a><\/li>\n\n<\/ul>\n\n\n--><br \/>\n<\/body><\/p>\n","protected":false},"excerpt":{"rendered":"<p>Leonel afirma que Metro de Santo Domingo comenzar\u00e1 nueva era de ahorro de combustible;\u00a0 Inicia operaciones entre septiembre y octubre &#13; New York.- El doctor Leonel Fern\u00e1ndez, candidato presidencial del Partido de la Liberaci\u00f3n Dominicana y del Bloque Progresista, afirm\u00f3 que el Metro de Santo Domingo se convertir\u00e1 en la obra m\u00e1s trascendental del presente [&hellip;]<\/p>\n","protected":false},"author":3,"featured_media":0,"comment_status":"open","ping_status":"open","sticky":false,"template":"","format":"standard","meta":{"footnotes":""},"categories":[22],"tags":[],"class_list":["post-190958","post","type-post","status-publish","format-standard","hentry","category-politica"],"_links":{"self":[{"href":"https:\/\/diariodominicano.com\/index.php?rest_route=\/wp\/v2\/posts\/190958","targetHints":{"allow":["GET"]}}],"collection":[{"href":"https:\/\/diariodominicano.com\/index.php?rest_route=\/wp\/v2\/posts"}],"about":[{"href":"https:\/\/diariodominicano.com\/index.php?rest_route=\/wp\/v2\/types\/post"}],"author":[{"embeddable":true,"href":"https:\/\/diariodominicano.com\/index.php?rest_route=\/wp\/v2\/users\/3"}],"replies":[{"embeddable":true,"href":"https:\/\/diariodominicano.com\/index.php?rest_route=%2Fwp%2Fv2%2Fcomments&post=190958"}],"version-history":[{"count":0,"href":"https:\/\/diariodominicano.com\/index.php?rest_route=\/wp\/v2\/posts\/190958\/revisions"}],"wp:attachment":[{"href":"https:\/\/diariodominicano.com\/index.php?rest_route=%2Fwp%2Fv2%2Fmedia&parent=190958"}],"wp:term":[{"taxonomy":"category","embeddable":true,"href":"https:\/\/diariodominicano.com\/index.php?rest_route=%2Fwp%2Fv2%2Fcategories&post=190958"},{"taxonomy":"post_tag","embeddable":true,"href":"https:\/\/diariodominicano.com\/index.php?rest_route=%2Fwp%2Fv2%2Ftags&post=190958"}],"curies":[{"name":"wp","href":"https:\/\/api.w.org\/{rel}","templated":true}]}}