{"id":190957,"date":"2008-04-08T03:00:00","date_gmt":"2008-04-08T03:00:00","guid":{"rendered":"http:\/\/diariodominicano.ddns.net\/?p=190957"},"modified":"2008-04-08T03:00:00","modified_gmt":"2008-04-08T03:00:00","slug":"condenan-a-diez-anos-de-carcel-a-ex-canciller-de-pinochet","status":"publish","type":"post","link":"https:\/\/diariodominicano.com\/?p=190957","title":{"rendered":"Condenan a diez a\u00f1os de c\u00e1rcel a ex canciller de Pinochet"},"content":{"rendered":"<p><body><\/p>\n<h1 class=\"titulogrande1\">Condenan a diez a\u00f1os de c\u00e1rcel a ex canciller de Pinochet <\/h1>\n<p>&#13;<\/p>\n<p align=\"justify\" class=\"text1noticias\">El oficial en retiro Humberto Julio Lagos, fue condenado por participar en el   secuestro y desaparici\u00f3n de nueve campesinos entre 1973 y 1974. <\/p>\n<p>&#13;<\/p>\n<p align=\"justify\" class=\"text1noticias\"><img loading=\"lazy\" decoding=\"async\" src=\"http:\/\/localhost:8080\/img\/pinochet.jpg\" width=\"375\" height=\"169\" hspace=\"4\" align=\"left\" \/>La justicia conden\u00f3 a diez a\u00f1os de c\u00e1rcel al ex canciller de <strong>Augusto   Pinochet<\/strong>, el oficial en retiro <strong>Humberto Julio Lagos<\/strong>,   por participar en el secuestro y desaparici\u00f3n de campesinos entre 1973 y   1974.<\/p>\n<p>&#13;<\/p>\n<p align=\"justify\" class=\"text1noticias\">Con este hecho, tras avances judiciales, la mayor\u00eda de los integrantes del   r\u00e9gimen militar est\u00e1 detenida o encausada.<\/p>\n<p>&#13;<\/p>\n<p align=\"justify\" class=\"text1noticias\">El fallo de primera instancia del juez Alejandro Sol\u00eds sancion\u00f3 adem\u00e1s con 15   a\u00f1os de presidio a otros cinco uniformados, cuatro de ellos ex oficiales, seg\u00fan   la abogada del caso, Loreto Mesa.<\/p>\n<p>&#13;<\/p>\n<p align=\"justify\" class=\"text1noticias\">La resoluci\u00f3n judicial se suma a otros 150 procesamientos y condenas dictadas   contra ex represores despu\u00e9s de la muerte en diciembre de 2006 de Pinochet,   quien jam\u00e1s fue sancionado por estos delitos.<\/p>\n<p>&#13;<\/p>\n<p align=\"justify\" class=\"text1noticias\">Junto al otrora jefe de la diplomacia del r\u00e9gimen militar fueron condenados   los oficiales Gabriel del R\u00edo, Juan Morales Salgado, Claudio Lecaros y F\u00e9lix   Cabezas. A ellos se sum\u00f3 el suboficial Antonio Girard.<\/p>\n<p>&#13;<\/p>\n<p align=\"justify\" class=\"text1noticias\">Todos los inculpados participaron, con distintos grados de responsabilidad,   en la detenci\u00f3n de nueve campesinos y dirigentes locales de izquierda en la   provincia de Linares, a unos 300 kil\u00f3metros al sur de Santiago.<\/p>\n<p>&#13;<\/p>\n<p align=\"justify\" class=\"text1noticias\">El r\u00e9gimen militar rigi\u00f3 los destinos del pa\u00eds entre 1973 y 1990, per\u00edodo en   que 3.000 chilenos fueron ejecutados o desaparecidos, entre ellos menores de 13   a\u00f1os, seg\u00fan informes oficiales emitidos en democracia. Tambi\u00e9n unos 50.000   ciudadanos padecieron torturas, incluidos infantes de dos a\u00f1os.<\/p>\n<p>&#13;<\/p>\n<p align=\"justify\" class=\"text1noticias\"><strong>CONDENAS POR   CASO DE DDHH EN LINARES<\/strong><\/p>\n<p>&#13;<\/p>\n<p align=\"justify\" class=\"text1noticias\">En   tanto, Sol\u00eds determin\u00f3 condenas que van entre los 15 a\u00f1os y un d\u00eda y los 10 a\u00f1os   y un d\u00eda contra varios generales involucrados en el secuestro de nueve   opositores a la dictadura militar a finales de octubre del 1973 en el pol\u00edgono   de tiro \u00abGeneral Bari\u00bb.<\/p>\n<p>&#13;<\/p>\n<p align=\"justify\" class=\"text1noticias\">Sol\u00eds, quien lleva el llamado \u00abproceso Linares\u00bb desde 2002,   conden\u00f3 a un total de seis de los involucrados en el caso, en la sentencia   n\u00famero 99 de los tribunales de justicia en casos de derechos humanos.<\/p>\n<p>&#13;<\/p>\n<p align=\"justify\" class=\"text1noticias\">Entre los involucrados est\u00e1n los generales en retiro   Gabriel del R\u00edo Espinoza y Juan Morales Salgado, ambos sentenciados a una pena   de 15 a\u00f1os y un d\u00eda por cinco secuestros.<br \/>&#13;\n<\/p>\n<p>&#13;<\/p>\n<h6> 2008-04-08 03:00:00 <\/h6>\n<p><!--\n<link rel=\"stylesheet\" href=\"css\/bootstrap.min.css\">\n\n\n<ul class=\"pagination\">\n\t    \n\t\n\n<li >\n\t<a href='?page_no=33704'>Previous<\/a>\n\t<\/li>\n\n\n       \n    \n\n<li><a href='?page_no=1'>1<\/a><\/li>\n\n\n\n<li><a href='?page_no=2'>2<\/a><\/li>\n\n\n\n<li><a>...<\/a><\/li>\n\n\n\n<li><a href='?page_no=33703'>33703<\/a><\/li>\n\n\n\n<li><a href='?page_no=33704'>33704<\/a><\/li>\n\n\n\n<li class='active'><a>33705<\/a><\/li>\n\n\n\n<li><a href='?page_no=33706'>33706<\/a><\/li>\n\n\n\n<li><a href='?page_no=33707'>33707<\/a><\/li>\n\n\n\n<li><a>...<\/a><\/li>\n\n\n\n<li><a href='?page_no=36999'>36999<\/a><\/li>\n\n\n\n<li><a href='?page_no=37000'>37000<\/a><\/li>\n\n    \n\t\n\n<li >\n\t<a href='?page_no=33706'>Next<\/a>\n\t<\/li>\n\n\n    \n\n<li><a href='?page_no=37000'>Last &rsaquo;&rsaquo;<\/a><\/li>\n\n<\/ul>\n\n\n--><br \/>\n<\/body><\/p>\n","protected":false},"excerpt":{"rendered":"<p>Condenan a diez a\u00f1os de c\u00e1rcel a ex canciller de Pinochet &#13; El oficial en retiro Humberto Julio Lagos, fue condenado por participar en el secuestro y desaparici\u00f3n de nueve campesinos entre 1973 y 1974. &#13; La justicia conden\u00f3 a diez a\u00f1os de c\u00e1rcel al ex canciller de Augusto Pinochet, el oficial en retiro Humberto [&hellip;]<\/p>\n","protected":false},"author":3,"featured_media":0,"comment_status":"open","ping_status":"open","sticky":false,"template":"","format":"standard","meta":{"footnotes":""},"categories":[22],"tags":[],"class_list":["post-190957","post","type-post","status-publish","format-standard","hentry","category-politica"],"_links":{"self":[{"href":"https:\/\/diariodominicano.com\/index.php?rest_route=\/wp\/v2\/posts\/190957","targetHints":{"allow":["GET"]}}],"collection":[{"href":"https:\/\/diariodominicano.com\/index.php?rest_route=\/wp\/v2\/posts"}],"about":[{"href":"https:\/\/diariodominicano.com\/index.php?rest_route=\/wp\/v2\/types\/post"}],"author":[{"embeddable":true,"href":"https:\/\/diariodominicano.com\/index.php?rest_route=\/wp\/v2\/users\/3"}],"replies":[{"embeddable":true,"href":"https:\/\/diariodominicano.com\/index.php?rest_route=%2Fwp%2Fv2%2Fcomments&post=190957"}],"version-history":[{"count":0,"href":"https:\/\/diariodominicano.com\/index.php?rest_route=\/wp\/v2\/posts\/190957\/revisions"}],"wp:attachment":[{"href":"https:\/\/diariodominicano.com\/index.php?rest_route=%2Fwp%2Fv2%2Fmedia&parent=190957"}],"wp:term":[{"taxonomy":"category","embeddable":true,"href":"https:\/\/diariodominicano.com\/index.php?rest_route=%2Fwp%2Fv2%2Fcategories&post=190957"},{"taxonomy":"post_tag","embeddable":true,"href":"https:\/\/diariodominicano.com\/index.php?rest_route=%2Fwp%2Fv2%2Ftags&post=190957"}],"curies":[{"name":"wp","href":"https:\/\/api.w.org\/{rel}","templated":true}]}}