{"id":190956,"date":"2008-04-08T15:01:16","date_gmt":"2008-04-08T15:01:16","guid":{"rendered":"http:\/\/diariodominicano.ddns.net\/?p=190956"},"modified":"2008-04-08T15:01:16","modified_gmt":"2008-04-08T15:01:16","slug":"empresarios-de-establecimientos-de-diversion-anuncian-apoyo-al-presidente-fernandez","status":"publish","type":"post","link":"https:\/\/diariodominicano.com\/?p=190956","title":{"rendered":"Empresarios de establecimientos de diversi\u00f3n anuncian apoyo al presidente Fern\u00e1ndez"},"content":{"rendered":"<p><body><\/p>\n<p align=\"justify\" class=\"titulogrande1\"><strong>Empresarios de  establecimientos de diversi\u00f3n anuncian apoyo al presidente Fern\u00e1ndez<\/strong><\/p>\n<p>&#13;<\/p>\n<p align=\"justify\" class=\"text1noticias\"><strong>SANTIAGO.-<\/strong> La   Uni\u00f3n de Empresarios de Establecimientos de Diversi\u00f3n y  Afines anunci\u00f3 el lunes su respaldo incondicional a la candidatura presidencial  del presidente Leonel Fern\u00e1ndez para las elecciones del 16 de mayo de este a\u00f1o,  inform\u00f3 este martes el presidente de esa\u00a0entidad.<br \/>&#13;<br \/>\n  <br \/>&#13;<br \/>\n  Andr\u00e9s Gonell, dijo que el respaldo que le ofrecen a Fern\u00e1ndez  se debe a la estabilidad, la confianza y la seguridad que le ha dado al  comercio del pa\u00eds, especialmente a las discotecas, bares y restaurantes. <\/p>\n<p>&#13;<\/p>\n<p align=\"justify\" class=\"text1noticias\">Un despacho de prensa de la entidad indic\u00f3 que el anuncio fue  hecho en una rueda de prensa en la que participaron adem\u00e1s el se\u00f1or Francisco  Aibar, Tesorero de la entidad, Carlos G\u00f3mez D\u00edaz, Vicepresidente, y M\u00e1ximo  Rodr\u00edguez, Secretario. <\/p>\n<p>&#13;<\/p>\n<p align=\"justify\" class=\"text1noticias\">Gonell expres\u00f3 que otros de los motivos para tomar la decisi\u00f3n  se deben a que el presidente Fern\u00e1ndez es una persona ecu\u00e1nime y respetuosa de  los sectores del pa\u00eds. <\/p>\n<p>&#13;<\/p>\n<p align=\"justify\" class=\"text1noticias\">El empresario santiagu\u00e9s tambi\u00e9n expres\u00f3 su agradecimiento al  mandatario por las medidas de seguridad que ha adoptado en los centros de  diversi\u00f3n a trav\u00e9s de la secretar\u00eda de Interior y Polic\u00eda (SEIP) y el  secretario de la cartera, Franklin Almeyda Rancier. <\/p>\n<p>&#13;<\/p>\n<p align=\"justify\" class=\"text1noticias\">Consider\u00f3 que las medidas que se aplican sobre el horario de  expendio de bebidas alcoh\u00f3licas han sido positivas porque permiten mayores  niveles de seguridad tanto para los establecimientos como para la ciudadan\u00eda. <\/p>\n<p>&#13;<\/p>\n<div align=\"justify\" class=\"text1noticias\">Gonell llam\u00f3 al pueblo dominicano a votar masivamente  por el Partido de la   Liberaci\u00f3n Dominicana (PLD) el pr\u00f3ximo 16 de Mayo.<br \/>&#13;\n<\/div>\n<p>&#13;<\/p>\n<h6> 2008-04-08 15:01:16 <\/h6>\n<p><!--\n<link rel=\"stylesheet\" href=\"css\/bootstrap.min.css\">\n\n\n<ul class=\"pagination\">\n\t    \n\t\n\n<li >\n\t<a href='?page_no=33703'>Previous<\/a>\n\t<\/li>\n\n\n       \n    \n\n<li><a href='?page_no=1'>1<\/a><\/li>\n\n\n\n<li><a href='?page_no=2'>2<\/a><\/li>\n\n\n\n<li><a>...<\/a><\/li>\n\n\n\n<li><a href='?page_no=33702'>33702<\/a><\/li>\n\n\n\n<li><a href='?page_no=33703'>33703<\/a><\/li>\n\n\n\n<li class='active'><a>33704<\/a><\/li>\n\n\n\n<li><a href='?page_no=33705'>33705<\/a><\/li>\n\n\n\n<li><a href='?page_no=33706'>33706<\/a><\/li>\n\n\n\n<li><a>...<\/a><\/li>\n\n\n\n<li><a href='?page_no=36999'>36999<\/a><\/li>\n\n\n\n<li><a href='?page_no=37000'>37000<\/a><\/li>\n\n    \n\t\n\n<li >\n\t<a href='?page_no=33705'>Next<\/a>\n\t<\/li>\n\n\n    \n\n<li><a href='?page_no=37000'>Last &rsaquo;&rsaquo;<\/a><\/li>\n\n<\/ul>\n\n\n--><br \/>\n<\/body><\/p>\n","protected":false},"excerpt":{"rendered":"<p>Empresarios de establecimientos de diversi\u00f3n anuncian apoyo al presidente Fern\u00e1ndez &#13; SANTIAGO.- La Uni\u00f3n de Empresarios de Establecimientos de Diversi\u00f3n y Afines anunci\u00f3 el lunes su respaldo incondicional a la candidatura presidencial del presidente Leonel Fern\u00e1ndez para las elecciones del 16 de mayo de este a\u00f1o, inform\u00f3 este martes el presidente de esa\u00a0entidad.&#13; &#13; Andr\u00e9s [&hellip;]<\/p>\n","protected":false},"author":3,"featured_media":0,"comment_status":"open","ping_status":"open","sticky":false,"template":"","format":"standard","meta":{"footnotes":""},"categories":[22],"tags":[],"class_list":["post-190956","post","type-post","status-publish","format-standard","hentry","category-politica"],"_links":{"self":[{"href":"https:\/\/diariodominicano.com\/index.php?rest_route=\/wp\/v2\/posts\/190956","targetHints":{"allow":["GET"]}}],"collection":[{"href":"https:\/\/diariodominicano.com\/index.php?rest_route=\/wp\/v2\/posts"}],"about":[{"href":"https:\/\/diariodominicano.com\/index.php?rest_route=\/wp\/v2\/types\/post"}],"author":[{"embeddable":true,"href":"https:\/\/diariodominicano.com\/index.php?rest_route=\/wp\/v2\/users\/3"}],"replies":[{"embeddable":true,"href":"https:\/\/diariodominicano.com\/index.php?rest_route=%2Fwp%2Fv2%2Fcomments&post=190956"}],"version-history":[{"count":0,"href":"https:\/\/diariodominicano.com\/index.php?rest_route=\/wp\/v2\/posts\/190956\/revisions"}],"wp:attachment":[{"href":"https:\/\/diariodominicano.com\/index.php?rest_route=%2Fwp%2Fv2%2Fmedia&parent=190956"}],"wp:term":[{"taxonomy":"category","embeddable":true,"href":"https:\/\/diariodominicano.com\/index.php?rest_route=%2Fwp%2Fv2%2Fcategories&post=190956"},{"taxonomy":"post_tag","embeddable":true,"href":"https:\/\/diariodominicano.com\/index.php?rest_route=%2Fwp%2Fv2%2Ftags&post=190956"}],"curies":[{"name":"wp","href":"https:\/\/api.w.org\/{rel}","templated":true}]}}