{"id":190955,"date":"2008-04-08T16:04:19","date_gmt":"2008-04-08T16:04:19","guid":{"rendered":"http:\/\/diariodominicano.ddns.net\/?p=190955"},"modified":"2008-04-08T16:04:19","modified_gmt":"2008-04-08T16:04:19","slug":"el-pri-apoya-la-huelga-convocada-para-este-miercoles-por-mas-de-250-organizaciones-de-distintos-sectores-de-la-sociedad","status":"publish","type":"post","link":"https:\/\/diariodominicano.com\/?p=190955","title":{"rendered":"El PRI apoya la huelga convocada para este mi\u00e9rcoles por m\u00e1s de 250 organizaciones de distintos sectores de la sociedad"},"content":{"rendered":"<p><body><\/p>\n<p align=\"justify\" class=\"titulogrande1\"><strong>El PRI apoya la huelga convocada para este mi\u00e9rcoles por m\u00e1s de 250  organizaciones de distintos sectores de la sociedad<\/strong><\/p>\n<p>&#13;<\/p>\n<p align=\"justify\" class=\"text1noticias\"><strong>SANTO  DOMINGO.- <\/strong>El Partido Revolucionario Independiente (PRI) se sum\u00f3 este martes a  las m\u00e1s de 250 organizaciones pol\u00edticas, populares, campesinas, profesionales,  choferiles, estudiantiles, religiosas y sindicales que apoyan el paro  nacional\u00a0 de labores convocado para  ma\u00f1ana mi\u00e9rcoles,\u00a0 en contra de la  pol\u00edtica econ\u00f3mica del Gobierno del presidente Leonel Fern\u00e1ndez y el derecho a  la vida de miles de dominicanos que viven en extrema pobreza. <\/p>\n<p>&#13;<\/p>\n<p align=\"justify\" class=\"text1noticias\">El candidato  presidencial del PRI, Trajano Santana, consider\u00f3 justa y realista la protesta  que, se extend\u00eda por 24 horas, desde las 6:00 de la ma\u00f1ana del mi\u00e9rcoles, hasta  las 6:00 de la ma\u00f1ana del jueves. <\/p>\n<p>&#13;<\/p>\n<p align=\"justify\" class=\"text1noticias\">Un despacho de  prensa de la organizaci\u00f3n pol\u00edtica detall\u00f3 que la protesta fue convocada por el  Foro Social Alternativo para exigir al Gobierno un aumento salarial de un 40  por ciento para todos los servidores p\u00fablicos, la modificaci\u00f3n de la Ley de Hidrocarburos, la  rebaja del costo de la comida, las medicinas y la tarifa el\u00e9ctrica, el cese  indiscriminado de extracci\u00f3n de arena de los r\u00edos, el cese de los desalojos  abusivos y por una reforma agraria integral.\u00a0 <\/p>\n<p>&#13;<\/p>\n<p align=\"justify\" class=\"text1noticias\">El documento  explic\u00f3 que el candidato presidencial del PRI consider\u00f3 urgente que el Gobierno  del Partido de la   Liberaci\u00f3n Dominicana (PLD) atienda esos reclamos, hecho  contribuir\u00e1 a elevar significativamente la calidad de vida de los dominicanos. <\/p>\n<p>&#13;<\/p>\n<p align=\"justify\" class=\"text1noticias\">\u201cLos dominicanos  no pueden seguir desenvolvi\u00e9ndose en niveles tan deplorables de vida,\u00a0 mientras el presidente Fern\u00e1ndez y el PLD  dilapidan cientos de miles de millones de pesos financiando una campa\u00f1a  reeleccionista, que es rechazada por la mayor\u00eda de la poblaci\u00f3n votante\u201d,  indic\u00f3 Trajano Santana. <\/p>\n<p>&#13;<\/p>\n<p align=\"justify\" class=\"text1noticias\">El alto  dirigente pol\u00edtico llam\u00f3 a la poblaci\u00f3n a acatar pac\u00edficamente el paro de  labores, absteni\u00e9ndose de\u00a0 asistir a sus  puestos de trabajo y qued\u00e1ndose recluidos en sus viviendas para \u201cevitar  provocaciones\u201d, que conduzcan al Gobierno a cometer abusos contra el derecho de  los dominicanos a protestar contra los desaciertos de la administraci\u00f3n  pelede\u00edsta. <\/p>\n<p>&#13;<\/p>\n<p align=\"justify\" class=\"text1noticias\">Trajano Santana  consider\u00f3 que la paralizaci\u00f3n del pr\u00f3ximo mi\u00e9rcoles debe servir para decirle al  jefe del Gobierno que la mayor\u00eda de la poblaci\u00f3n est\u00e1 inconforme con sus  ejecutorias y que debe cambiarlas de inmediato. <\/p>\n<p>&#13;<\/p>\n<p align=\"justify\" class=\"text1noticias\">\u201cEl pueblo le  dir\u00e1 a Fern\u00e1ndez que no est\u00e1 de acuerdo con la inversi\u00f3n de miles de millones  de pesos en la construcci\u00f3n de un metro, que no resolver\u00e1 el problema de  transporte del pa\u00eds, mientras\u00a0 miles de  estudiantes carecen de locales para recibir el pan de la ense\u00f1anza y otros la  reciben sentados en el piso, en latas viejas o en blockes\u201d, indico. <\/p>\n<p>&#13;<\/p>\n<p align=\"justify\" class=\"text1noticias\">Santana expres\u00f3  que el pueblo expresar\u00e1 al presidente Fern\u00e1ndez su desacuerdo con la gran inversi\u00f3n  econ\u00f3mica del Gobierno en la compra de \u201ctr\u00e1nsfugas pol\u00edticos\u201d para que apoyen  la reelecci\u00f3n, mientras los hospitales carecen de medicinas, camas, m\u00e9dicos y  enfermeras bien pagados y la seguridad social anda manga por hombros, por falta  de la inyecci\u00f3n econ\u00f3mica de las autoridades.\u00a0\u00a0 <\/p>\n<p>&#13;<\/p>\n<p align=\"justify\" class=\"text1noticias\">\u201cEsa situaci\u00f3n  tiene que terminar\u201d, precis\u00f3 Santana, al tiempo que expres\u00f3 que en un gobierno  del PRI ser\u00e1n atendidas las principales econ\u00f3micas y sociales de la poblaci\u00f3n,  como la salud, la educaci\u00f3n, el d\u00e9ficit de viviendas, la alimentaci\u00f3n y la  seguridad social. <\/p>\n<p>&#13;<\/p>\n<p align=\"justify\" class=\"text1noticias\">\u201cEl Foro Social  Alternativo, estuvo representado por una comisi\u00f3n de voceros, integrada por  Fidel Santana, Amparo Chantada, Romer Casta\u00f1o, entre otros, quienes reafirmaron  el llamado a paro de labores por 24 horas, en rechazo a la pol\u00edtica econ\u00f3mica  que ejecuta el gobierno de Leonel Fern\u00e1ndez\u201d, concluy\u00f3 la nota informativa. <\/p>\n<p>&#13;<\/p>\n<h6> 2008-04-08 16:04:19 <\/h6>\n<p><!--\n<link rel=\"stylesheet\" href=\"css\/bootstrap.min.css\">\n\n\n<ul class=\"pagination\">\n\t    \n\t\n\n<li >\n\t<a href='?page_no=33702'>Previous<\/a>\n\t<\/li>\n\n\n       \n    \n\n<li><a href='?page_no=1'>1<\/a><\/li>\n\n\n\n<li><a href='?page_no=2'>2<\/a><\/li>\n\n\n\n<li><a>...<\/a><\/li>\n\n\n\n<li><a href='?page_no=33701'>33701<\/a><\/li>\n\n\n\n<li><a href='?page_no=33702'>33702<\/a><\/li>\n\n\n\n<li class='active'><a>33703<\/a><\/li>\n\n\n\n<li><a href='?page_no=33704'>33704<\/a><\/li>\n\n\n\n<li><a href='?page_no=33705'>33705<\/a><\/li>\n\n\n\n<li><a>...<\/a><\/li>\n\n\n\n<li><a href='?page_no=36999'>36999<\/a><\/li>\n\n\n\n<li><a href='?page_no=37000'>37000<\/a><\/li>\n\n    \n\t\n\n<li >\n\t<a href='?page_no=33704'>Next<\/a>\n\t<\/li>\n\n\n    \n\n<li><a href='?page_no=37000'>Last &rsaquo;&rsaquo;<\/a><\/li>\n\n<\/ul>\n\n\n--><br \/>\n<\/body><\/p>\n","protected":false},"excerpt":{"rendered":"<p>El PRI apoya la huelga convocada para este mi\u00e9rcoles por m\u00e1s de 250 organizaciones de distintos sectores de la sociedad &#13; SANTO DOMINGO.- El Partido Revolucionario Independiente (PRI) se sum\u00f3 este martes a las m\u00e1s de 250 organizaciones pol\u00edticas, populares, campesinas, profesionales, choferiles, estudiantiles, religiosas y sindicales que apoyan el paro nacional\u00a0 de labores convocado [&hellip;]<\/p>\n","protected":false},"author":3,"featured_media":0,"comment_status":"open","ping_status":"open","sticky":false,"template":"","format":"standard","meta":{"footnotes":""},"categories":[22],"tags":[],"class_list":["post-190955","post","type-post","status-publish","format-standard","hentry","category-politica"],"_links":{"self":[{"href":"https:\/\/diariodominicano.com\/index.php?rest_route=\/wp\/v2\/posts\/190955","targetHints":{"allow":["GET"]}}],"collection":[{"href":"https:\/\/diariodominicano.com\/index.php?rest_route=\/wp\/v2\/posts"}],"about":[{"href":"https:\/\/diariodominicano.com\/index.php?rest_route=\/wp\/v2\/types\/post"}],"author":[{"embeddable":true,"href":"https:\/\/diariodominicano.com\/index.php?rest_route=\/wp\/v2\/users\/3"}],"replies":[{"embeddable":true,"href":"https:\/\/diariodominicano.com\/index.php?rest_route=%2Fwp%2Fv2%2Fcomments&post=190955"}],"version-history":[{"count":0,"href":"https:\/\/diariodominicano.com\/index.php?rest_route=\/wp\/v2\/posts\/190955\/revisions"}],"wp:attachment":[{"href":"https:\/\/diariodominicano.com\/index.php?rest_route=%2Fwp%2Fv2%2Fmedia&parent=190955"}],"wp:term":[{"taxonomy":"category","embeddable":true,"href":"https:\/\/diariodominicano.com\/index.php?rest_route=%2Fwp%2Fv2%2Fcategories&post=190955"},{"taxonomy":"post_tag","embeddable":true,"href":"https:\/\/diariodominicano.com\/index.php?rest_route=%2Fwp%2Fv2%2Ftags&post=190955"}],"curies":[{"name":"wp","href":"https:\/\/api.w.org\/{rel}","templated":true}]}}