{"id":190952,"date":"2008-04-08T18:13:08","date_gmt":"2008-04-08T18:13:08","guid":{"rendered":"http:\/\/diariodominicano.ddns.net\/?p=190952"},"modified":"2008-04-08T18:13:08","modified_gmt":"2008-04-08T18:13:08","slug":"los-legisladores-del-pld-y-el-presidente-de-la-camara-de-diputados-acusan-al-prd-de-estar-patrocinando-los-movimientos-de-protestas","status":"publish","type":"post","link":"https:\/\/diariodominicano.com\/?p=190952","title":{"rendered":"Los legisladores del PLD y el Presidente de la C\u00e1mara de Diputados acusan al PRD de estar patrocinando los movimientos de protestas"},"content":{"rendered":"<p><body><\/p>\n<p align=\"justify\" class=\"titulogrande1\">Los legisladores  del PLD y el Presidente de la C\u00e1mara de Diputados acusan al PRD de estar  patrocinando los movimientos de protestas<\/p>\n<p>&#13;<\/p>\n<p><strong>Por: <span class=\"textogrande\">Roberto  Rodr\u00edguez<\/span><\/strong><\/p>\n<p>&#13;<\/p>\n<p align=\"justify\" class=\"text1noticias\"><strong><img loading=\"lazy\" decoding=\"async\" src=\"http:\/\/localhost:8080\/img\/cesar valentin.jpg\" width=\"375\" height=\"201\" hspace=\"4\" align=\"left\" \/>Santo Domingo.- <\/strong>El  presidente de la C\u00e1mara de Diputados y el Bloque de Legisladores del Partido de  la Liberaci\u00f3n Dominicana acusaron de forma directa al Partido Revolucionario  Dominicano de estar detr\u00e1s de los movimientos de protestas que se han venido  registrando en el pa\u00eds en los \u00faltimos d\u00edas.<\/p>\n<p>&#13;<\/p>\n<p align=\"justify\" class=\"text1noticias\">El  presidente del hemiciclo cameral , licenciado Julio Cesar Valent\u00edn\u00a0 hablando a nombre del bloque del PLD dijo que  el PRD luce desesperado ante el fen\u00f3meno electoral que representa la  candidatura del doctor Leonel Fern\u00e1ndez.<\/p>\n<p>&#13;<\/p>\n<p align=\"justify\" class=\"text1noticias\">Asegur\u00f3 que la participaci\u00f3n del PRD y otras organizaciones pol\u00edticas en  la convocatoria, dan a la huelga el matiz pol\u00edtico a la jornada de paralizaci\u00f3n  hecha por los grupos populares.<\/p>\n<p>&#13;<\/p>\n<p align=\"justify\" class=\"text1noticias\">Argument\u00f3 que la convocatoria a huelga es improcedente porque no hay condiciones  para ello, aunque dijo reconocer la justeza de las demandas.<\/p>\n<p>&#13;<\/p>\n<p align=\"justify\" class=\"text1noticias\">Julio Cesar Valent\u00edn sostuvo que no se puede someter a la poblaci\u00f3n a  una presi\u00f3n as\u00ed faltando tan poco tiempo para las elecciones presidenciales el  pr\u00f3ximo 16 de mayo.<\/p>\n<p>&#13;<\/p>\n<p align=\"justify\" class=\"text1noticias\">Los  diputados del PLD ofrecieron una rueda de prensa en su bloque de la c\u00e1mara baja  donde afirmaron que el PRD lo que busca es enfrentar al gobierno y a su  candidato por cualquier v\u00eda, debido a que las encuestas lo dan favorito para  ganar las elecciones en la primera vuelta.<\/p>\n<p>&#13;<\/p>\n<h6> 2008-04-08 18:13:08 <\/h6>\n<p><!--\n<link rel=\"stylesheet\" href=\"css\/bootstrap.min.css\">\n\n\n<ul class=\"pagination\">\n\t    \n\t\n\n<li >\n\t<a href='?page_no=33699'>Previous<\/a>\n\t<\/li>\n\n\n       \n    \n\n<li><a href='?page_no=1'>1<\/a><\/li>\n\n\n\n<li><a href='?page_no=2'>2<\/a><\/li>\n\n\n\n<li><a>...<\/a><\/li>\n\n\n\n<li><a href='?page_no=33698'>33698<\/a><\/li>\n\n\n\n<li><a href='?page_no=33699'>33699<\/a><\/li>\n\n\n\n<li class='active'><a>33700<\/a><\/li>\n\n\n\n<li><a href='?page_no=33701'>33701<\/a><\/li>\n\n\n\n<li><a href='?page_no=33702'>33702<\/a><\/li>\n\n\n\n<li><a>...<\/a><\/li>\n\n\n\n<li><a href='?page_no=36999'>36999<\/a><\/li>\n\n\n\n<li><a href='?page_no=37000'>37000<\/a><\/li>\n\n    \n\t\n\n<li >\n\t<a href='?page_no=33701'>Next<\/a>\n\t<\/li>\n\n\n    \n\n<li><a href='?page_no=37000'>Last &rsaquo;&rsaquo;<\/a><\/li>\n\n<\/ul>\n\n\n--><br \/>\n<\/body><\/p>\n","protected":false},"excerpt":{"rendered":"<p>Los legisladores del PLD y el Presidente de la C\u00e1mara de Diputados acusan al PRD de estar patrocinando los movimientos de protestas &#13; Por: Roberto Rodr\u00edguez &#13; Santo Domingo.- El presidente de la C\u00e1mara de Diputados y el Bloque de Legisladores del Partido de la Liberaci\u00f3n Dominicana acusaron de forma directa al Partido Revolucionario Dominicano [&hellip;]<\/p>\n","protected":false},"author":3,"featured_media":0,"comment_status":"open","ping_status":"open","sticky":false,"template":"","format":"standard","meta":{"footnotes":""},"categories":[22],"tags":[],"class_list":["post-190952","post","type-post","status-publish","format-standard","hentry","category-politica"],"_links":{"self":[{"href":"https:\/\/diariodominicano.com\/index.php?rest_route=\/wp\/v2\/posts\/190952","targetHints":{"allow":["GET"]}}],"collection":[{"href":"https:\/\/diariodominicano.com\/index.php?rest_route=\/wp\/v2\/posts"}],"about":[{"href":"https:\/\/diariodominicano.com\/index.php?rest_route=\/wp\/v2\/types\/post"}],"author":[{"embeddable":true,"href":"https:\/\/diariodominicano.com\/index.php?rest_route=\/wp\/v2\/users\/3"}],"replies":[{"embeddable":true,"href":"https:\/\/diariodominicano.com\/index.php?rest_route=%2Fwp%2Fv2%2Fcomments&post=190952"}],"version-history":[{"count":0,"href":"https:\/\/diariodominicano.com\/index.php?rest_route=\/wp\/v2\/posts\/190952\/revisions"}],"wp:attachment":[{"href":"https:\/\/diariodominicano.com\/index.php?rest_route=%2Fwp%2Fv2%2Fmedia&parent=190952"}],"wp:term":[{"taxonomy":"category","embeddable":true,"href":"https:\/\/diariodominicano.com\/index.php?rest_route=%2Fwp%2Fv2%2Fcategories&post=190952"},{"taxonomy":"post_tag","embeddable":true,"href":"https:\/\/diariodominicano.com\/index.php?rest_route=%2Fwp%2Fv2%2Ftags&post=190952"}],"curies":[{"name":"wp","href":"https:\/\/api.w.org\/{rel}","templated":true}]}}