{"id":190951,"date":"2008-04-08T19:53:20","date_gmt":"2008-04-08T19:53:20","guid":{"rendered":"http:\/\/diariodominicano.ddns.net\/?p=190951"},"modified":"2008-04-08T19:53:20","modified_gmt":"2008-04-08T19:53:20","slug":"fabre-encabeza-iniciativa-el-binomio-miguel-vargas-maldonado-jose-joaquin-puello-reciben-respaldo-de-movimientos-y-grupos-politicos","status":"publish","type":"post","link":"https:\/\/diariodominicano.com\/?p=190951","title":{"rendered":"Fabr\u00e9 encabeza iniciativa: El binomio Miguel Vargas Maldonado Jos\u00e9 Joaqu\u00edn Puello reciben respaldo de movimientos y grupos pol\u00edticos"},"content":{"rendered":"<p><body><\/p>\n<p align=\"justify\" class=\"titulogrande1\"><strong>Fabr\u00e9 encabeza iniciativa: El binomio Miguel  Vargas Maldonado Jos\u00e9 Joaqu\u00edn Puello reciben respaldo de  movimientos y grupos pol\u00edticos<\/strong><\/p>\n<p>&#13;<\/p>\n<p align=\"justify\" class=\"text1noticias\"><strong><img loading=\"lazy\" decoding=\"async\" src=\"http:\/\/localhost:8080\/img\/juramentacion prd.jpg\" width=\"375\" height=\"502\" hspace=\"4\" align=\"left\" \/>Santo Domingo.-<\/strong> Con la\u00a0 integraci\u00f3n del\u00a0 nuevo movimiento  pol\u00edtico \u201cUniendo Fuerzas para Triunfar\u201d, que este fin de semana se  integro\u00a0 como fuerza de apoyo al candidato  presidencial del Partido Revolucionario Dominicano (PRD), el ingeniero Miguel  Vargas Maldonado, afianza y consolida su posici\u00f3n para obtener la Victoria  electoral en las elecciones generales programadas para el 16 de mayo pr\u00f3ximo.<\/p>\n<p>&#13;<\/p>\n<p align=\"justify\" class=\"text1noticias\">El Nuevo movimiento, que tiene su sede en la  comunidad de San Isidro, esta conformado por disgustados ex militantes y  simpatizantes de los partidos de la Liberaci\u00f3n Dominicana (PLD), Quisqueyano Dem\u00f3crata  (PQD), Fuerza Nacional Progresista (FNP),\u00a0  Bloque Institucional Social Dem\u00f3crata  (BIS), as\u00ed como por grupos religiosos que incidencia en esa zona de Santo  Domingo Este.<\/p>\n<p>&#13;<\/p>\n<p align=\"justify\" class=\"text1noticias\"> Con esta nueva conquista, el proyecto MVP ha  sumado alrededor de 350 movimientos de apoyo. En los pr\u00f3ximos d\u00edas se  juramentaran fuerzas de apoyo en el Cibao y en el municipio de Sabana Grande de  Boya. En esta comunidad se integrara el movimiento \u201cLos Tainos\u201d, que preside el  reputado medico Leo Heredia.<\/p>\n<p>&#13;<\/p>\n<p align=\"justify\" class=\"text1noticias\"> El acto de juramentaci\u00f3n del movimiento  \u201cUniendo Fuerzas para Triunfar\u201d con Miguel Vargas Maldonado estuvo a cargo del ex  diputado del PRD, licenciado Ernesto Fabr\u00e9,\u00a0  actual Director Nacional de Finanzas del Proyecto Presidencial MVP. Fabr\u00e9  es, adem\u00e1s, miembro del Comit\u00e9 Ejecutivo Nacional del partido blanco, miembro  de la Comisi\u00f3n Pol\u00edtica y hombre de confianza del candidato perrede\u00edsta.<\/p>\n<p>&#13;<\/p>\n<p align=\"justify\" class=\"text1noticias\">Los integrantes del Nuevo grupo de apoyo a la  candidatura de Miguel Vargas Maldonado residen en los barrios \u201cLos Haitises\u201d,  \u201cEstancia Nueva\u201d, \u201cCristo Salvador\u201d, \u201cBorojol\u201d, \u201cLos Potreros\u201d, \u201cEl Bonito\u201d y  \u201cVilla Liberaci\u00f3n\u201d. Todos testimoniaron que decidieron apoyar el proyecto  presidencial MVP porque estaban asqueados de la corrupci\u00f3n administrativa en el  gobierno que encabeza Leonel Fern\u00e1ndez, por el derroche despampanante de  recursos del estado a favor de la militancia del partido morado y por las sistem\u00e1ticas  violaciones a la Constituci\u00f3n de la Republica por parte del candidato  reeleccionista y jefe de Estado.<\/p>\n<p>&#13;<\/p>\n<p align=\"justify\" class=\"text1noticias\">Parte de la directiva del movimiento \u201cUniendo  Fuerzas para Triunfar\u201d con Miguel Vargas Maldonado la integran la joven  empresaria Juana Bautista Rosa, Beranardo Tapia, Felicia P\u00e9rez, la arquitecta  Nery Guerrero y el reverendo Andr\u00e9s Guerrero, entre otros. <\/p>\n<p>&#13;<\/p>\n<p align=\"justify\" class=\"text1noticias\">En el transcurso del acto de juramentaci\u00f3n, que  estuvo\u00a0 a cargo del pastor Gerardo Castillo,  el religioso acuno la frase b\u00edblica que reza: \u201cCuando el hombre Perverso  gobierna, el pueblo lo que hace es gemir, sufrir\u2026\u201d.<\/p>\n<p>&#13;<\/p>\n<p align=\"justify\" class=\"text1noticias\">Mientras, en su discurso, el dirigente perrede\u00edsta  Ernesto Fabr\u00e9 le dio la bienvenida al nuevo movimiento de apoyo al proyecto MVP  y garantizo que a partir del 16 de agosto de este ano Vargas Maldonado, a quien  defini\u00f3 como un gran gerente, empresario honesto y trabajador incansable\u00a0 \u201char\u00e1 un gobierno ejemplar en beneficio de  todos los dominicanos\u201d.<\/p>\n<p>&#13;<\/p>\n<p align=\"justify\" class=\"text1noticias\">Fabr\u00e9 critic\u00f3 el insaciable y enfermizo apetito  de poder de Leonel Fern\u00e1ndez, el\u00a0  despilfarro\u00a0 de los recursos del  Estado por parte del candidato reeleccionista del PLD, las denominadas  \u201cnomillas CB\u201d , la malsana practica pol\u00edtica de comprar dirigentes de la oposici\u00f3n  y las violaciones flagrantes a la Constituci\u00f3n de la Republica. Cit\u00f3 el caso de  la desaparici\u00f3n inexplicable y misteriosa de 130 millones de d\u00f3lares del pr\u00e9stamo\u00a0 con la Sund Land, autorizado por Fern\u00e1ndez  Reyna y ejecutado por F\u00e9lix Bautista.<\/p>\n<p>&#13;<\/p>\n<p align=\"justify\" class=\"text1noticias\">Advirti\u00f3 que si el pueblo dominicano no le  cierra el paso a las pretensiones reeleccionistas del candidato pelede\u00edsta, la  sociedad dominicana pagar\u00e1 \u201ccon las lagrimas de sangre\u201d el error, porque Fern\u00e1ndez  Reyna pretende conducir a esta naci\u00f3n a una dictadura similar o peor que la de  Rafael L. Trujillo.<\/p>\n<p>&#13;<\/p>\n<h6> 2008-04-08 19:53:20 <\/h6>\n<p><!--\n<link rel=\"stylesheet\" href=\"css\/bootstrap.min.css\">\n\n\n<ul class=\"pagination\">\n\t    \n\t\n\n<li >\n\t<a href='?page_no=33698'>Previous<\/a>\n\t<\/li>\n\n\n       \n    \n\n<li><a href='?page_no=1'>1<\/a><\/li>\n\n\n\n<li><a href='?page_no=2'>2<\/a><\/li>\n\n\n\n<li><a>...<\/a><\/li>\n\n\n\n<li><a href='?page_no=33697'>33697<\/a><\/li>\n\n\n\n<li><a href='?page_no=33698'>33698<\/a><\/li>\n\n\n\n<li class='active'><a>33699<\/a><\/li>\n\n\n\n<li><a href='?page_no=33700'>33700<\/a><\/li>\n\n\n\n<li><a href='?page_no=33701'>33701<\/a><\/li>\n\n\n\n<li><a>...<\/a><\/li>\n\n\n\n<li><a href='?page_no=36999'>36999<\/a><\/li>\n\n\n\n<li><a href='?page_no=37000'>37000<\/a><\/li>\n\n    \n\t\n\n<li >\n\t<a href='?page_no=33700'>Next<\/a>\n\t<\/li>\n\n\n    \n\n<li><a href='?page_no=37000'>Last &rsaquo;&rsaquo;<\/a><\/li>\n\n<\/ul>\n\n\n--><br \/>\n<\/body><\/p>\n","protected":false},"excerpt":{"rendered":"<p>Fabr\u00e9 encabeza iniciativa: El binomio Miguel Vargas Maldonado Jos\u00e9 Joaqu\u00edn Puello reciben respaldo de movimientos y grupos pol\u00edticos &#13; Santo Domingo.- Con la\u00a0 integraci\u00f3n del\u00a0 nuevo movimiento pol\u00edtico \u201cUniendo Fuerzas para Triunfar\u201d, que este fin de semana se integro\u00a0 como fuerza de apoyo al candidato presidencial del Partido Revolucionario Dominicano (PRD), el ingeniero Miguel Vargas [&hellip;]<\/p>\n","protected":false},"author":3,"featured_media":0,"comment_status":"open","ping_status":"open","sticky":false,"template":"","format":"standard","meta":{"footnotes":""},"categories":[22],"tags":[],"class_list":["post-190951","post","type-post","status-publish","format-standard","hentry","category-politica"],"_links":{"self":[{"href":"https:\/\/diariodominicano.com\/index.php?rest_route=\/wp\/v2\/posts\/190951","targetHints":{"allow":["GET"]}}],"collection":[{"href":"https:\/\/diariodominicano.com\/index.php?rest_route=\/wp\/v2\/posts"}],"about":[{"href":"https:\/\/diariodominicano.com\/index.php?rest_route=\/wp\/v2\/types\/post"}],"author":[{"embeddable":true,"href":"https:\/\/diariodominicano.com\/index.php?rest_route=\/wp\/v2\/users\/3"}],"replies":[{"embeddable":true,"href":"https:\/\/diariodominicano.com\/index.php?rest_route=%2Fwp%2Fv2%2Fcomments&post=190951"}],"version-history":[{"count":0,"href":"https:\/\/diariodominicano.com\/index.php?rest_route=\/wp\/v2\/posts\/190951\/revisions"}],"wp:attachment":[{"href":"https:\/\/diariodominicano.com\/index.php?rest_route=%2Fwp%2Fv2%2Fmedia&parent=190951"}],"wp:term":[{"taxonomy":"category","embeddable":true,"href":"https:\/\/diariodominicano.com\/index.php?rest_route=%2Fwp%2Fv2%2Fcategories&post=190951"},{"taxonomy":"post_tag","embeddable":true,"href":"https:\/\/diariodominicano.com\/index.php?rest_route=%2Fwp%2Fv2%2Ftags&post=190951"}],"curies":[{"name":"wp","href":"https:\/\/api.w.org\/{rel}","templated":true}]}}