{"id":190943,"date":"2008-04-09T16:00:39","date_gmt":"2008-04-09T16:00:39","guid":{"rendered":"http:\/\/diariodominicano.ddns.net\/?p=190943"},"modified":"2008-04-09T16:00:39","modified_gmt":"2008-04-09T16:00:39","slug":"el-pap-condena-la-decision-de-la-jce-de-descargar-de-toda-culpabilidad-al-gobierno-de-la-acusacion-del-uso-y-abuso-de-los-recursos-a-favor-de-la-reeleccion","status":"publish","type":"post","link":"https:\/\/diariodominicano.com\/?p=190943","title":{"rendered":"El PAP condena la decisi\u00f3n de la JCE de descargar de toda culpabilidad al Gobierno de la acusaci\u00f3n del uso y abuso de los recursos a favor de la reelecci\u00f3n"},"content":{"rendered":"<p><body><\/p>\n<p align=\"justify\" class=\"titulogrande1\"><strong>El PAP condena la decisi\u00f3n de la JCE de descargar de toda  culpabilidad al Gobierno de la acusaci\u00f3n del uso y abuso de los recursos a  favor de la reelecci\u00f3n<\/strong><\/p>\n<p>&#13;<\/p>\n<p align=\"justify\" class=\"text1noticias\">Candelier  dice que con esta decisi\u00f3n la   Junta Central Electoral env\u00eda\u00a0  la se\u00f1al de que est\u00e1 dividida internamente de\u00a0 manera expresa y las decisiones de los jueces  se inclinan a favor del Gobierno <\/p>\n<p>&#13;<\/p>\n<p align=\"justify\" class=\"text1noticias\"><strong><img loading=\"lazy\" decoding=\"async\" src=\"http:\/\/localhost:8080\/img\/candelier.jpg\" width=\"375\" height=\"185\" hspace=\"4\" align=\"left\" \/>SANTO  DOMINGO.-<\/strong> El candidato presidencial del Partido Alianza Popular (PAP), Pedro de  Jes\u00fas Candelier, rechaz\u00f3 este mi\u00e9rcoles la decisi\u00f3n de la Junta Central  Electoral (JCE), de descargar de toda culpabilidad al Gobierno de la acusaci\u00f3n  del uso y abuso de los recursos del Estado a favor de la reelecci\u00f3n.<br \/>&#13;<br \/>\n  \u00a0<br \/>&#13;<br \/>\n\u201cCon  esta decisi\u00f3n la Junta   Central Electoral env\u00eda\u00a0  la se\u00f1al de que est\u00e1 dividida internamente de\u00a0 manera expresa, lo que se traduce en una  fragmentaci\u00f3n interna cuya mayor\u00eda de los jueces est\u00e1n inclinados a favorecer  con sus decisiones\u00a0 al gobierno\u201d, se\u00f1al\u00f3  Candelier. <br \/>&#13;<br \/>\n  \u00a0<br \/>&#13;<br \/>\n  En  un despacho de prensa el pol\u00edtico resalt\u00f3 que la JCE, declar\u00f3 que no eran suficientes las pruebas  presentadas ante ese organismo electoral por los partidos de la oposici\u00f3n para  sancionar al gobierno dominicano, en las acusaciones de los usos de los  recursos del Estado.<\/p>\n<p>&#13;<\/p>\n<p align=\"justify\" class=\"text1noticias\">\u201cCon\u00a0 esta decisi\u00f3n\u00a0  la JCE  desconoce la voluntad no solo de los partidos de la oposici\u00f3n, sino la  percepci\u00f3n y la voluntad de todo el pueblo dominicano, que\u00a0 mayoritariamente cree que el gobierno abusa y  utiliza los recursos del Estado, para favorecer su candidatura reeleccionista\u201d,  apunt\u00f3 Candelier. <br \/>&#13;<br \/>\n  \u00a0<br \/>&#13;<br \/>\n  Manifest\u00f3  su preocupaci\u00f3n por la decisi\u00f3n de la   JCE en medio de una convocatoria a huelga general, \u201ccuando se  ciernen sobre el pa\u00eds los nubarrones de una amenazante inflaci\u00f3n, que implica  una carest\u00eda de la vida de los dominicanos, la\u00a0 JCE se  despacha con dos desafortunadas resoluciones\u201d, indic\u00f3 el ex general.<br \/>&#13;<br \/>\n  \u00a0<br \/>&#13;<br \/>\n\u201cApenas  a unas cuantas semanas para que en el pa\u00eds se celebren unas elecciones  presidenciales asoman coincidentes factores que enrarecen el proceso electoral,  las grandes diferencias porcentuales que aparecen en los resultados de las  encuestas que cada d\u00eda se publican en los medios para favorecer la candidatura  reeleccionista, las luchas de los sectores populares por sus reivindicaciones,  el cierre de programas radiales y televisivos a opositores, y ahora sumado las decisiones  de la JCE ,  configuran un cuadro muy preocupante en toda la sociedad dominicana\u201d, expres\u00f3  Candelier. <br \/>&#13;<br \/>\n  \u00a0<br \/>&#13;<br \/>\n\u201cCada  vez mas se aleja el clima necesario para la celebraci\u00f3n de unas elecciones  limpias, transparentes y confiables\u201d, se quej\u00f3 el candidato del PAP.<\/p>\n<p>&#13;<\/p>\n<h6> 2008-04-09 16:00:39 <\/h6>\n<p><!--\n<link rel=\"stylesheet\" href=\"css\/bootstrap.min.css\">\n\n\n<ul class=\"pagination\">\n\t    \n\t\n\n<li >\n\t<a href='?page_no=33690'>Previous<\/a>\n\t<\/li>\n\n\n       \n    \n\n<li><a href='?page_no=1'>1<\/a><\/li>\n\n\n\n<li><a href='?page_no=2'>2<\/a><\/li>\n\n\n\n<li><a>...<\/a><\/li>\n\n\n\n<li><a href='?page_no=33689'>33689<\/a><\/li>\n\n\n\n<li><a href='?page_no=33690'>33690<\/a><\/li>\n\n\n\n<li class='active'><a>33691<\/a><\/li>\n\n\n\n<li><a href='?page_no=33692'>33692<\/a><\/li>\n\n\n\n<li><a href='?page_no=33693'>33693<\/a><\/li>\n\n\n\n<li><a>...<\/a><\/li>\n\n\n\n<li><a href='?page_no=36999'>36999<\/a><\/li>\n\n\n\n<li><a href='?page_no=37000'>37000<\/a><\/li>\n\n    \n\t\n\n<li >\n\t<a href='?page_no=33692'>Next<\/a>\n\t<\/li>\n\n\n    \n\n<li><a href='?page_no=37000'>Last &rsaquo;&rsaquo;<\/a><\/li>\n\n<\/ul>\n\n\n--><br \/>\n<\/body><\/p>\n","protected":false},"excerpt":{"rendered":"<p>El PAP condena la decisi\u00f3n de la JCE de descargar de toda culpabilidad al Gobierno de la acusaci\u00f3n del uso y abuso de los recursos a favor de la reelecci\u00f3n &#13; Candelier dice que con esta decisi\u00f3n la Junta Central Electoral env\u00eda\u00a0 la se\u00f1al de que est\u00e1 dividida internamente de\u00a0 manera expresa y las decisiones [&hellip;]<\/p>\n","protected":false},"author":3,"featured_media":0,"comment_status":"open","ping_status":"open","sticky":false,"template":"","format":"standard","meta":{"footnotes":""},"categories":[22],"tags":[],"class_list":["post-190943","post","type-post","status-publish","format-standard","hentry","category-politica"],"_links":{"self":[{"href":"https:\/\/diariodominicano.com\/index.php?rest_route=\/wp\/v2\/posts\/190943","targetHints":{"allow":["GET"]}}],"collection":[{"href":"https:\/\/diariodominicano.com\/index.php?rest_route=\/wp\/v2\/posts"}],"about":[{"href":"https:\/\/diariodominicano.com\/index.php?rest_route=\/wp\/v2\/types\/post"}],"author":[{"embeddable":true,"href":"https:\/\/diariodominicano.com\/index.php?rest_route=\/wp\/v2\/users\/3"}],"replies":[{"embeddable":true,"href":"https:\/\/diariodominicano.com\/index.php?rest_route=%2Fwp%2Fv2%2Fcomments&post=190943"}],"version-history":[{"count":0,"href":"https:\/\/diariodominicano.com\/index.php?rest_route=\/wp\/v2\/posts\/190943\/revisions"}],"wp:attachment":[{"href":"https:\/\/diariodominicano.com\/index.php?rest_route=%2Fwp%2Fv2%2Fmedia&parent=190943"}],"wp:term":[{"taxonomy":"category","embeddable":true,"href":"https:\/\/diariodominicano.com\/index.php?rest_route=%2Fwp%2Fv2%2Fcategories&post=190943"},{"taxonomy":"post_tag","embeddable":true,"href":"https:\/\/diariodominicano.com\/index.php?rest_route=%2Fwp%2Fv2%2Ftags&post=190943"}],"curies":[{"name":"wp","href":"https:\/\/api.w.org\/{rel}","templated":true}]}}