{"id":190942,"date":"2008-04-09T17:06:11","date_gmt":"2008-04-09T17:06:11","guid":{"rendered":"http:\/\/diariodominicano.ddns.net\/?p=190942"},"modified":"2008-04-09T17:06:11","modified_gmt":"2008-04-09T17:06:11","slug":"dgdc-limpia-la-canada-de-la-barquita","status":"publish","type":"post","link":"https:\/\/diariodominicano.com\/?p=190942","title":{"rendered":"DGDC limpia la ca\u00f1ada de la Barquita"},"content":{"rendered":"<p><body><\/p>\n<p align=\"justify\"><span class=\"titulogrande1\"><strong>DGDC limpia la ca\u00f1ada de la Barquita <\/strong> <\/span><br \/>&#13;<br \/>\n  \u00a0\u00a0\u00a0\u00a0\u00a0\u00a0\u00a0\u00a0 <br \/>&#13;<br \/>\n  <span class=\"text1noticias\"><strong><img loading=\"lazy\" decoding=\"async\" src=\"http:\/\/localhost:8080\/img\/dgdc.jpg\" width=\"375\" height=\"573\" hspace=\"4\" align=\"left\" \/>SANTO DOMINGO ESTE.- <\/strong>Brigadas de la Direcci\u00f3n General  de Desarrollo de la   Comunidad (DGDC) iniciaron los trabajos de limpieza y  saneamiento de\u00a0 la ca\u00f1ada de Carlita, en  el Barrio\u00a0 La Barquita, en Los Mina,  convertida desde hace varios a\u00f1os en un foco de contaminaci\u00f3n y\u00a0 enfermedades para los habitantes de las  riberas del R\u00edo Ozama, inform\u00f3 este mi\u00e9rcoles el director general de la  instituci\u00f3n, Lu\u00eds Acosta Moreta. <\/span><\/p>\n<p>&#13;<\/p>\n<p align=\"justify\" class=\"text1noticias\">\u201cMoreta supervis\u00f3 el inicio de los trabaos, y sostuvo que el brazo  comunitario del Gobierno llega a todos los lados, en especial a las comunidades  que lo necesiten, como es este populoso sector donde la ca\u00f1ada afecta a sus  residentes\u201d, detall\u00f3 un despacho de prensa de DGDC. <\/p>\n<p>&#13;<\/p>\n<p align=\"justify\" class=\"text1noticias\"> El documento indic\u00f3 que las brigadas de la DGDC se presentaron a la Barquita con carretillas,  palas, picos, rastrillos, botas y guantes, y prometieron\u00a0 que en pocos d\u00edas la ca\u00f1ada quedar\u00e1 saneada y  posteriormente ser\u00e1 tapada para que no tiren basura y evitar la contaminaci\u00f3n  del r\u00edo Ozama.<\/p>\n<p>&#13;<\/p>\n<p align=\"justify\" class=\"text1noticias\">Moreta manifest\u00f3 que as\u00ed como los rayos del sol llegan a todas los  dominicanos, as\u00ed deben los residentes de la Barquita sentir el progreso al tener salud y  bienestar, teniendo limpia esta ca\u00f1ada. <\/p>\n<p>&#13;<\/p>\n<p align=\"justify\" class=\"text1noticias\">Puntualiz\u00f3 que los residentes del populoso sector expresaron su  alegr\u00eda al recibir la noticia, y los hombres\u00a0  se integraron a los trabajos de limpieza, mientras las mujeres  preparaban los alimentos que se les sirvieron a los colaboradores. <\/p>\n<p>&#13;<\/p>\n<h6> 2008-04-09 17:06:11 <\/h6>\n<p><!--\n<link rel=\"stylesheet\" href=\"css\/bootstrap.min.css\">\n\n\n<ul class=\"pagination\">\n\t    \n\t\n\n<li >\n\t<a href='?page_no=33689'>Previous<\/a>\n\t<\/li>\n\n\n       \n    \n\n<li><a href='?page_no=1'>1<\/a><\/li>\n\n\n\n<li><a href='?page_no=2'>2<\/a><\/li>\n\n\n\n<li><a>...<\/a><\/li>\n\n\n\n<li><a href='?page_no=33688'>33688<\/a><\/li>\n\n\n\n<li><a href='?page_no=33689'>33689<\/a><\/li>\n\n\n\n<li class='active'><a>33690<\/a><\/li>\n\n\n\n<li><a href='?page_no=33691'>33691<\/a><\/li>\n\n\n\n<li><a href='?page_no=33692'>33692<\/a><\/li>\n\n\n\n<li><a>...<\/a><\/li>\n\n\n\n<li><a href='?page_no=36999'>36999<\/a><\/li>\n\n\n\n<li><a href='?page_no=37000'>37000<\/a><\/li>\n\n    \n\t\n\n<li >\n\t<a href='?page_no=33691'>Next<\/a>\n\t<\/li>\n\n\n    \n\n<li><a href='?page_no=37000'>Last &rsaquo;&rsaquo;<\/a><\/li>\n\n<\/ul>\n\n\n--><br \/>\n<\/body><\/p>\n","protected":false},"excerpt":{"rendered":"<p>DGDC limpia la ca\u00f1ada de la Barquita &#13; \u00a0\u00a0\u00a0\u00a0\u00a0\u00a0\u00a0\u00a0 &#13; SANTO DOMINGO ESTE.- Brigadas de la Direcci\u00f3n General de Desarrollo de la Comunidad (DGDC) iniciaron los trabajos de limpieza y saneamiento de\u00a0 la ca\u00f1ada de Carlita, en el Barrio\u00a0 La Barquita, en Los Mina, convertida desde hace varios a\u00f1os en un foco de contaminaci\u00f3n y\u00a0 [&hellip;]<\/p>\n","protected":false},"author":3,"featured_media":0,"comment_status":"open","ping_status":"open","sticky":false,"template":"","format":"standard","meta":{"footnotes":""},"categories":[22],"tags":[],"class_list":["post-190942","post","type-post","status-publish","format-standard","hentry","category-politica"],"_links":{"self":[{"href":"https:\/\/diariodominicano.com\/index.php?rest_route=\/wp\/v2\/posts\/190942","targetHints":{"allow":["GET"]}}],"collection":[{"href":"https:\/\/diariodominicano.com\/index.php?rest_route=\/wp\/v2\/posts"}],"about":[{"href":"https:\/\/diariodominicano.com\/index.php?rest_route=\/wp\/v2\/types\/post"}],"author":[{"embeddable":true,"href":"https:\/\/diariodominicano.com\/index.php?rest_route=\/wp\/v2\/users\/3"}],"replies":[{"embeddable":true,"href":"https:\/\/diariodominicano.com\/index.php?rest_route=%2Fwp%2Fv2%2Fcomments&post=190942"}],"version-history":[{"count":0,"href":"https:\/\/diariodominicano.com\/index.php?rest_route=\/wp\/v2\/posts\/190942\/revisions"}],"wp:attachment":[{"href":"https:\/\/diariodominicano.com\/index.php?rest_route=%2Fwp%2Fv2%2Fmedia&parent=190942"}],"wp:term":[{"taxonomy":"category","embeddable":true,"href":"https:\/\/diariodominicano.com\/index.php?rest_route=%2Fwp%2Fv2%2Fcategories&post=190942"},{"taxonomy":"post_tag","embeddable":true,"href":"https:\/\/diariodominicano.com\/index.php?rest_route=%2Fwp%2Fv2%2Ftags&post=190942"}],"curies":[{"name":"wp","href":"https:\/\/api.w.org\/{rel}","templated":true}]}}