{"id":190941,"date":"2008-04-09T17:09:57","date_gmt":"2008-04-09T17:09:57","guid":{"rendered":"http:\/\/diariodominicano.ddns.net\/?p=190941"},"modified":"2008-04-09T17:09:57","modified_gmt":"2008-04-09T17:09:57","slug":"reformistas-se-destacan-en-gira-por-eu-leonel-fernandez-y-hector-rodriguez-pimentel-en-nueva-york","status":"publish","type":"post","link":"https:\/\/diariodominicano.com\/?p=190941","title":{"rendered":"Reformistas se destacan en gira por EU Leonel Fern\u00e1ndez y H\u00e9ctor Rodr\u00edguez Pimentel en Nueva York"},"content":{"rendered":"<p><body><\/p>\n<p align=\"justify\"><span class=\"titulogrande1\">Reformistas  se destacan en gira por EU Leonel Fern\u00e1ndez y H\u00e9ctor Rodr\u00edguez Pimentel en  Nueva York <\/span><br \/>&#13;<br \/>\n  \u00a0<br \/>&#13;<br \/>\n  <span class=\"text1noticias\"><strong><img loading=\"lazy\" decoding=\"async\" src=\"http:\/\/localhost:8080\/img\/rodriguez pimentel1.jpg\" width=\"375\" height=\"261\" hspace=\"4\" align=\"left\" \/>SANTO  DOMINGO.- <\/strong>La importancia lograda por los grupos reformistas en el proyecto  reeleccionista del Presidente Leonel Fern\u00e1ndez se puso de manifiesto nuevamente  durante la reciente gira del mandatario por la costa Este de Estados Unidos, en  la que tuvieron tanta y hasta m\u00e1s presencia que las masas puramente  pelede\u00edstas.<br \/>&#13;<br \/>\n  \u00a0<br \/>&#13;<br \/>\n  El  accionar reformista comenz\u00f3 en Miami, donde Fern\u00e1ndez encabez\u00f3 la juramentaci\u00f3n de cientos de reformistas y  perrede\u00edstas que pasaron a respaldarle en un acto en el que se inaugur\u00f3 el  local del Movimiento Leonel en Primera Vuelta, que act\u00faa cual si fuera un  partido pol\u00edtico de vieja data y coordina el m\u00e1s activo de los seguidores balagueristas  que apoyan el proyecto: H\u00e9ctor Rodr\u00edguez Pimentel.<br \/>&#13;<br \/>\n  \u00a0<br \/>&#13;<br \/>\n  \u201cLas obras que realiza el doctor Leonel  Fern\u00e1ndez, un presidente constructor como lo fue doctor Joaqu\u00edn Balaguer, no  deben ser interrumpidas y, por ello, debemos trabajar sin descanso para que contin\u00fae  dirigiendo los destinos del pa\u00eds, expres\u00f3 Rodr\u00edguez Pimentel, cuyas actividades  casi diarias en todo el territorio dominicano se han hecho notorias. <br \/>&#13;<br \/>\n  \u00a0<br \/>&#13;<br \/>\n  En  el acto habl\u00f3 tambi\u00e9n Carlos Morales Troncoso, del Consejo Presidencial  Reformista, a quien muchos aprecian relegado a un segundo plano en el acalorado  actual proceso electoral. Como para reclamar y relievar su cuota de  participaci\u00f3n en las actividades del Movimiento Leonel en Primera Vuelta,  Morales Troncoso destac\u00f3 que fue en abril del 2007, en el Club San Carlos,  cuando junto a Rodr\u00edguez Pimentel y  otras destacadas figuras del reformismo, se decidi\u00f3 la fundaci\u00f3n de ese n\u00facleo  pol\u00edtico. <br \/>&#13;<br \/>\n  \u00a0<br \/>&#13;<br \/>\n\u201cDe  manera que quienes andamos en esta gira pol\u00edtica con el presidente Leonel  Fern\u00e1ndez, estamos en cierta forma celebrando el primer aniversario de la  fundaci\u00f3n del Movimiento\u201d, destac\u00f3 Morales Troncoso. <br \/>&#13;<br \/>\n  \u00a0<br \/>&#13;<br \/>\nLuego,  Fern\u00e1ndez procedi\u00f3 a juramentar a cientos de reformistas que pasaron a  respaldar su candidatura y a pronunciar un discurso en el que destac\u00f3 las obras  que realiza su gobierno. <\/span><\/p>\n<p>&#13;<\/p>\n<h6> 2008-04-09 17:09:57 <\/h6>\n<p><!--\n<link rel=\"stylesheet\" href=\"css\/bootstrap.min.css\">\n\n\n<ul class=\"pagination\">\n\t    \n\t\n\n<li >\n\t<a href='?page_no=33688'>Previous<\/a>\n\t<\/li>\n\n\n       \n    \n\n<li><a href='?page_no=1'>1<\/a><\/li>\n\n\n\n<li><a href='?page_no=2'>2<\/a><\/li>\n\n\n\n<li><a>...<\/a><\/li>\n\n\n\n<li><a href='?page_no=33687'>33687<\/a><\/li>\n\n\n\n<li><a href='?page_no=33688'>33688<\/a><\/li>\n\n\n\n<li class='active'><a>33689<\/a><\/li>\n\n\n\n<li><a href='?page_no=33690'>33690<\/a><\/li>\n\n\n\n<li><a href='?page_no=33691'>33691<\/a><\/li>\n\n\n\n<li><a>...<\/a><\/li>\n\n\n\n<li><a href='?page_no=36999'>36999<\/a><\/li>\n\n\n\n<li><a href='?page_no=37000'>37000<\/a><\/li>\n\n    \n\t\n\n<li >\n\t<a href='?page_no=33690'>Next<\/a>\n\t<\/li>\n\n\n    \n\n<li><a href='?page_no=37000'>Last &rsaquo;&rsaquo;<\/a><\/li>\n\n<\/ul>\n\n\n--><br \/>\n<\/body><\/p>\n","protected":false},"excerpt":{"rendered":"<p>Reformistas se destacan en gira por EU Leonel Fern\u00e1ndez y H\u00e9ctor Rodr\u00edguez Pimentel en Nueva York &#13; \u00a0&#13; SANTO DOMINGO.- La importancia lograda por los grupos reformistas en el proyecto reeleccionista del Presidente Leonel Fern\u00e1ndez se puso de manifiesto nuevamente durante la reciente gira del mandatario por la costa Este de Estados Unidos, en la [&hellip;]<\/p>\n","protected":false},"author":3,"featured_media":0,"comment_status":"open","ping_status":"open","sticky":false,"template":"","format":"standard","meta":{"footnotes":""},"categories":[22],"tags":[],"class_list":["post-190941","post","type-post","status-publish","format-standard","hentry","category-politica"],"_links":{"self":[{"href":"https:\/\/diariodominicano.com\/index.php?rest_route=\/wp\/v2\/posts\/190941","targetHints":{"allow":["GET"]}}],"collection":[{"href":"https:\/\/diariodominicano.com\/index.php?rest_route=\/wp\/v2\/posts"}],"about":[{"href":"https:\/\/diariodominicano.com\/index.php?rest_route=\/wp\/v2\/types\/post"}],"author":[{"embeddable":true,"href":"https:\/\/diariodominicano.com\/index.php?rest_route=\/wp\/v2\/users\/3"}],"replies":[{"embeddable":true,"href":"https:\/\/diariodominicano.com\/index.php?rest_route=%2Fwp%2Fv2%2Fcomments&post=190941"}],"version-history":[{"count":0,"href":"https:\/\/diariodominicano.com\/index.php?rest_route=\/wp\/v2\/posts\/190941\/revisions"}],"wp:attachment":[{"href":"https:\/\/diariodominicano.com\/index.php?rest_route=%2Fwp%2Fv2%2Fmedia&parent=190941"}],"wp:term":[{"taxonomy":"category","embeddable":true,"href":"https:\/\/diariodominicano.com\/index.php?rest_route=%2Fwp%2Fv2%2Fcategories&post=190941"},{"taxonomy":"post_tag","embeddable":true,"href":"https:\/\/diariodominicano.com\/index.php?rest_route=%2Fwp%2Fv2%2Ftags&post=190941"}],"curies":[{"name":"wp","href":"https:\/\/api.w.org\/{rel}","templated":true}]}}