{"id":190936,"date":"2008-04-09T21:48:06","date_gmt":"2008-04-09T21:48:06","guid":{"rendered":"http:\/\/diariodominicano.ddns.net\/?p=190936"},"modified":"2008-04-09T21:48:06","modified_gmt":"2008-04-09T21:48:06","slug":"candelier-dice-paro-marca-descenso-popularidad-de-leonel","status":"publish","type":"post","link":"https:\/\/diariodominicano.com\/?p=190936","title":{"rendered":"Candelier dice paro, marca descenso popularidad de Leonel"},"content":{"rendered":"<p><body><\/p>\n<p class=\"titulogrande1\">Candelier dice paro, marca descenso popularidad de Leonel<\/p>\n<p>&#13;<\/p>\n<p align=\"justify\" class=\"text1noticias\"><strong>Santo Domingo.-<\/strong> El  candidato Pedro de Js. Candelier expres\u00f3 h que el paro realizado con la  convocatoria del Foro Social Alternativo constituye otro hito en el descenso de  la popularidad del presidente Leonel Fern\u00e1ndez y su candidatura, estimulado  ahora por la explosi\u00f3n de la burbuja econ\u00f3mica creada por las autoridades  monetarias para hacer creer que la econom\u00eda dominicana est\u00e1 estable.<\/p>\n<p>&#13;<\/p>\n<p align=\"justify\" class=\"text1noticias\">Afirma que la  paralizaci\u00f3n fue efectiva porque la inmensa mayor\u00eda del transporte p\u00fablico no  trabaj\u00f3, la mayor\u00eda de los negocios no abrieron sus puertas y las guaguas de la ONSA circulaban vac\u00edas porque  no hab\u00eda trabajadores ni estudiantes que trasladar.<\/p>\n<p>&#13;<\/p>\n<p align=\"justify\" class=\"text1noticias\">\u201cFue un repudi\u00f3  de mucha gente que antes se manten\u00eda indiferente o simpatizaba por Leonel  Fern\u00e1ndez pero que ahora est\u00e1n abiertamente inconformes por las alzas de  precios de la mayor\u00eda de los productos de primera necesidad y por la  constataci\u00f3n de que las alzas de los combustibles se deben mayormente a los  abusivos impuestos que les agrega el Gobierno\u201d, a\u00f1adi\u00f3.<\/p>\n<p>&#13;<\/p>\n<p align=\"justify\" class=\"text1noticias\">\u201cLa burbuja del  ayante econ\u00f3mico estall\u00f3\u201d, sentenci\u00f3 Candelier para llamar a todos los que se  oponen\u00a0 a la reelecci\u00f3n a profundizar sus  trabajos para \u201cdesalojar del poder al PLD que se ha convertido en un partido  z\u00e1ngano de la naci\u00f3n\u201d.<\/p>\n<p>&#13;<\/p>\n<p align=\"justify\" class=\"text1noticias\">Inform\u00f3 que este  jueves a las 4:00 se producir\u00e1 otra reuni\u00f3n de los candidatos opositores, esta  vez con la presencia de representantes de organizaciones populares, entidades  de la sociedad civil, defensores de los derechos humanos y organizaciones  pol\u00edticas que no hab\u00edan participado hasta el momento en esas cumbres.<\/p>\n<p>&#13;<\/p>\n<p align=\"justify\" class=\"text1noticias\">El candidato  presidencial del partido Alianza Popular afirm\u00f3 que las fuerzas pol\u00edticas  populares pueden impedir la consumaci\u00f3n de una nueva tragedia reeleccionista,  d\u00e1ndole participaci\u00f3n a todos los sectores que se le oponen por diversas  razones, y los llam\u00f3 a acudir la tarde este jueves al hotel Clarion para  organizar nuevas victorias.<\/p>\n<p>&#13;<\/p>\n<h6> 2008-04-09 21:48:06 <\/h6>\n<p><!--\n<link rel=\"stylesheet\" href=\"css\/bootstrap.min.css\">\n\n\n<ul class=\"pagination\">\n\t    \n\t\n\n<li >\n\t<a href='?page_no=33683'>Previous<\/a>\n\t<\/li>\n\n\n       \n    \n\n<li><a href='?page_no=1'>1<\/a><\/li>\n\n\n\n<li><a href='?page_no=2'>2<\/a><\/li>\n\n\n\n<li><a>...<\/a><\/li>\n\n\n\n<li><a href='?page_no=33682'>33682<\/a><\/li>\n\n\n\n<li><a href='?page_no=33683'>33683<\/a><\/li>\n\n\n\n<li class='active'><a>33684<\/a><\/li>\n\n\n\n<li><a href='?page_no=33685'>33685<\/a><\/li>\n\n\n\n<li><a href='?page_no=33686'>33686<\/a><\/li>\n\n\n\n<li><a>...<\/a><\/li>\n\n\n\n<li><a href='?page_no=36999'>36999<\/a><\/li>\n\n\n\n<li><a href='?page_no=37000'>37000<\/a><\/li>\n\n    \n\t\n\n<li >\n\t<a href='?page_no=33685'>Next<\/a>\n\t<\/li>\n\n\n    \n\n<li><a href='?page_no=37000'>Last &rsaquo;&rsaquo;<\/a><\/li>\n\n<\/ul>\n\n\n--><br \/>\n<\/body><\/p>\n","protected":false},"excerpt":{"rendered":"<p>Candelier dice paro, marca descenso popularidad de Leonel &#13; Santo Domingo.- El candidato Pedro de Js. Candelier expres\u00f3 h que el paro realizado con la convocatoria del Foro Social Alternativo constituye otro hito en el descenso de la popularidad del presidente Leonel Fern\u00e1ndez y su candidatura, estimulado ahora por la explosi\u00f3n de la burbuja econ\u00f3mica [&hellip;]<\/p>\n","protected":false},"author":3,"featured_media":0,"comment_status":"open","ping_status":"open","sticky":false,"template":"","format":"standard","meta":{"footnotes":""},"categories":[22],"tags":[],"class_list":["post-190936","post","type-post","status-publish","format-standard","hentry","category-politica"],"_links":{"self":[{"href":"https:\/\/diariodominicano.com\/index.php?rest_route=\/wp\/v2\/posts\/190936","targetHints":{"allow":["GET"]}}],"collection":[{"href":"https:\/\/diariodominicano.com\/index.php?rest_route=\/wp\/v2\/posts"}],"about":[{"href":"https:\/\/diariodominicano.com\/index.php?rest_route=\/wp\/v2\/types\/post"}],"author":[{"embeddable":true,"href":"https:\/\/diariodominicano.com\/index.php?rest_route=\/wp\/v2\/users\/3"}],"replies":[{"embeddable":true,"href":"https:\/\/diariodominicano.com\/index.php?rest_route=%2Fwp%2Fv2%2Fcomments&post=190936"}],"version-history":[{"count":0,"href":"https:\/\/diariodominicano.com\/index.php?rest_route=\/wp\/v2\/posts\/190936\/revisions"}],"wp:attachment":[{"href":"https:\/\/diariodominicano.com\/index.php?rest_route=%2Fwp%2Fv2%2Fmedia&parent=190936"}],"wp:term":[{"taxonomy":"category","embeddable":true,"href":"https:\/\/diariodominicano.com\/index.php?rest_route=%2Fwp%2Fv2%2Fcategories&post=190936"},{"taxonomy":"post_tag","embeddable":true,"href":"https:\/\/diariodominicano.com\/index.php?rest_route=%2Fwp%2Fv2%2Ftags&post=190936"}],"curies":[{"name":"wp","href":"https:\/\/api.w.org\/{rel}","templated":true}]}}