{"id":190930,"date":"2008-04-10T16:51:12","date_gmt":"2008-04-10T16:51:12","guid":{"rendered":"http:\/\/diariodominicano.ddns.net\/?p=190930"},"modified":"2008-04-10T16:51:12","modified_gmt":"2008-04-10T16:51:12","slug":"cesar-pina-toribio-leonel-es-el-principal-activo-politico-del-pais-y-por-eso-ganara-con-mas-de-un-60","status":"publish","type":"post","link":"https:\/\/diariodominicano.com\/?p=190930","title":{"rendered":"Cesar Pina Toribio: Leonel es el principal activo pol\u00edtico del pa\u00eds y por eso ganar\u00e1 con m\u00e1s de un 60%"},"content":{"rendered":"<p><body><\/p>\n<p align=\"justify\" class=\"titulogrande1\"><strong>Cesar Pina Toribio: Leonel  es el principal activo pol\u00edtico del pa\u00eds y por eso ganar\u00e1 con m\u00e1s de un 60%<\/strong><\/p>\n<p>&#13;<\/p>\n<p align=\"justify\" class=\"text1noticias\"><strong><img loading=\"lazy\" decoding=\"async\" src=\"http:\/\/localhost:8080\/img\/cesarpina.jpg\" width=\"375\" height=\"287\" hspace=\"4\" align=\"left\" \/>Santo Domingo.- <\/strong>El doctor  Leonel Fern\u00e1ndez ganar\u00e1 las elecciones del 16 con m\u00e1s del 60% de los votos\u00a0 y en la primera vuelta, gracias a su  capacidad y\u00a0 liderazgo \u00fanico en Rep\u00fablica  Dominicana, manifest\u00f3 el doctor C\u00e9sar Pina Toribio.<\/p>\n<p>&#13;<\/p>\n<p align=\"justify\" class=\"text1noticias\">El delegado del partido  de la Liberaci\u00f3n Dominicana  (PLD) ante\u00a0 la Junta Central Electoral dijo  que entre los tantos factores que inciden en el crecimiento de la popularidad  de Fern\u00e1ndez est\u00e1 su personalidad como pol\u00edtico ecu\u00e1nime y estadista de amplia  visi\u00f3n de la realidad. \u201cPor eso la mayor\u00eda de los dominicanos se inclinar\u00e1n a  votar a su favor, que es a la vez hacerlo por la naci\u00f3n\u201d, agreg\u00f3.<\/p>\n<p>&#13;<\/p>\n<p align=\"justify\" class=\"text1noticias\">Sostuvo que en el  candidato presidencial del PLD y del Bloque Progresista est\u00e1n descifradas las  esperanzas del pa\u00eds de caminar hacia el progreso de la mano de un Presidente  comprometido con el desarrollo y dispuesto a enfrentar todas las dificultades  de la naci\u00f3n con una postura coherente y una visi\u00f3n de futuro.<\/p>\n<p>&#13;<\/p>\n<p align=\"justify\" class=\"text1noticias\">Destac\u00f3 que ante la  falta de liderazgo en las dem\u00e1s organizaciones pol\u00edticas y la ausencia de  respuestas concretas de sus candidatos, dirigentes y simpatizantes de la  oposici\u00f3n han reconocido la vocaci\u00f3n de servicio p\u00fablico de Fern\u00e1ndez y la  confianza que inspira, y se han unido al grupo masivo de dominicanos que  prefieren la estabilidad y el bienestar frente al caos y el retroceso.<\/p>\n<p>&#13;<\/p>\n<p align=\"justify\" class=\"text1noticias\">Reconoci\u00f3 que las  virtudes de Leonel Fern\u00e1ndez, que lo han colocado en la preferencia electoral  como el virtual ganador de mayo, se remiten a los principios de que le dieron  origen al PLD, y que responden a las ense\u00f1anzas de su extinto l\u00edder, el profesor  Juan Bosch.<\/p>\n<p>&#13;<\/p>\n<p align=\"justify\" class=\"text1noticias\">Entrevistado en el  programa Diario de la Ma\u00f1ana,  del canal 27 (RNN), Pina Toribio precis\u00f3 que Fern\u00e1ndez, como el gran activo  pol\u00edtico del momento, representa la concretizaci\u00f3n de un proyecto de naci\u00f3n,  enmarcado en la continuidad del progreso, la estabilidad, la confianza y el  bienestar de todos.<\/p>\n<p>&#13;<\/p>\n<h6> 2008-04-10 16:51:12 <\/h6>\n<p><!--\n<link rel=\"stylesheet\" href=\"css\/bootstrap.min.css\">\n\n\n<ul class=\"pagination\">\n\t    \n\t\n\n<li >\n\t<a href='?page_no=33677'>Previous<\/a>\n\t<\/li>\n\n\n       \n    \n\n<li><a href='?page_no=1'>1<\/a><\/li>\n\n\n\n<li><a href='?page_no=2'>2<\/a><\/li>\n\n\n\n<li><a>...<\/a><\/li>\n\n\n\n<li><a href='?page_no=33676'>33676<\/a><\/li>\n\n\n\n<li><a href='?page_no=33677'>33677<\/a><\/li>\n\n\n\n<li class='active'><a>33678<\/a><\/li>\n\n\n\n<li><a href='?page_no=33679'>33679<\/a><\/li>\n\n\n\n<li><a href='?page_no=33680'>33680<\/a><\/li>\n\n\n\n<li><a>...<\/a><\/li>\n\n\n\n<li><a href='?page_no=36999'>36999<\/a><\/li>\n\n\n\n<li><a href='?page_no=37000'>37000<\/a><\/li>\n\n    \n\t\n\n<li >\n\t<a href='?page_no=33679'>Next<\/a>\n\t<\/li>\n\n\n    \n\n<li><a href='?page_no=37000'>Last &rsaquo;&rsaquo;<\/a><\/li>\n\n<\/ul>\n\n\n--><br \/>\n<\/body><\/p>\n","protected":false},"excerpt":{"rendered":"<p>Cesar Pina Toribio: Leonel es el principal activo pol\u00edtico del pa\u00eds y por eso ganar\u00e1 con m\u00e1s de un 60% &#13; Santo Domingo.- El doctor Leonel Fern\u00e1ndez ganar\u00e1 las elecciones del 16 con m\u00e1s del 60% de los votos\u00a0 y en la primera vuelta, gracias a su capacidad y\u00a0 liderazgo \u00fanico en Rep\u00fablica Dominicana, manifest\u00f3 [&hellip;]<\/p>\n","protected":false},"author":3,"featured_media":0,"comment_status":"open","ping_status":"open","sticky":false,"template":"","format":"standard","meta":{"footnotes":""},"categories":[22],"tags":[],"class_list":["post-190930","post","type-post","status-publish","format-standard","hentry","category-politica"],"_links":{"self":[{"href":"https:\/\/diariodominicano.com\/index.php?rest_route=\/wp\/v2\/posts\/190930","targetHints":{"allow":["GET"]}}],"collection":[{"href":"https:\/\/diariodominicano.com\/index.php?rest_route=\/wp\/v2\/posts"}],"about":[{"href":"https:\/\/diariodominicano.com\/index.php?rest_route=\/wp\/v2\/types\/post"}],"author":[{"embeddable":true,"href":"https:\/\/diariodominicano.com\/index.php?rest_route=\/wp\/v2\/users\/3"}],"replies":[{"embeddable":true,"href":"https:\/\/diariodominicano.com\/index.php?rest_route=%2Fwp%2Fv2%2Fcomments&post=190930"}],"version-history":[{"count":0,"href":"https:\/\/diariodominicano.com\/index.php?rest_route=\/wp\/v2\/posts\/190930\/revisions"}],"wp:attachment":[{"href":"https:\/\/diariodominicano.com\/index.php?rest_route=%2Fwp%2Fv2%2Fmedia&parent=190930"}],"wp:term":[{"taxonomy":"category","embeddable":true,"href":"https:\/\/diariodominicano.com\/index.php?rest_route=%2Fwp%2Fv2%2Fcategories&post=190930"},{"taxonomy":"post_tag","embeddable":true,"href":"https:\/\/diariodominicano.com\/index.php?rest_route=%2Fwp%2Fv2%2Ftags&post=190930"}],"curies":[{"name":"wp","href":"https:\/\/api.w.org\/{rel}","templated":true}]}}