{"id":190929,"date":"2008-04-10T19:28:48","date_gmt":"2008-04-10T19:28:48","guid":{"rendered":"http:\/\/diariodominicano.ddns.net\/?p=190929"},"modified":"2008-04-10T19:28:48","modified_gmt":"2008-04-10T19:28:48","slug":"amable-dice-leonel-insulta-al-pueblo-solicita-a-medios-no-comprometer-credibilidad-con-encuestas","status":"publish","type":"post","link":"https:\/\/diariodominicano.com\/?p=190929","title":{"rendered":"Amable dice: Leonel insulta al pueblo; Solicita a medios no comprometer credibilidad con encuestas"},"content":{"rendered":"<p><body><\/p>\n<p align=\"justify\" class=\"titulogrande1\"><strong>Amable dice: Leonel insulta  al pueblo<\/strong>; <strong>Solicita  a medios no comprometer credibilidad con encuestas<\/strong><\/p>\n<p>&#13;<\/p>\n<p align=\"justify\" class=\"text1noticias\"><strong><img loading=\"lazy\" decoding=\"async\" src=\"http:\/\/localhost:8080\/img\/amable canal.jpg\" width=\"375\" height=\"249\" hspace=\"4\" align=\"left\" \/>Santo Domingo.-<\/strong> El candido  presidencial reformista Lic. Amable Aristy Castro consider\u00f3 hoy, que el Dr.  Leonel Fern\u00e1ndez insult\u00f3 a todo el pueblo dominicano al justificar ante la Asociaci\u00f3n Nacional  de J\u00f3venes Empresarios (ANJE) su negativa en participar en el tradicional  debate que organiza esa entidad con los dem\u00e1s candidatos presidenciales por  entender que en el pa\u00eds no existe una \u00e9lite \u00a0pensante.<\/p>\n<p>&#13;<\/p>\n<p align=\"justify\" class=\"text1noticias\">\u201cLeonel no  solo insult\u00f3 a los j\u00f3venes empresarios quienes lo invitaron al debate, sino que  tambi\u00e9n insult\u00f3 y ofendi\u00f3 a catedr\u00e1ticos, profesores, estudiantes,  profesionales; insult\u00f3 a toda nuestra clase media y de manera especial a los  pobres al expresar que los dominicanos no piensan\u201d.<\/p>\n<p>&#13;<\/p>\n<p align=\"justify\" class=\"text1noticias\">Aristy Castro,  agreg\u00f3 que esta expresi\u00f3n de Fern\u00e1ndez resulta coincidente con la del Profesor  Juan Bosch que en una ocasi\u00f3n proclamara <strong>que  el mal com\u00edo no piensa, <\/strong>misma que us\u00f3 el que fuera su m\u00e1s emblem\u00e1tico  Secretario General, Lidio Cadet.<\/p>\n<p>&#13;<\/p>\n<p align=\"justify\" class=\"text1noticias\"><strong>\u201c<\/strong>Como los  reeleccionistas del PLD tienen al  pueblo pasando hambre creen que solo ellos, los comesolos piensan\u2026 ellos est\u00e1n  acostumbrados a dividir el pa\u00eds en dos ya una vez lo dividieron entre  pelede\u00edstas y corruptos, ahora Leonel Fern\u00e1ndez lo acaba de dividir entre  pelede\u00edstas reeleccionistas pensantes y el resto que somos analfabetos o no  pensamos\u201d.<\/p>\n<p>&#13;<\/p>\n<p align=\"justify\" class=\"text1noticias\">En otro orden  el l\u00edder reformista considero como una burla los planteamientos del primer  mandatario al expresar en las disertaciones que organiza el Grupo Corripio que  la prioridad de su gobierno ser\u00e1 educaci\u00f3n, salud y pobreza.<\/p>\n<p>&#13;<\/p>\n<p align=\"justify\" class=\"text1noticias\">\u201cLeonel no  puede pedirle 4 a\u00f1os mas al pueblo para trabajar por la educaci\u00f3n cuando en sus  2 periodos de gobierno ha destinado menos de la mitad de lo que le corresponde  al sector en violaci\u00f3n a la Ley General  de Educaci\u00f3n que asigna el 4 por ciento del PIB y en este a\u00f1o apenas se destina  un 1.8% que es el porcentaje mas bajo en inversi\u00f3n en Am\u00e9rica Latina, como  puede pedir 4 a\u00f1os para trabajar por la salud, cuando nuestros hospitales est\u00e1n  destartalados, sin ambulancias ni medicamentos, el Instituto Dominicano de  Seguro Social esta cerrado, los m\u00e9dicos ganando salarios de miseria y los  enfermos tienen que hacer recolecta para poder atender sus dolencias; como  puede pedir 4 a\u00f1os mas para combatir la pobreza, cuando su gobierno ha sido una  factor\u00eda de hacer impuestos y una fabrica de pobres\u201d.<\/p>\n<p>&#13;<\/p>\n<p align=\"justify\" class=\"text1noticias\">El candidato  reformista hizo un llamado tambi\u00e9n a los medios de comunicaci\u00f3n a no  comprometer su credibilidad con la publicaci\u00f3n de encuestas por entender que el  PLD y el PRD han convertido las encuestas en un verdadero relajo en que no se  traduce las preferencias del pueblo sino el deseo de ellos.<\/p>\n<p>&#13;<\/p>\n<p align=\"justify\" class=\"text1noticias\">\u201cLos medios de  comunicaci\u00f3n constituyen en una democracia pura\u00a0  una especie de cuarto poder\u00a0 o lo  que mas sano es que no afecten su credibilidad con la publicaci\u00f3n de encuestas  que ser\u00e1n desmentidas en las urnas\u2026. aqu\u00ed habr\u00e1 segunda vuelta y nosotros  estaremos en ella, Leonel Fern\u00e1ndez tiene apenas 42% y lo que esta subiendo es  el costo de la vida\u201d concluy\u00f3.<\/p>\n<p>&#13;<\/p>\n<h6> 2008-04-10 19:28:48 <\/h6>\n<p><!--\n<link rel=\"stylesheet\" href=\"css\/bootstrap.min.css\">\n\n\n<ul class=\"pagination\">\n\t    \n\t\n\n<li >\n\t<a href='?page_no=33676'>Previous<\/a>\n\t<\/li>\n\n\n       \n    \n\n<li><a href='?page_no=1'>1<\/a><\/li>\n\n\n\n<li><a href='?page_no=2'>2<\/a><\/li>\n\n\n\n<li><a>...<\/a><\/li>\n\n\n\n<li><a href='?page_no=33675'>33675<\/a><\/li>\n\n\n\n<li><a href='?page_no=33676'>33676<\/a><\/li>\n\n\n\n<li class='active'><a>33677<\/a><\/li>\n\n\n\n<li><a href='?page_no=33678'>33678<\/a><\/li>\n\n\n\n<li><a href='?page_no=33679'>33679<\/a><\/li>\n\n\n\n<li><a>...<\/a><\/li>\n\n\n\n<li><a href='?page_no=36999'>36999<\/a><\/li>\n\n\n\n<li><a href='?page_no=37000'>37000<\/a><\/li>\n\n    \n\t\n\n<li >\n\t<a href='?page_no=33678'>Next<\/a>\n\t<\/li>\n\n\n    \n\n<li><a href='?page_no=37000'>Last &rsaquo;&rsaquo;<\/a><\/li>\n\n<\/ul>\n\n\n--><br \/>\n<\/body><\/p>\n","protected":false},"excerpt":{"rendered":"<p>Amable dice: Leonel insulta al pueblo; Solicita a medios no comprometer credibilidad con encuestas &#13; Santo Domingo.- El candido presidencial reformista Lic. Amable Aristy Castro consider\u00f3 hoy, que el Dr. Leonel Fern\u00e1ndez insult\u00f3 a todo el pueblo dominicano al justificar ante la Asociaci\u00f3n Nacional de J\u00f3venes Empresarios (ANJE) su negativa en participar en el tradicional [&hellip;]<\/p>\n","protected":false},"author":3,"featured_media":0,"comment_status":"open","ping_status":"open","sticky":false,"template":"","format":"standard","meta":{"footnotes":""},"categories":[22],"tags":[],"class_list":["post-190929","post","type-post","status-publish","format-standard","hentry","category-politica"],"_links":{"self":[{"href":"https:\/\/diariodominicano.com\/index.php?rest_route=\/wp\/v2\/posts\/190929","targetHints":{"allow":["GET"]}}],"collection":[{"href":"https:\/\/diariodominicano.com\/index.php?rest_route=\/wp\/v2\/posts"}],"about":[{"href":"https:\/\/diariodominicano.com\/index.php?rest_route=\/wp\/v2\/types\/post"}],"author":[{"embeddable":true,"href":"https:\/\/diariodominicano.com\/index.php?rest_route=\/wp\/v2\/users\/3"}],"replies":[{"embeddable":true,"href":"https:\/\/diariodominicano.com\/index.php?rest_route=%2Fwp%2Fv2%2Fcomments&post=190929"}],"version-history":[{"count":0,"href":"https:\/\/diariodominicano.com\/index.php?rest_route=\/wp\/v2\/posts\/190929\/revisions"}],"wp:attachment":[{"href":"https:\/\/diariodominicano.com\/index.php?rest_route=%2Fwp%2Fv2%2Fmedia&parent=190929"}],"wp:term":[{"taxonomy":"category","embeddable":true,"href":"https:\/\/diariodominicano.com\/index.php?rest_route=%2Fwp%2Fv2%2Fcategories&post=190929"},{"taxonomy":"post_tag","embeddable":true,"href":"https:\/\/diariodominicano.com\/index.php?rest_route=%2Fwp%2Fv2%2Ftags&post=190929"}],"curies":[{"name":"wp","href":"https:\/\/api.w.org\/{rel}","templated":true}]}}