{"id":190923,"date":"2008-04-10T22:35:28","date_gmt":"2008-04-10T22:35:28","guid":{"rendered":"http:\/\/diariodominicano.ddns.net\/?p=190923"},"modified":"2008-04-10T22:35:28","modified_gmt":"2008-04-10T22:35:28","slug":"entregan-autobus-a-estudiantes-de-palenque","status":"publish","type":"post","link":"https:\/\/diariodominicano.com\/?p=190923","title":{"rendered":"Entregan autob\u00fas a estudiantes de Palenque"},"content":{"rendered":"<p><body><\/p>\n<p class=\"titulogrande1\">Entregan autob\u00fas  a estudiantes de Palenque<\/p>\n<p>&#13;<\/p>\n<p align=\"justify\" class=\"text1noticias\"><strong><img loading=\"lazy\" decoding=\"async\" src=\"http:\/\/localhost:8080\/img\/montas autobus.jpg\" width=\"375\" height=\"246\" hspace=\"4\" align=\"left\" \/>SAN CRIST\u00d3BAL.-<\/strong>  Un autob\u00fas fue entregado por el ayuntamiento de San Crist\u00f3bal a la Asociaci\u00f3n de  Estudiantes Universitarios de Palenque.<\/p>\n<p>&#13;<\/p>\n<p align=\"justify\" class=\"text1noticias\">La entrega fue  hecha por el s\u00edndico de San Crist\u00f3bal, periodista Jos\u00e9 Mont\u00e1s.<\/p>\n<p>&#13;<\/p>\n<p align=\"justify\" class=\"text1noticias\">El autob\u00fas fue  recibido por el presidente de la   Asociaci\u00f3n de Estudiantes de San Crist\u00f3bal (ASEUSANCRIS),  Teddy de los Santos.<\/p>\n<p>&#13;<\/p>\n<p align=\"justify\" class=\"text1noticias\">Este es el tercer  autob\u00fas que entrega el cabildo a los estudiantes en menos de un mes.<\/p>\n<p>&#13;<\/p>\n<p align=\"justify\" class=\"text1noticias\">Asimismo el  Ejecutivo Municipal entreg\u00f3 un cheque por RD$62,000 a la ASEUSANCRIS.<\/p>\n<p>&#13;<\/p>\n<p align=\"justify\" class=\"text1noticias\">Todos los meses  el ayuntamiento entrega una partida de dinero a los estudiantes universitarios  de San Crist\u00f3bal para que cumplan con compromisos que tienen.<\/p>\n<p>&#13;<\/p>\n<p align=\"justify\" class=\"text1noticias\">En el acto de  entrega el s\u00edndico inst\u00f3 a los bachilleres a estudiar, para que un futuro sean  profesionales y sirvan al pa\u00eds.<\/p>\n<p>&#13;<\/p>\n<p align=\"justify\" class=\"text1noticias\">En la actividad  el s\u00edndico estuvo acompa\u00f1ado del secretario general del cabildo, Jos\u00e9 napole\u00f3n  Dom\u00ednguez Arias.<\/p>\n<p>&#13;<\/p>\n<h6> 2008-04-10 22:35:28 <\/h6>\n<p><!--\n<link rel=\"stylesheet\" href=\"css\/bootstrap.min.css\">\n\n\n<ul class=\"pagination\">\n\t    \n\t\n\n<li >\n\t<a href='?page_no=33670'>Previous<\/a>\n\t<\/li>\n\n\n       \n    \n\n<li><a href='?page_no=1'>1<\/a><\/li>\n\n\n\n<li><a href='?page_no=2'>2<\/a><\/li>\n\n\n\n<li><a>...<\/a><\/li>\n\n\n\n<li><a href='?page_no=33669'>33669<\/a><\/li>\n\n\n\n<li><a href='?page_no=33670'>33670<\/a><\/li>\n\n\n\n<li class='active'><a>33671<\/a><\/li>\n\n\n\n<li><a href='?page_no=33672'>33672<\/a><\/li>\n\n\n\n<li><a href='?page_no=33673'>33673<\/a><\/li>\n\n\n\n<li><a>...<\/a><\/li>\n\n\n\n<li><a href='?page_no=36999'>36999<\/a><\/li>\n\n\n\n<li><a href='?page_no=37000'>37000<\/a><\/li>\n\n    \n\t\n\n<li >\n\t<a href='?page_no=33672'>Next<\/a>\n\t<\/li>\n\n\n    \n\n<li><a href='?page_no=37000'>Last &rsaquo;&rsaquo;<\/a><\/li>\n\n<\/ul>\n\n\n--><br \/>\n<\/body><\/p>\n","protected":false},"excerpt":{"rendered":"<p>Entregan autob\u00fas a estudiantes de Palenque &#13; SAN CRIST\u00d3BAL.- Un autob\u00fas fue entregado por el ayuntamiento de San Crist\u00f3bal a la Asociaci\u00f3n de Estudiantes Universitarios de Palenque. &#13; La entrega fue hecha por el s\u00edndico de San Crist\u00f3bal, periodista Jos\u00e9 Mont\u00e1s. &#13; El autob\u00fas fue recibido por el presidente de la Asociaci\u00f3n de Estudiantes de [&hellip;]<\/p>\n","protected":false},"author":3,"featured_media":0,"comment_status":"open","ping_status":"open","sticky":false,"template":"","format":"standard","meta":{"footnotes":""},"categories":[22],"tags":[],"class_list":["post-190923","post","type-post","status-publish","format-standard","hentry","category-politica"],"_links":{"self":[{"href":"https:\/\/diariodominicano.com\/index.php?rest_route=\/wp\/v2\/posts\/190923","targetHints":{"allow":["GET"]}}],"collection":[{"href":"https:\/\/diariodominicano.com\/index.php?rest_route=\/wp\/v2\/posts"}],"about":[{"href":"https:\/\/diariodominicano.com\/index.php?rest_route=\/wp\/v2\/types\/post"}],"author":[{"embeddable":true,"href":"https:\/\/diariodominicano.com\/index.php?rest_route=\/wp\/v2\/users\/3"}],"replies":[{"embeddable":true,"href":"https:\/\/diariodominicano.com\/index.php?rest_route=%2Fwp%2Fv2%2Fcomments&post=190923"}],"version-history":[{"count":0,"href":"https:\/\/diariodominicano.com\/index.php?rest_route=\/wp\/v2\/posts\/190923\/revisions"}],"wp:attachment":[{"href":"https:\/\/diariodominicano.com\/index.php?rest_route=%2Fwp%2Fv2%2Fmedia&parent=190923"}],"wp:term":[{"taxonomy":"category","embeddable":true,"href":"https:\/\/diariodominicano.com\/index.php?rest_route=%2Fwp%2Fv2%2Fcategories&post=190923"},{"taxonomy":"post_tag","embeddable":true,"href":"https:\/\/diariodominicano.com\/index.php?rest_route=%2Fwp%2Fv2%2Ftags&post=190923"}],"curies":[{"name":"wp","href":"https:\/\/api.w.org\/{rel}","templated":true}]}}